{"id":1892,"date":"2018-09-27T13:44:57","date_gmt":"2018-09-27T11:44:57","guid":{"rendered":"http:\/\/agora.xtec.cat\/ceip-jrj\/?p=1892"},"modified":"2018-09-27T13:52:12","modified_gmt":"2018-09-27T11:52:12","slug":"xii-campionat-escolar-i-xi-cros-escolar-del-roser","status":"publish","type":"post","link":"https:\/\/agora.xtec.cat\/ceip-jrj\/general\/xii-campionat-escolar-i-xi-cros-escolar-del-roser\/","title":{"rendered":"XII CAMPIONAT ESCOLAR i XI CROS ESCOLAR DEL ROSER"},"content":{"rendered":"<p>El Martorell Atl\u00e8tic Club organitza el XII Campionat Local Escolar d&#8217;Atletisme i l&#8217;XI Cros Escolar el proper mes d&#8217;octubre. Aix\u00ed i,\u00a0com cada any, demanen la col\u00b7laboraci\u00f3 de la nostra escola en la difusi\u00f3 del Campionat Escolar d&#8217;atletisme entre l&#8217;alumnat, aix\u00ed com els animem a participar-hi.<\/p>\n<p>Per m\u00e9s informaci\u00f3, podeu consultar el web <a href=\"http:\/\/www.martorellatletic.cat\">www.martorellatletic.cat<\/a><\/p>\n<p><a href=\"http:\/\/agora.xtec.cat\/ceip-jrj\/wp-content\/uploads\/usu280\/2018\/09\/CARTELL2018-02.png\"><img loading=\"lazy\" decoding=\"async\" class=\"alignnone size-full wp-image-1903\" src=\"http:\/\/agora.xtec.cat\/ceip-jrj\/wp-content\/uploads\/usu280\/2018\/09\/CARTELL2018-02.png\" alt=\"\" width=\"900\" height=\"414\" srcset=\"https:\/\/agora.xtec.cat\/ceip-jrj\/wp-content\/uploads\/usu280\/2018\/09\/CARTELL2018-02.png 900w, https:\/\/agora.xtec.cat\/ceip-jrj\/wp-content\/uploads\/usu280\/2018\/09\/CARTELL2018-02-300x138.png 300w, https:\/\/agora.xtec.cat\/ceip-jrj\/wp-content\/uploads\/usu280\/2018\/09\/CARTELL2018-02-768x353.png 768w\" sizes=\"auto, (max-width: 900px) 100vw, 900px\" \/><\/a><\/p>\n","protected":false},"excerpt":{"rendered":"<p>El Martorell Atl\u00e8tic Club organitza el XII Campionat Local Escolar d&#8217;Atletisme i l&#8217;XI Cros Escolar el proper mes d&#8217;octubre. Aix\u00ed i,\u00a0com cada any, demanen la col\u00b7laboraci\u00f3 de la nostra escola en la difusi\u00f3 del Campionat Escolar d&#8217;atletisme entre l&#8217;alumnat, aix\u00ed com els animem a participar-hi.<br \/>\nPer&hellip;  <a href=\"https:\/\/agora.xtec.cat\/ceip-jrj\/general\/xii-campionat-escolar-i-xi-cros-escolar-del-roser\/\" title=\"Read XII CAMPIONAT ESCOLAR i XI CROS ESCOLAR DEL ROSER\">Llegeix m\u00e9s\u00bb<\/a><\/p>\n","protected":false},"author":1,"featured_media":1902,"comment_status":"closed","ping_status":"closed","sticky":false,"template":"","format":"standard","meta":{"_bbp_topic_count":0,"_bbp_reply_count":0,"_bbp_total_topic_count":0,"_bbp_total_reply_count":0,"_bbp_voice_count":0,"_bbp_anonymous_reply_count":0,"_bbp_topic_count_hidden":0,"_bbp_reply_count_hidden":0,"_bbp_forum_subforum_count":0,"footnotes":""},"categories":[1,4],"tags":[],"class_list":["post-1892","post","type-post","status-publish","format-standard","has-post-thumbnail","hentry","category-general","category-portada"],"post_mailing_queue_ids":[],"_links":{"self":[{"href":"https:\/\/agora.xtec.cat\/ceip-jrj\/wp-json\/wp\/v2\/posts\/1892","targetHints":{"allow":["GET"]}}],"collection":[{"href":"https:\/\/agora.xtec.cat\/ceip-jrj\/wp-json\/wp\/v2\/posts"}],"about":[{"href":"https:\/\/agora.xtec.cat\/ceip-jrj\/wp-json\/wp\/v2\/types\/post"}],"author":[{"embeddable":true,"href":"https:\/\/agora.xtec.cat\/ceip-jrj\/wp-json\/wp\/v2\/users\/1"}],"replies":[{"embeddable":true,"href":"https:\/\/agora.xtec.cat\/ceip-jrj\/wp-json\/wp\/v2\/comments?post=1892"}],"version-history":[{"count":1,"href":"https:\/\/agora.xtec.cat\/ceip-jrj\/wp-json\/wp\/v2\/posts\/1892\/revisions"}],"predecessor-version":[{"id":1904,"href":"https:\/\/agora.xtec.cat\/ceip-jrj\/wp-json\/wp\/v2\/posts\/1892\/revisions\/1904"}],"wp:featuredmedia":[{"embeddable":true,"href":"https:\/\/agora.xtec.cat\/ceip-jrj\/wp-json\/wp\/v2\/media\/1902"}],"wp:attachment":[{"href":"https:\/\/agora.xtec.cat\/ceip-jrj\/wp-json\/wp\/v2\/media?parent=1892"}],"wp:term":[{"taxonomy":"category","embeddable":true,"href":"https:\/\/agora.xtec.cat\/ceip-jrj\/wp-json\/wp\/v2\/categories?post=1892"},{"taxonomy":"post_tag","embeddable":true,"href":"https:\/\/agora.xtec.cat\/ceip-jrj\/wp-json\/wp\/v2\/tags?post=1892"}],"curies":[{"name":"wp","href":"https:\/\/api.w.org\/{rel}","templated":true}]}}