{"id":1811,"date":"2018-06-22T09:57:44","date_gmt":"2018-06-22T07:57:44","guid":{"rendered":"http:\/\/agora.xtec.cat\/ceip-jrj\/?p=1811"},"modified":"2018-07-27T12:43:40","modified_gmt":"2018-07-27T10:43:40","slug":"delegats-i-delegades-de-la-nostra-escola","status":"publish","type":"post","link":"https:\/\/agora.xtec.cat\/ceip-jrj\/general\/delegats-i-delegades-de-la-nostra-escola\/","title":{"rendered":"DELEGATS I DELEGADES DE LA NOSTRA ESCOLA"},"content":{"rendered":"<div style=\"text-align: justify;\">El passat dilluns 14 de maig vam tenir l&#8217;\u00faltima reuni\u00f3 de delegats i delegades de l&#8217;escola. Durant tot el curs s&#8217;han pres decisions al voltant de l&#8217;objectiu del Pla Anual relacionat amb el bon tracte, la Lliga de futbol, les normes de conviv\u00e8ncia, el consum de llet o el tema transversal de l&#8217;any vinent; que, per cert, va sortir escollit &#8220;La tecnologia i els videojocs&#8221;, despr\u00e9s d&#8217;una votaci\u00f3 molt ajustada amb d&#8217;altres temes de m\u00e0xim inter\u00e8s per l&#8217;alumnat.<\/div>\n<div style=\"text-align: justify;\"><\/div>\n<div style=\"text-align: justify;\">En acabar l&#8217;\u00faltima reuni\u00f3 es va atorgar a l&#8217;alumnat un &#8220;Certificat de Delegat&#8221; en reconeixement a la seva participaci\u00f3 i implicaci\u00f3.<\/div>\n<div style=\"text-align: justify;\"><\/div>\n<div style=\"text-align: justify;\">Moltes gr\u00e0cies a tots els delegats d&#8217;enguany&#8230;<\/div>\n<div style=\"text-align: justify;\"><\/div>\n<div style=\"text-align: justify;\">Roger Navarro (1rA), Aniol Garrido (1rB), Xavi Carre\u00f1o (2nA), D\u00eddac Castro (2nB), Pablo Mart\u00ednez (3rA), Yun Rodr\u00edguez (3rB), Pol Rodr\u00edguez (4tA), Ainoha Pimienta (4tB), Ariadna Catal\u00e1n (5\u00e8A), Joel M\u00e9ndez (5\u00e8B), Aleix Castro (6\u00e8A), Nil Cots (6\u00e8B)<\/div>\n<div style=\"text-align: justify;\"><\/div>\n<div style=\"text-align: justify;\">\u00a0&#8230;per la seva tasca tan ben duta a terme!<\/div>\n<div style=\"text-align: justify;\"><\/div>\n<div style=\"text-align: justify;\"><a href=\"http:\/\/agora.xtec.cat\/ceip-jrj\/wp-content\/uploads\/usu280\/2018\/05\/2.jpg\"><img loading=\"lazy\" decoding=\"async\" class=\"alignnone size-large wp-image-1812\" src=\"http:\/\/agora.xtec.cat\/ceip-jrj\/wp-content\/uploads\/usu280\/2018\/05\/2-1024x768.jpg\" alt=\"\" width=\"1024\" height=\"768\" srcset=\"https:\/\/agora.xtec.cat\/ceip-jrj\/wp-content\/uploads\/usu280\/2018\/05\/2.jpg 1024w, https:\/\/agora.xtec.cat\/ceip-jrj\/wp-content\/uploads\/usu280\/2018\/05\/2-300x225.jpg 300w, https:\/\/agora.xtec.cat\/ceip-jrj\/wp-content\/uploads\/usu280\/2018\/05\/2-768x576.jpg 768w, https:\/\/agora.xtec.cat\/ceip-jrj\/wp-content\/uploads\/usu280\/2018\/05\/2-200x150.jpg 200w\" sizes=\"auto, (max-width: 1024px) 100vw, 1024px\" \/><\/a><\/div>\n","protected":false},"excerpt":{"rendered":"<p>El passat dilluns 14 de maig vam tenir l&#8217;\u00faltima reuni\u00f3 de delegats i delegades de l&#8217;escola. Durant tot el curs s&#8217;han pres decisions al voltant de l&#8217;objectiu del Pla Anual relacionat amb el bon tracte, la Lliga de futbol, les normes de conviv\u00e8ncia, el consum&hellip;  <a href=\"https:\/\/agora.xtec.cat\/ceip-jrj\/general\/delegats-i-delegades-de-la-nostra-escola\/\" title=\"Read DELEGATS I DELEGADES DE LA NOSTRA ESCOLA\">Llegeix m\u00e9s\u00bb<\/a><\/p>\n","protected":false},"author":1,"featured_media":1812,"comment_status":"closed","ping_status":"closed","sticky":false,"template":"","format":"standard","meta":{"_bbp_topic_count":0,"_bbp_reply_count":0,"_bbp_total_topic_count":0,"_bbp_total_reply_count":0,"_bbp_voice_count":0,"_bbp_anonymous_reply_count":0,"_bbp_topic_count_hidden":0,"_bbp_reply_count_hidden":0,"_bbp_forum_subforum_count":0,"footnotes":""},"categories":[1,4],"tags":[],"class_list":["post-1811","post","type-post","status-publish","format-standard","has-post-thumbnail","hentry","category-general","category-portada"],"post_mailing_queue_ids":[],"_links":{"self":[{"href":"https:\/\/agora.xtec.cat\/ceip-jrj\/wp-json\/wp\/v2\/posts\/1811","targetHints":{"allow":["GET"]}}],"collection":[{"href":"https:\/\/agora.xtec.cat\/ceip-jrj\/wp-json\/wp\/v2\/posts"}],"about":[{"href":"https:\/\/agora.xtec.cat\/ceip-jrj\/wp-json\/wp\/v2\/types\/post"}],"author":[{"embeddable":true,"href":"https:\/\/agora.xtec.cat\/ceip-jrj\/wp-json\/wp\/v2\/users\/1"}],"replies":[{"embeddable":true,"href":"https:\/\/agora.xtec.cat\/ceip-jrj\/wp-json\/wp\/v2\/comments?post=1811"}],"version-history":[{"count":1,"href":"https:\/\/agora.xtec.cat\/ceip-jrj\/wp-json\/wp\/v2\/posts\/1811\/revisions"}],"predecessor-version":[{"id":1813,"href":"https:\/\/agora.xtec.cat\/ceip-jrj\/wp-json\/wp\/v2\/posts\/1811\/revisions\/1813"}],"wp:featuredmedia":[{"embeddable":true,"href":"https:\/\/agora.xtec.cat\/ceip-jrj\/wp-json\/wp\/v2\/media\/1812"}],"wp:attachment":[{"href":"https:\/\/agora.xtec.cat\/ceip-jrj\/wp-json\/wp\/v2\/media?parent=1811"}],"wp:term":[{"taxonomy":"category","embeddable":true,"href":"https:\/\/agora.xtec.cat\/ceip-jrj\/wp-json\/wp\/v2\/categories?post=1811"},{"taxonomy":"post_tag","embeddable":true,"href":"https:\/\/agora.xtec.cat\/ceip-jrj\/wp-json\/wp\/v2\/tags?post=1811"}],"curies":[{"name":"wp","href":"https:\/\/api.w.org\/{rel}","templated":true}]}}