{"id":1769,"date":"2018-04-25T12:29:58","date_gmt":"2018-04-25T10:29:58","guid":{"rendered":"http:\/\/agora.xtec.cat\/ceip-jrj\/?p=1769"},"modified":"2018-04-25T13:48:27","modified_gmt":"2018-04-25T11:48:27","slug":"ajuts-menjador-2018-19","status":"publish","type":"post","link":"https:\/\/agora.xtec.cat\/ceip-jrj\/general\/ajuts-menjador-2018-19\/","title":{"rendered":"AJUTS MENJADOR 2018-19"},"content":{"rendered":"<p class=\"m_-7832600645895098745gmail-MsoHeader\" style=\"text-align: justify;\"><span lang=\"CA\">Obert el per\u00edode d\u2019entrega de sol\u00b7licituds per a ajuts de menjador escolar del Consell Comarcal per al proper curs.<\/span><\/p>\n<p class=\"m_-7832600645895098745gmail-MsoHeader\" style=\"text-align: justify;\"><u><span lang=\"CA\">El pla\u00e7 d\u2019entrega \u00e9s fins el 7 de maig.<\/span><\/u><span lang=\"CA\"> L<\/span><span lang=\"CA\">es sol\u00b7licituds i la documentaci\u00f3 s\u2019han de lliurar a la secretaria del centre.\u00a0<\/span>A la mateixa secretaria trobaran els models de sol\u00b7licitud i bases de la\u00a0convocat\u00f2ria.<\/p>\n<p class=\"m_-7832600645895098745gmail-MsoHeader\" style=\"text-align: justify;\">En aquests enlla\u00e7os teniu m\u00e9s informaci\u00f3 i us podeu descarregar els models.<\/p>\n<div>\n<ul>\n<li><strong>Families de nova matricula<\/strong>\u00a0:\u00a0<a href=\"http:\/\/www.elbaixllobregat.cat\/sites\/default\/files\/SOL.LICITUD_0.pdf\" target=\"_blank\" rel=\"noopener noreferrer\" data-saferedirecturl=\"https:\/\/www.google.com\/url?hl=ca&amp;q=http:\/\/www.elbaixllobregat.cat\/sites\/default\/files\/SOL.LICITUD_0.pdf&amp;source=gmail&amp;ust=1524740511920000&amp;usg=AFQjCNE7Vrzfocon1euu21x76C0PJG42yg\">http:\/\/www.elbaixllobregat.c<wbr \/>at\/sites\/default\/files\/SOL.LIC<wbr \/>ITUD_0.pdf<\/a><\/li>\n<\/ul>\n<\/div>\n<div><\/div>\n<div>\n<ul>\n<li><strong>Families que han sol\u00b7licitat un ajut al curs 2017-2018 i no ha canviat les seves dades familiars<\/strong>:\u00a0<a href=\"https:\/\/www.pigaim.cat\/solicituds.php\" target=\"_blank\" rel=\"noopener noreferrer\" data-saferedirecturl=\"https:\/\/www.google.com\/url?hl=ca&amp;q=https:\/\/www.pigaim.cat\/solicituds.php&amp;source=gmail&amp;ust=1524740511920000&amp;usg=AFQjCNG1Bt5l6o8uou4OkfJWZpmsHBxOzA\">https:\/\/www.pigaim.<wbr \/>cat\/solicituds.php<\/a><\/li>\n<\/ul>\n<\/div>\n<div><\/div>\n<div>Per descarregar aquesta sol\u00b7licitud es demana NIF\/NIE del sol\u00b7licitant que es el pare, mare o tutor legal que va presentar la sol\u00b7licitud i el n\u00famero de identificaci\u00f3 de l&#8217;alumne (IDALU)<\/div>\n","protected":false},"excerpt":{"rendered":"<p>Obert el per\u00edode d\u2019entrega de sol\u00b7licituds per a ajuts de menjador escolar del Consell Comarcal per al proper curs.<br \/>\nEl pla\u00e7 d\u2019entrega \u00e9s fins el 7 de maig. Les sol\u00b7licituds i la documentaci\u00f3 s\u2019han de lliurar a la secretaria del centre.\u00a0A la mateixa secretaria trobaran els&hellip;  <a href=\"https:\/\/agora.xtec.cat\/ceip-jrj\/general\/ajuts-menjador-2018-19\/\" title=\"Read AJUTS MENJADOR 2018-19\">Llegeix m\u00e9s\u00bb<\/a><\/p>\n","protected":false},"author":1,"featured_media":1773,"comment_status":"closed","ping_status":"closed","sticky":false,"template":"","format":"standard","meta":{"_bbp_topic_count":0,"_bbp_reply_count":0,"_bbp_total_topic_count":0,"_bbp_total_reply_count":0,"_bbp_voice_count":0,"_bbp_anonymous_reply_count":0,"_bbp_topic_count_hidden":0,"_bbp_reply_count_hidden":0,"_bbp_forum_subforum_count":0,"footnotes":""},"categories":[1,4],"tags":[],"class_list":["post-1769","post","type-post","status-publish","format-standard","has-post-thumbnail","hentry","category-general","category-portada"],"post_mailing_queue_ids":[],"_links":{"self":[{"href":"https:\/\/agora.xtec.cat\/ceip-jrj\/wp-json\/wp\/v2\/posts\/1769","targetHints":{"allow":["GET"]}}],"collection":[{"href":"https:\/\/agora.xtec.cat\/ceip-jrj\/wp-json\/wp\/v2\/posts"}],"about":[{"href":"https:\/\/agora.xtec.cat\/ceip-jrj\/wp-json\/wp\/v2\/types\/post"}],"author":[{"embeddable":true,"href":"https:\/\/agora.xtec.cat\/ceip-jrj\/wp-json\/wp\/v2\/users\/1"}],"replies":[{"embeddable":true,"href":"https:\/\/agora.xtec.cat\/ceip-jrj\/wp-json\/wp\/v2\/comments?post=1769"}],"version-history":[{"count":2,"href":"https:\/\/agora.xtec.cat\/ceip-jrj\/wp-json\/wp\/v2\/posts\/1769\/revisions"}],"predecessor-version":[{"id":1776,"href":"https:\/\/agora.xtec.cat\/ceip-jrj\/wp-json\/wp\/v2\/posts\/1769\/revisions\/1776"}],"wp:featuredmedia":[{"embeddable":true,"href":"https:\/\/agora.xtec.cat\/ceip-jrj\/wp-json\/wp\/v2\/media\/1773"}],"wp:attachment":[{"href":"https:\/\/agora.xtec.cat\/ceip-jrj\/wp-json\/wp\/v2\/media?parent=1769"}],"wp:term":[{"taxonomy":"category","embeddable":true,"href":"https:\/\/agora.xtec.cat\/ceip-jrj\/wp-json\/wp\/v2\/categories?post=1769"},{"taxonomy":"post_tag","embeddable":true,"href":"https:\/\/agora.xtec.cat\/ceip-jrj\/wp-json\/wp\/v2\/tags?post=1769"}],"curies":[{"name":"wp","href":"https:\/\/api.w.org\/{rel}","templated":true}]}}