{"id":1737,"date":"2018-04-06T17:38:36","date_gmt":"2018-04-06T15:38:36","guid":{"rendered":"http:\/\/agora.xtec.cat\/ceip-jrj\/?p=1737"},"modified":"2018-04-06T17:38:52","modified_gmt":"2018-04-06T15:38:52","slug":"consum-de-llet-a-les-escoles","status":"publish","type":"post","link":"https:\/\/agora.xtec.cat\/ceip-jrj\/general\/consum-de-llet-a-les-escoles\/","title":{"rendered":"CONSUM DE LLET A LES ESCOLES"},"content":{"rendered":"<p style=\"text-align: justify;\">El Departament d\u2019Agricultura, Ramaderia, Pesca i Alimentaci\u00f3 (DARP) repartir\u00e0 llet, <strong>gratu\u00eftament<\/strong>, als alumnes de 3 a 12 anys de la nostra escola. Els alumnes que vulguin rebran <b>un got diari durant l\u2019esmorzar<\/b>.<\/p>\n<p style=\"text-align: justify;\">Aquesta acci\u00f3 forma part del programa europeu de distribuci\u00f3 de <b>\u00abLlet a les escoles\u00bb <\/b>que busca promoure el consum de llet i els seus derivats en les dietes dels alumnes durant l\u2019etapa de formaci\u00f3 dels seus h\u00e0bits alimentaris i est\u00e0 finan\u00e7ada pel Fons Europeu Agr\u00edcola de Garantia de la Uni\u00f3 Europea.<\/p>\n<p style=\"text-align: justify;\">El programa de <b>\u00abLlet a les escoles\u00bb<\/b> compta amb la col\u00b7laboraci\u00f3 dels Departaments d\u2019Ensenyament i de Salut.<\/p>\n<p style=\"text-align: justify;\"><a href=\"http:\/\/agora.xtec.cat\/ceip-jrj\/wp-content\/uploads\/usu280\/2018\/04\/4.jpg\"><img loading=\"lazy\" decoding=\"async\" class=\"alignnone size-large wp-image-1738\" src=\"http:\/\/agora.xtec.cat\/ceip-jrj\/wp-content\/uploads\/usu280\/2018\/04\/4-1024x768.jpg\" alt=\"\" width=\"1024\" height=\"768\" srcset=\"https:\/\/agora.xtec.cat\/ceip-jrj\/wp-content\/uploads\/usu280\/2018\/04\/4.jpg 1024w, https:\/\/agora.xtec.cat\/ceip-jrj\/wp-content\/uploads\/usu280\/2018\/04\/4-300x225.jpg 300w, https:\/\/agora.xtec.cat\/ceip-jrj\/wp-content\/uploads\/usu280\/2018\/04\/4-768x576.jpg 768w, https:\/\/agora.xtec.cat\/ceip-jrj\/wp-content\/uploads\/usu280\/2018\/04\/4-200x150.jpg 200w\" sizes=\"auto, (max-width: 1024px) 100vw, 1024px\" \/><\/a> <a href=\"http:\/\/agora.xtec.cat\/ceip-jrj\/wp-content\/uploads\/usu280\/2018\/04\/3.jpg\"><img loading=\"lazy\" decoding=\"async\" class=\"alignnone size-large wp-image-1739\" src=\"http:\/\/agora.xtec.cat\/ceip-jrj\/wp-content\/uploads\/usu280\/2018\/04\/3-1024x768.jpg\" alt=\"\" width=\"1024\" height=\"768\" srcset=\"https:\/\/agora.xtec.cat\/ceip-jrj\/wp-content\/uploads\/usu280\/2018\/04\/3.jpg 1024w, https:\/\/agora.xtec.cat\/ceip-jrj\/wp-content\/uploads\/usu280\/2018\/04\/3-300x225.jpg 300w, https:\/\/agora.xtec.cat\/ceip-jrj\/wp-content\/uploads\/usu280\/2018\/04\/3-768x576.jpg 768w, https:\/\/agora.xtec.cat\/ceip-jrj\/wp-content\/uploads\/usu280\/2018\/04\/3-200x150.jpg 200w\" sizes=\"auto, (max-width: 1024px) 100vw, 1024px\" \/><\/a><\/p>\n","protected":false},"excerpt":{"rendered":"<p>El Departament d\u2019Agricultura, Ramaderia, Pesca i Alimentaci\u00f3 (DARP) repartir\u00e0 llet, gratu\u00eftament, als alumnes de 3 a 12 anys de la nostra escola. Els alumnes que vulguin rebran un got diari durant l\u2019esmorzar.<br \/>\nAquesta acci\u00f3 forma part del programa europeu de distribuci\u00f3 de \u00abLlet a les escoles\u00bb&hellip;  <a href=\"https:\/\/agora.xtec.cat\/ceip-jrj\/general\/consum-de-llet-a-les-escoles\/\" title=\"Read CONSUM DE LLET A LES ESCOLES\">Llegeix m\u00e9s\u00bb<\/a><\/p>\n","protected":false},"author":1,"featured_media":1740,"comment_status":"closed","ping_status":"closed","sticky":false,"template":"","format":"standard","meta":{"_bbp_topic_count":0,"_bbp_reply_count":0,"_bbp_total_topic_count":0,"_bbp_total_reply_count":0,"_bbp_voice_count":0,"_bbp_anonymous_reply_count":0,"_bbp_topic_count_hidden":0,"_bbp_reply_count_hidden":0,"_bbp_forum_subforum_count":0,"footnotes":""},"categories":[1,4],"tags":[],"class_list":["post-1737","post","type-post","status-publish","format-standard","has-post-thumbnail","hentry","category-general","category-portada"],"post_mailing_queue_ids":[],"_links":{"self":[{"href":"https:\/\/agora.xtec.cat\/ceip-jrj\/wp-json\/wp\/v2\/posts\/1737","targetHints":{"allow":["GET"]}}],"collection":[{"href":"https:\/\/agora.xtec.cat\/ceip-jrj\/wp-json\/wp\/v2\/posts"}],"about":[{"href":"https:\/\/agora.xtec.cat\/ceip-jrj\/wp-json\/wp\/v2\/types\/post"}],"author":[{"embeddable":true,"href":"https:\/\/agora.xtec.cat\/ceip-jrj\/wp-json\/wp\/v2\/users\/1"}],"replies":[{"embeddable":true,"href":"https:\/\/agora.xtec.cat\/ceip-jrj\/wp-json\/wp\/v2\/comments?post=1737"}],"version-history":[{"count":1,"href":"https:\/\/agora.xtec.cat\/ceip-jrj\/wp-json\/wp\/v2\/posts\/1737\/revisions"}],"predecessor-version":[{"id":1741,"href":"https:\/\/agora.xtec.cat\/ceip-jrj\/wp-json\/wp\/v2\/posts\/1737\/revisions\/1741"}],"wp:featuredmedia":[{"embeddable":true,"href":"https:\/\/agora.xtec.cat\/ceip-jrj\/wp-json\/wp\/v2\/media\/1740"}],"wp:attachment":[{"href":"https:\/\/agora.xtec.cat\/ceip-jrj\/wp-json\/wp\/v2\/media?parent=1737"}],"wp:term":[{"taxonomy":"category","embeddable":true,"href":"https:\/\/agora.xtec.cat\/ceip-jrj\/wp-json\/wp\/v2\/categories?post=1737"},{"taxonomy":"post_tag","embeddable":true,"href":"https:\/\/agora.xtec.cat\/ceip-jrj\/wp-json\/wp\/v2\/tags?post=1737"}],"curies":[{"name":"wp","href":"https:\/\/api.w.org\/{rel}","templated":true}]}}