{"id":1731,"date":"2018-04-06T17:29:26","date_gmt":"2018-04-06T15:29:26","guid":{"rendered":"http:\/\/agora.xtec.cat\/ceip-jrj\/?p=1731"},"modified":"2018-04-07T09:38:43","modified_gmt":"2018-04-07T07:38:43","slug":"certamen-lectura-en-veu-alta","status":"publish","type":"post","link":"https:\/\/agora.xtec.cat\/ceip-jrj\/general\/certamen-lectura-en-veu-alta\/","title":{"rendered":"CERTAMEN LECTURA EN VEU ALTA"},"content":{"rendered":"<p style=\"text-align: justify;\">El dimecres 21 de mar\u00e7, alumnes del nostre centre van participar a l&#8217;Auditori del Mol\u00ed dels Frares de Sant Vicen\u00e7 dels Horts, als Quarts de Final del XIV Certamen de Lectura en Veu Alta.<\/p>\n<p style=\"text-align: justify;\">Aquest cop hi estaven convocats 25 centres de Prim\u00e0ria i Secund\u00e0ria dels municipis d&#8217; Abrera, Cervell\u00f3, Collbat\u00f3, El Prat de Llobregat, Esparreguera, Martorell, Molins de Rei, Olesa de Montserrat, Pallej\u00e0, Sant Esteve Sesrovires, Sant Vicen\u00e7 dels Horts i Torrelles de Llobregat.<\/p>\n<p style=\"text-align: justify;\">Des d&#8217;aqu\u00ed volem felicitar a tots els participants, per\u00f2\u00a0sobretot als nostres representats de 4t. i 6\u00e8. curs de Prim\u00e0ria, que tot i no passar a les semifinals, van realitzar una lectura excel\u00b7lent.<\/p>\n<p><a href=\"http:\/\/agora.xtec.cat\/ceip-jrj\/wp-content\/uploads\/usu280\/2018\/04\/2.jpg\"><img loading=\"lazy\" decoding=\"async\" class=\"alignnone size-large wp-image-1732\" src=\"http:\/\/agora.xtec.cat\/ceip-jrj\/wp-content\/uploads\/usu280\/2018\/04\/2-1024x685.jpg\" alt=\"\" width=\"1024\" height=\"685\" srcset=\"https:\/\/agora.xtec.cat\/ceip-jrj\/wp-content\/uploads\/usu280\/2018\/04\/2-1024x685.jpg 1024w, https:\/\/agora.xtec.cat\/ceip-jrj\/wp-content\/uploads\/usu280\/2018\/04\/2-300x201.jpg 300w, https:\/\/agora.xtec.cat\/ceip-jrj\/wp-content\/uploads\/usu280\/2018\/04\/2-768x514.jpg 768w\" sizes=\"auto, (max-width: 1024px) 100vw, 1024px\" \/><\/a> <a href=\"http:\/\/agora.xtec.cat\/ceip-jrj\/wp-content\/uploads\/usu280\/2018\/04\/1.jpg\"><img loading=\"lazy\" decoding=\"async\" class=\"alignnone size-large wp-image-1733\" src=\"http:\/\/agora.xtec.cat\/ceip-jrj\/wp-content\/uploads\/usu280\/2018\/04\/1-1024x685.jpg\" alt=\"\" width=\"1024\" height=\"685\" srcset=\"https:\/\/agora.xtec.cat\/ceip-jrj\/wp-content\/uploads\/usu280\/2018\/04\/1-1024x685.jpg 1024w, https:\/\/agora.xtec.cat\/ceip-jrj\/wp-content\/uploads\/usu280\/2018\/04\/1-300x201.jpg 300w, https:\/\/agora.xtec.cat\/ceip-jrj\/wp-content\/uploads\/usu280\/2018\/04\/1-768x514.jpg 768w\" sizes=\"auto, (max-width: 1024px) 100vw, 1024px\" \/><\/a><\/p>\n<p>&nbsp;<\/p>\n","protected":false},"excerpt":{"rendered":"<p>El dimecres 21 de mar\u00e7, alumnes del nostre centre van participar a l&#8217;Auditori del Mol\u00ed dels Frares de Sant Vicen\u00e7 dels Horts, als Quarts de Final del XIV Certamen de Lectura en Veu Alta.<br \/>\nAquest cop hi estaven convocats 25 centres de Prim\u00e0ria i Secund\u00e0ria dels&hellip;  <a href=\"https:\/\/agora.xtec.cat\/ceip-jrj\/general\/certamen-lectura-en-veu-alta\/\" title=\"Read CERTAMEN LECTURA EN VEU ALTA\">Llegeix m\u00e9s\u00bb<\/a><\/p>\n","protected":false},"author":1,"featured_media":1735,"comment_status":"closed","ping_status":"closed","sticky":false,"template":"","format":"standard","meta":{"_bbp_topic_count":0,"_bbp_reply_count":0,"_bbp_total_topic_count":0,"_bbp_total_reply_count":0,"_bbp_voice_count":0,"_bbp_anonymous_reply_count":0,"_bbp_topic_count_hidden":0,"_bbp_reply_count_hidden":0,"_bbp_forum_subforum_count":0,"footnotes":""},"categories":[1,4],"tags":[],"class_list":["post-1731","post","type-post","status-publish","format-standard","has-post-thumbnail","hentry","category-general","category-portada"],"post_mailing_queue_ids":[],"_links":{"self":[{"href":"https:\/\/agora.xtec.cat\/ceip-jrj\/wp-json\/wp\/v2\/posts\/1731","targetHints":{"allow":["GET"]}}],"collection":[{"href":"https:\/\/agora.xtec.cat\/ceip-jrj\/wp-json\/wp\/v2\/posts"}],"about":[{"href":"https:\/\/agora.xtec.cat\/ceip-jrj\/wp-json\/wp\/v2\/types\/post"}],"author":[{"embeddable":true,"href":"https:\/\/agora.xtec.cat\/ceip-jrj\/wp-json\/wp\/v2\/users\/1"}],"replies":[{"embeddable":true,"href":"https:\/\/agora.xtec.cat\/ceip-jrj\/wp-json\/wp\/v2\/comments?post=1731"}],"version-history":[{"count":3,"href":"https:\/\/agora.xtec.cat\/ceip-jrj\/wp-json\/wp\/v2\/posts\/1731\/revisions"}],"predecessor-version":[{"id":1746,"href":"https:\/\/agora.xtec.cat\/ceip-jrj\/wp-json\/wp\/v2\/posts\/1731\/revisions\/1746"}],"wp:featuredmedia":[{"embeddable":true,"href":"https:\/\/agora.xtec.cat\/ceip-jrj\/wp-json\/wp\/v2\/media\/1735"}],"wp:attachment":[{"href":"https:\/\/agora.xtec.cat\/ceip-jrj\/wp-json\/wp\/v2\/media?parent=1731"}],"wp:term":[{"taxonomy":"category","embeddable":true,"href":"https:\/\/agora.xtec.cat\/ceip-jrj\/wp-json\/wp\/v2\/categories?post=1731"},{"taxonomy":"post_tag","embeddable":true,"href":"https:\/\/agora.xtec.cat\/ceip-jrj\/wp-json\/wp\/v2\/tags?post=1731"}],"curies":[{"name":"wp","href":"https:\/\/api.w.org\/{rel}","templated":true}]}}