{"id":1649,"date":"2018-02-06T13:13:46","date_gmt":"2018-02-06T12:13:46","guid":{"rendered":"http:\/\/agora.xtec.cat\/ceip-jrj\/?p=1649"},"modified":"2018-02-06T13:13:46","modified_gmt":"2018-02-06T12:13:46","slug":"reciclem-les-nostres-piles-esgotades","status":"publish","type":"post","link":"https:\/\/agora.xtec.cat\/ceip-jrj\/general\/reciclem-les-nostres-piles-esgotades\/","title":{"rendered":"RECICLEM LES NOSTRES PILES ESGOTADES"},"content":{"rendered":"<p>A partir del <strong>dilluns 5 de febrer<\/strong>, els nens i nenes de l&#8217;escola, o vosaltres mateixos, podreu portar les piles exhaurides al contenidor &#8220;<strong>Apilo XII<\/strong>&#8221; que tenim instal\u00b7lat al davant de la sala de psicomotricitat.<\/p>\n<p>Al nostre planeta, les subst\u00e0ncies i materials de les piles poden afectar la qualitat de l\u2019aigua, l\u2019aire i la terra en la que viuen els nostres peixos, aus, plantes i\u2026 a nosaltres mateixos! Amb el reciclatge, a m\u00e9s de protegir el medi ambient, estalviem valuosos recursos reutilitzant moltes d\u2019aquestes subst\u00e0ncies i materials.<\/p>\n<p>Us animem a qu\u00e8 en feu el m\u00e0xim \u00fas.<\/p>\n","protected":false},"excerpt":{"rendered":"<p>A partir del dilluns 5 de febrer, els nens i nenes de l&#8217;escola, o vosaltres mateixos, podreu portar les piles exhaurides al contenidor &#8220;Apilo XII&#8221; que tenim instal\u00b7lat al davant de la sala de psicomotricitat.<br \/>\nAl nostre planeta, les subst\u00e0ncies i materials de les piles poden&hellip;  <a href=\"https:\/\/agora.xtec.cat\/ceip-jrj\/general\/reciclem-les-nostres-piles-esgotades\/\" title=\"Read RECICLEM LES NOSTRES PILES ESGOTADES\">Llegeix m\u00e9s\u00bb<\/a><\/p>\n","protected":false},"author":1,"featured_media":1654,"comment_status":"closed","ping_status":"closed","sticky":false,"template":"","format":"standard","meta":{"_bbp_topic_count":0,"_bbp_reply_count":0,"_bbp_total_topic_count":0,"_bbp_total_reply_count":0,"_bbp_voice_count":0,"_bbp_anonymous_reply_count":0,"_bbp_topic_count_hidden":0,"_bbp_reply_count_hidden":0,"_bbp_forum_subforum_count":0,"footnotes":""},"categories":[1,4],"tags":[],"class_list":["post-1649","post","type-post","status-publish","format-standard","has-post-thumbnail","hentry","category-general","category-portada"],"post_mailing_queue_ids":[],"_links":{"self":[{"href":"https:\/\/agora.xtec.cat\/ceip-jrj\/wp-json\/wp\/v2\/posts\/1649","targetHints":{"allow":["GET"]}}],"collection":[{"href":"https:\/\/agora.xtec.cat\/ceip-jrj\/wp-json\/wp\/v2\/posts"}],"about":[{"href":"https:\/\/agora.xtec.cat\/ceip-jrj\/wp-json\/wp\/v2\/types\/post"}],"author":[{"embeddable":true,"href":"https:\/\/agora.xtec.cat\/ceip-jrj\/wp-json\/wp\/v2\/users\/1"}],"replies":[{"embeddable":true,"href":"https:\/\/agora.xtec.cat\/ceip-jrj\/wp-json\/wp\/v2\/comments?post=1649"}],"version-history":[{"count":1,"href":"https:\/\/agora.xtec.cat\/ceip-jrj\/wp-json\/wp\/v2\/posts\/1649\/revisions"}],"predecessor-version":[{"id":1655,"href":"https:\/\/agora.xtec.cat\/ceip-jrj\/wp-json\/wp\/v2\/posts\/1649\/revisions\/1655"}],"wp:featuredmedia":[{"embeddable":true,"href":"https:\/\/agora.xtec.cat\/ceip-jrj\/wp-json\/wp\/v2\/media\/1654"}],"wp:attachment":[{"href":"https:\/\/agora.xtec.cat\/ceip-jrj\/wp-json\/wp\/v2\/media?parent=1649"}],"wp:term":[{"taxonomy":"category","embeddable":true,"href":"https:\/\/agora.xtec.cat\/ceip-jrj\/wp-json\/wp\/v2\/categories?post=1649"},{"taxonomy":"post_tag","embeddable":true,"href":"https:\/\/agora.xtec.cat\/ceip-jrj\/wp-json\/wp\/v2\/tags?post=1649"}],"curies":[{"name":"wp","href":"https:\/\/api.w.org\/{rel}","templated":true}]}}