{"id":1637,"date":"2018-01-31T13:35:31","date_gmt":"2018-01-31T12:35:31","guid":{"rendered":"http:\/\/agora.xtec.cat\/ceip-jrj\/?p=1637"},"modified":"2018-01-31T13:36:12","modified_gmt":"2018-01-31T12:36:12","slug":"bustia-agraida-treballem-la-convivencia","status":"publish","type":"post","link":"https:\/\/agora.xtec.cat\/ceip-jrj\/general\/bustia-agraida-treballem-la-convivencia\/","title":{"rendered":"B\u00daSTIA AGRA\u00cfDA, TREBALLEM LA CONVIV\u00c8NCIA"},"content":{"rendered":"<p>Cada any, a la programaci\u00f3 general anual, treballem amb l&#8217;objectiu de fomentar els valors de la conviv\u00e8ncia.<\/p>\n<p>Aquest any hem iniciat activitats mensuals per dinamitzar el respecte i el bon tracte entre les persones.<\/p>\n<p>Durant el mes de gener, a trav\u00e9s dels delegats de classe s&#8217;ha incentivat i comentat l&#8217;\u00fas de \u201cgr\u00e0cies\u201d i \u201csi us plau\u201d. Ho hem fet a trav\u00e9s de la b\u00fastia agra\u00efda i d&#8217;un recull de situacions de bon tracte penjades a la porta de cada aula.<\/p>\n<p><a href=\"http:\/\/agora.xtec.cat\/ceip-jrj\/wp-content\/uploads\/usu280\/2018\/01\/gracies.jpg\"><img loading=\"lazy\" decoding=\"async\" class=\"alignnone wp-image-1639 size-medium\" src=\"http:\/\/agora.xtec.cat\/ceip-jrj\/wp-content\/uploads\/usu280\/2018\/01\/gracies-225x300.jpg\" alt=\"\" width=\"225\" height=\"300\" srcset=\"https:\/\/agora.xtec.cat\/ceip-jrj\/wp-content\/uploads\/usu280\/2018\/01\/gracies-225x300.jpg 225w, https:\/\/agora.xtec.cat\/ceip-jrj\/wp-content\/uploads\/usu280\/2018\/01\/gracies-768x1024.jpg 768w\" sizes=\"auto, (max-width: 225px) 100vw, 225px\" \/><\/a>\u00a0 \u00a0 \u00a0 \u00a0 \u00a0 \u00a0 \u00a0 \u00a0 \u00a0 \u00a0 \u00a0 \u00a0 \u00a0 \u00a0 \u00a0 \u00a0 \u00a0 \u00a0\u00a0<a href=\"http:\/\/agora.xtec.cat\/ceip-jrj\/wp-content\/uploads\/usu280\/2018\/01\/bustia.jpg\"><img loading=\"lazy\" decoding=\"async\" class=\"alignnone wp-image-1638 size-medium\" src=\"http:\/\/agora.xtec.cat\/ceip-jrj\/wp-content\/uploads\/usu280\/2018\/01\/bustia-225x300.jpg\" alt=\"\" width=\"225\" height=\"300\" srcset=\"https:\/\/agora.xtec.cat\/ceip-jrj\/wp-content\/uploads\/usu280\/2018\/01\/bustia-225x300.jpg 225w, https:\/\/agora.xtec.cat\/ceip-jrj\/wp-content\/uploads\/usu280\/2018\/01\/bustia-768x1024.jpg 768w\" sizes=\"auto, (max-width: 225px) 100vw, 225px\" \/><\/a><\/p>\n<p>&nbsp;<\/p>\n","protected":false},"excerpt":{"rendered":"<p>Cada any, a la programaci\u00f3 general anual, treballem amb l&#8217;objectiu de fomentar els valors de la conviv\u00e8ncia.<br \/>\nAquest any hem iniciat activitats mensuals per dinamitzar el respecte i el bon tracte entre les persones.<br \/>\nDurant el mes de gener, a trav\u00e9s dels delegats de classe s&#8217;ha incentivat&hellip;  <a href=\"https:\/\/agora.xtec.cat\/ceip-jrj\/general\/bustia-agraida-treballem-la-convivencia\/\" title=\"Read B\u00daSTIA AGRA\u00cfDA, TREBALLEM LA CONVIV\u00c8NCIA\">Llegeix m\u00e9s\u00bb<\/a><\/p>\n","protected":false},"author":1,"featured_media":1638,"comment_status":"closed","ping_status":"closed","sticky":false,"template":"","format":"standard","meta":{"_bbp_topic_count":0,"_bbp_reply_count":0,"_bbp_total_topic_count":0,"_bbp_total_reply_count":0,"_bbp_voice_count":0,"_bbp_anonymous_reply_count":0,"_bbp_topic_count_hidden":0,"_bbp_reply_count_hidden":0,"_bbp_forum_subforum_count":0,"footnotes":""},"categories":[1,4],"tags":[],"class_list":["post-1637","post","type-post","status-publish","format-standard","has-post-thumbnail","hentry","category-general","category-portada"],"post_mailing_queue_ids":[],"_links":{"self":[{"href":"https:\/\/agora.xtec.cat\/ceip-jrj\/wp-json\/wp\/v2\/posts\/1637","targetHints":{"allow":["GET"]}}],"collection":[{"href":"https:\/\/agora.xtec.cat\/ceip-jrj\/wp-json\/wp\/v2\/posts"}],"about":[{"href":"https:\/\/agora.xtec.cat\/ceip-jrj\/wp-json\/wp\/v2\/types\/post"}],"author":[{"embeddable":true,"href":"https:\/\/agora.xtec.cat\/ceip-jrj\/wp-json\/wp\/v2\/users\/1"}],"replies":[{"embeddable":true,"href":"https:\/\/agora.xtec.cat\/ceip-jrj\/wp-json\/wp\/v2\/comments?post=1637"}],"version-history":[{"count":1,"href":"https:\/\/agora.xtec.cat\/ceip-jrj\/wp-json\/wp\/v2\/posts\/1637\/revisions"}],"predecessor-version":[{"id":1640,"href":"https:\/\/agora.xtec.cat\/ceip-jrj\/wp-json\/wp\/v2\/posts\/1637\/revisions\/1640"}],"wp:featuredmedia":[{"embeddable":true,"href":"https:\/\/agora.xtec.cat\/ceip-jrj\/wp-json\/wp\/v2\/media\/1638"}],"wp:attachment":[{"href":"https:\/\/agora.xtec.cat\/ceip-jrj\/wp-json\/wp\/v2\/media?parent=1637"}],"wp:term":[{"taxonomy":"category","embeddable":true,"href":"https:\/\/agora.xtec.cat\/ceip-jrj\/wp-json\/wp\/v2\/categories?post=1637"},{"taxonomy":"post_tag","embeddable":true,"href":"https:\/\/agora.xtec.cat\/ceip-jrj\/wp-json\/wp\/v2\/tags?post=1637"}],"curies":[{"name":"wp","href":"https:\/\/api.w.org\/{rel}","templated":true}]}}