{"id":1614,"date":"2018-01-17T13:36:53","date_gmt":"2018-01-17T12:36:53","guid":{"rendered":"http:\/\/agora.xtec.cat\/ceip-jrj\/?p=1614"},"modified":"2018-01-17T13:38:34","modified_gmt":"2018-01-17T12:38:34","slug":"pla-de-consum-de-fruita-a-les-escoles","status":"publish","type":"post","link":"https:\/\/agora.xtec.cat\/ceip-jrj\/general\/pla-de-consum-de-fruita-a-les-escoles\/","title":{"rendered":"PLA DE CONSUM DE FRUITA A LES ESCOLES"},"content":{"rendered":"<p>El projecte de conviv\u00e8ncia del centre recull les activitats que fem amb l\u2019alumnat per potenciar diferents valors. Un dels objectius \u00e9s despertar entre els nens i les nenes l\u2019inter\u00e8s per la vida saludable.<\/p>\n<p>En aquest marc, participem des de fa temps en el <strong>\u201cPla de consum de fruita a les escoles\u201d<\/strong> que promou el Departament de agricultura, ramaderia i pesca.<\/p>\n<p>Durant quatre dies consecutius\u00a0 de cada mes, l\u2019alumnat que ho desitgi podr\u00e0 complementar o substituir el seu esmorzar amb la fruita que hagin portat.<\/p>\n<p>En aquest mes de gener, es repartir\u00e0 fruita\u00a0 els seg\u00fcents dies:<\/p>\n<ul>\n<li>el dijous 18<\/li>\n<li>divendres 19<\/li>\n<li>dilluns 22<\/li>\n<li>dimarts 23<\/li>\n<\/ul>\n<p>&nbsp;<\/p>\n<p>Les fruites a repartir seran pera, pastanaga, pl\u00e0tan i clementina. L\u2019ordre estar\u00e0 en funci\u00f3 del grau de maduraci\u00f3 .<\/p>\n<p>Si voleu m\u00e9s informaci\u00f3:<\/p>\n<p><a href=\"http:\/\/www.afrucat.com\/\"><strong>www.afrucat.com<\/strong><\/a><strong>\u00a0<\/strong><\/p>\n<p><strong><a href=\"http:\/\/www.fruita.cat\/\">www.fruita.cat<\/a><\/strong><\/p>\n","protected":false},"excerpt":{"rendered":"<p>El projecte de conviv\u00e8ncia del centre recull les activitats que fem amb l\u2019alumnat per potenciar diferents valors. Un dels objectius \u00e9s despertar entre els nens i les nenes l\u2019inter\u00e8s per la vida saludable.<br \/>\nEn aquest marc, participem des de fa temps en el \u201cPla de consum&hellip;  <a href=\"https:\/\/agora.xtec.cat\/ceip-jrj\/general\/pla-de-consum-de-fruita-a-les-escoles\/\" title=\"Read PLA DE CONSUM DE FRUITA A LES ESCOLES\">Llegeix m\u00e9s\u00bb<\/a><\/p>\n","protected":false},"author":1,"featured_media":1618,"comment_status":"closed","ping_status":"closed","sticky":false,"template":"","format":"standard","meta":{"_bbp_topic_count":0,"_bbp_reply_count":0,"_bbp_total_topic_count":0,"_bbp_total_reply_count":0,"_bbp_voice_count":0,"_bbp_anonymous_reply_count":0,"_bbp_topic_count_hidden":0,"_bbp_reply_count_hidden":0,"_bbp_forum_subforum_count":0,"footnotes":""},"categories":[1,4],"tags":[],"class_list":["post-1614","post","type-post","status-publish","format-standard","has-post-thumbnail","hentry","category-general","category-portada"],"post_mailing_queue_ids":[],"_links":{"self":[{"href":"https:\/\/agora.xtec.cat\/ceip-jrj\/wp-json\/wp\/v2\/posts\/1614","targetHints":{"allow":["GET"]}}],"collection":[{"href":"https:\/\/agora.xtec.cat\/ceip-jrj\/wp-json\/wp\/v2\/posts"}],"about":[{"href":"https:\/\/agora.xtec.cat\/ceip-jrj\/wp-json\/wp\/v2\/types\/post"}],"author":[{"embeddable":true,"href":"https:\/\/agora.xtec.cat\/ceip-jrj\/wp-json\/wp\/v2\/users\/1"}],"replies":[{"embeddable":true,"href":"https:\/\/agora.xtec.cat\/ceip-jrj\/wp-json\/wp\/v2\/comments?post=1614"}],"version-history":[{"count":1,"href":"https:\/\/agora.xtec.cat\/ceip-jrj\/wp-json\/wp\/v2\/posts\/1614\/revisions"}],"predecessor-version":[{"id":1620,"href":"https:\/\/agora.xtec.cat\/ceip-jrj\/wp-json\/wp\/v2\/posts\/1614\/revisions\/1620"}],"wp:featuredmedia":[{"embeddable":true,"href":"https:\/\/agora.xtec.cat\/ceip-jrj\/wp-json\/wp\/v2\/media\/1618"}],"wp:attachment":[{"href":"https:\/\/agora.xtec.cat\/ceip-jrj\/wp-json\/wp\/v2\/media?parent=1614"}],"wp:term":[{"taxonomy":"category","embeddable":true,"href":"https:\/\/agora.xtec.cat\/ceip-jrj\/wp-json\/wp\/v2\/categories?post=1614"},{"taxonomy":"post_tag","embeddable":true,"href":"https:\/\/agora.xtec.cat\/ceip-jrj\/wp-json\/wp\/v2\/tags?post=1614"}],"curies":[{"name":"wp","href":"https:\/\/api.w.org\/{rel}","templated":true}]}}