{"id":1611,"date":"2018-01-17T13:29:04","date_gmt":"2018-01-17T12:29:04","guid":{"rendered":"http:\/\/agora.xtec.cat\/ceip-jrj\/?p=1611"},"modified":"2018-01-17T13:35:39","modified_gmt":"2018-01-17T12:35:39","slug":"dia-escolar-de-la-no-violencia-i-la-pau-denip","status":"publish","type":"post","link":"https:\/\/agora.xtec.cat\/ceip-jrj\/general\/dia-escolar-de-la-no-violencia-i-la-pau-denip\/","title":{"rendered":"DIA ESCOLAR DE LA NO-VIOL\u00c8NCIA I LA PAU (DENIP)"},"content":{"rendered":"<p><strong><em><a href=\"http:\/\/agora.xtec.cat\/ceip-jrj\/wp-content\/uploads\/usu280\/2018\/01\/30_gener_2015_dia.jpg\"><img loading=\"lazy\" decoding=\"async\" class=\"alignleft wp-image-1613\" src=\"http:\/\/agora.xtec.cat\/ceip-jrj\/wp-content\/uploads\/usu280\/2018\/01\/30_gener_2015_dia-300x214.jpg\" alt=\"\" width=\"160\" height=\"114\" srcset=\"https:\/\/agora.xtec.cat\/ceip-jrj\/wp-content\/uploads\/usu280\/2018\/01\/30_gener_2015_dia-300x214.jpg 300w, https:\/\/agora.xtec.cat\/ceip-jrj\/wp-content\/uploads\/usu280\/2018\/01\/30_gener_2015_dia-768x547.jpg 768w, https:\/\/agora.xtec.cat\/ceip-jrj\/wp-content\/uploads\/usu280\/2018\/01\/30_gener_2015_dia-1024x730.jpg 1024w, https:\/\/agora.xtec.cat\/ceip-jrj\/wp-content\/uploads\/usu280\/2018\/01\/30_gener_2015_dia.jpg 1141w\" sizes=\"auto, (max-width: 160px) 100vw, 160px\" \/><\/a><\/em><\/strong><\/p>\n<p>El proper <strong>dimarts 30 de gener<\/strong>, els nens i nenes de l&#8217;escola celebraran el <strong><em>DENIP<\/em><\/strong>\u00a0fent plegats diverses propostes. Al mat\u00ed es realitzaran un seguit de tallers per cicles que tractaran sobre el <strong>respecte<\/strong>, la <strong>pau<\/strong> i la <strong>no-viol\u00e8ncia<\/strong>. Ja a la tarda, es proposar\u00e0 una activitat conjunta on participaran alumnat i professorat.<\/p>\n<p>&nbsp;<\/p>\n","protected":false},"excerpt":{"rendered":"<p><a href=\"http:\/\/agora.xtec.cat\/ceip-jrj\/wp-content\/uploads\/usu280\/2018\/01\/30_gener_2015_dia.jpg\"><\/a><br \/>\nEl proper dimarts 30 de gener, els nens i nenes de l&#8217;escola celebraran el DENIP\u00a0fent plegats diverses propostes. Al mat\u00ed es realitzaran un seguit de tallers per cicles que tractaran sobre el respecte, la pau i la no-viol\u00e8ncia. Ja a la tarda, es proposar\u00e0&hellip;  <a href=\"https:\/\/agora.xtec.cat\/ceip-jrj\/general\/dia-escolar-de-la-no-violencia-i-la-pau-denip\/\" title=\"Read DIA ESCOLAR DE LA NO-VIOL\u00c8NCIA I LA PAU (DENIP)\">Llegeix m\u00e9s\u00bb<\/a><\/p>\n","protected":false},"author":1,"featured_media":1613,"comment_status":"closed","ping_status":"closed","sticky":false,"template":"","format":"standard","meta":{"_bbp_topic_count":0,"_bbp_reply_count":0,"_bbp_total_topic_count":0,"_bbp_total_reply_count":0,"_bbp_voice_count":0,"_bbp_anonymous_reply_count":0,"_bbp_topic_count_hidden":0,"_bbp_reply_count_hidden":0,"_bbp_forum_subforum_count":0,"footnotes":""},"categories":[1,4],"tags":[],"class_list":["post-1611","post","type-post","status-publish","format-standard","has-post-thumbnail","hentry","category-general","category-portada"],"post_mailing_queue_ids":[],"_links":{"self":[{"href":"https:\/\/agora.xtec.cat\/ceip-jrj\/wp-json\/wp\/v2\/posts\/1611","targetHints":{"allow":["GET"]}}],"collection":[{"href":"https:\/\/agora.xtec.cat\/ceip-jrj\/wp-json\/wp\/v2\/posts"}],"about":[{"href":"https:\/\/agora.xtec.cat\/ceip-jrj\/wp-json\/wp\/v2\/types\/post"}],"author":[{"embeddable":true,"href":"https:\/\/agora.xtec.cat\/ceip-jrj\/wp-json\/wp\/v2\/users\/1"}],"replies":[{"embeddable":true,"href":"https:\/\/agora.xtec.cat\/ceip-jrj\/wp-json\/wp\/v2\/comments?post=1611"}],"version-history":[{"count":3,"href":"https:\/\/agora.xtec.cat\/ceip-jrj\/wp-json\/wp\/v2\/posts\/1611\/revisions"}],"predecessor-version":[{"id":1619,"href":"https:\/\/agora.xtec.cat\/ceip-jrj\/wp-json\/wp\/v2\/posts\/1611\/revisions\/1619"}],"wp:featuredmedia":[{"embeddable":true,"href":"https:\/\/agora.xtec.cat\/ceip-jrj\/wp-json\/wp\/v2\/media\/1613"}],"wp:attachment":[{"href":"https:\/\/agora.xtec.cat\/ceip-jrj\/wp-json\/wp\/v2\/media?parent=1611"}],"wp:term":[{"taxonomy":"category","embeddable":true,"href":"https:\/\/agora.xtec.cat\/ceip-jrj\/wp-json\/wp\/v2\/categories?post=1611"},{"taxonomy":"post_tag","embeddable":true,"href":"https:\/\/agora.xtec.cat\/ceip-jrj\/wp-json\/wp\/v2\/tags?post=1611"}],"curies":[{"name":"wp","href":"https:\/\/api.w.org\/{rel}","templated":true}]}}