{"id":1606,"date":"2018-01-17T13:21:41","date_gmt":"2018-01-17T12:21:41","guid":{"rendered":"http:\/\/agora.xtec.cat\/ceip-jrj\/?p=1606"},"modified":"2018-01-17T13:24:19","modified_gmt":"2018-01-17T12:24:19","slug":"xarxa-de-competencies-basiques","status":"publish","type":"post","link":"https:\/\/agora.xtec.cat\/ceip-jrj\/general\/xarxa-de-competencies-basiques\/","title":{"rendered":"XARXA DE COMPET\u00c8NCIES B\u00c0SIQUES"},"content":{"rendered":"<p>La nostra escola, Juan Ram\u00f3n Jim\u00e9nez, est\u00e0 adscrita a la Xarxa de Compet\u00e8ncies B\u00e0siques &#8220;Aprenem junts&#8221;. Aquesta xarxa est\u00e0 formada per un equip de docents que desenvolupen el treball per compet\u00e8ncies als seus centres, elaboren instruments de suport per orientar els processos de reflexi\u00f3 i la gesti\u00f3 del curr\u00edculum per compet\u00e8ncies b\u00e0siques i comparteixen processos d&#8217;autoavaluaci\u00f3.<\/p>\n<p>Cliqueu aqu\u00ed per tenir m\u00e9s informaci\u00f3:<\/p>\n<p><a href=\"https:\/\/drive.google.com\/file\/d\/1wQgCz-9sUqhfN9Eaj26bRKOaqh_kTEit\/view?usp=sharing\">https:\/\/drive.google.com\/file\/d\/1wQgCz-9sUqhfN9Eaj26bRKOaqh_kTEit\/view?usp=sharing<\/a><\/p>\n<p><img decoding=\"async\" class=\"aligncenter\" src=\"https:\/\/sites.google.com\/a\/xtec.cat\/escolarellinars\/_\/rsrc\/1475097530847\/blocs-de-l-escola-curs-2012-2013\/logo.png?height=133&amp;width=200\" alt=\"Resultat d'imatges de logo xarxa competencies basiques\" \/><\/p>\n","protected":false},"excerpt":{"rendered":"<p>La nostra escola, Juan Ram\u00f3n Jim\u00e9nez, est\u00e0 adscrita a la Xarxa de Compet\u00e8ncies B\u00e0siques &#8220;Aprenem junts&#8221;. Aquesta xarxa est\u00e0 formada per un equip de docents que desenvolupen el treball per compet\u00e8ncies als seus centres, elaboren instruments de suport per orientar els processos de reflexi\u00f3 i&hellip;  <a href=\"https:\/\/agora.xtec.cat\/ceip-jrj\/general\/xarxa-de-competencies-basiques\/\" title=\"Read XARXA DE COMPET\u00c8NCIES B\u00c0SIQUES\">Llegeix m\u00e9s\u00bb<\/a><\/p>\n","protected":false},"author":1,"featured_media":1610,"comment_status":"closed","ping_status":"closed","sticky":false,"template":"","format":"standard","meta":{"_bbp_topic_count":0,"_bbp_reply_count":0,"_bbp_total_topic_count":0,"_bbp_total_reply_count":0,"_bbp_voice_count":0,"_bbp_anonymous_reply_count":0,"_bbp_topic_count_hidden":0,"_bbp_reply_count_hidden":0,"_bbp_forum_subforum_count":0,"footnotes":""},"categories":[1,4],"tags":[],"class_list":["post-1606","post","type-post","status-publish","format-standard","has-post-thumbnail","hentry","category-general","category-portada"],"post_mailing_queue_ids":[],"_links":{"self":[{"href":"https:\/\/agora.xtec.cat\/ceip-jrj\/wp-json\/wp\/v2\/posts\/1606","targetHints":{"allow":["GET"]}}],"collection":[{"href":"https:\/\/agora.xtec.cat\/ceip-jrj\/wp-json\/wp\/v2\/posts"}],"about":[{"href":"https:\/\/agora.xtec.cat\/ceip-jrj\/wp-json\/wp\/v2\/types\/post"}],"author":[{"embeddable":true,"href":"https:\/\/agora.xtec.cat\/ceip-jrj\/wp-json\/wp\/v2\/users\/1"}],"replies":[{"embeddable":true,"href":"https:\/\/agora.xtec.cat\/ceip-jrj\/wp-json\/wp\/v2\/comments?post=1606"}],"version-history":[{"count":2,"href":"https:\/\/agora.xtec.cat\/ceip-jrj\/wp-json\/wp\/v2\/posts\/1606\/revisions"}],"predecessor-version":[{"id":1612,"href":"https:\/\/agora.xtec.cat\/ceip-jrj\/wp-json\/wp\/v2\/posts\/1606\/revisions\/1612"}],"wp:featuredmedia":[{"embeddable":true,"href":"https:\/\/agora.xtec.cat\/ceip-jrj\/wp-json\/wp\/v2\/media\/1610"}],"wp:attachment":[{"href":"https:\/\/agora.xtec.cat\/ceip-jrj\/wp-json\/wp\/v2\/media?parent=1606"}],"wp:term":[{"taxonomy":"category","embeddable":true,"href":"https:\/\/agora.xtec.cat\/ceip-jrj\/wp-json\/wp\/v2\/categories?post=1606"},{"taxonomy":"post_tag","embeddable":true,"href":"https:\/\/agora.xtec.cat\/ceip-jrj\/wp-json\/wp\/v2\/tags?post=1606"}],"curies":[{"name":"wp","href":"https:\/\/api.w.org\/{rel}","templated":true}]}}