{"id":1432,"date":"2017-05-03T13:15:53","date_gmt":"2017-05-03T11:15:53","guid":{"rendered":"http:\/\/agora.xtec.cat\/ceip-jrj\/?p=1432"},"modified":"2017-09-12T09:49:01","modified_gmt":"2017-09-12T07:49:01","slug":"xi-campionat-escolar","status":"publish","type":"post","link":"https:\/\/agora.xtec.cat\/ceip-jrj\/general\/xi-campionat-escolar\/","title":{"rendered":"XI CAMPIONAT ESCOLAR ESCOLAR D&#8217;ATLETISME"},"content":{"rendered":"<p>Com cada any, des del Martorell Atl\u00e8tic Club animen a l&#8217;alumnat de la nostra escola a participar en el XI Campionat Local Escolar d&#8217;atletisme i X Cros Escolar.<\/p>\n<p>Els continguts de les dues jornades atl\u00e8tiques i el cros, aix\u00ed com els seus reglaments els trobareu a l&#8217;enlla\u00e7 d&#8217;inscripci\u00f3 que teniu a sota.<\/p>\n<p><a href=\"http:\/\/www.martorellatletic.cat\/inscripcions\/\">http:\/\/www.martorellatletic.cat\/inscripcions\/<\/a><\/p>\n<p><a href=\"http:\/\/agora.xtec.cat\/ceip-jrj\/wp-content\/uploads\/usu280\/2017\/05\/XI-CARTELL-WEB-1024x393.png\"><img loading=\"lazy\" decoding=\"async\" class=\"alignnone size-full wp-image-1497\" src=\"http:\/\/agora.xtec.cat\/ceip-jrj\/wp-content\/uploads\/usu280\/2017\/05\/XI-CARTELL-WEB-1024x393.png\" alt=\"\" width=\"583\" height=\"391\" srcset=\"https:\/\/agora.xtec.cat\/ceip-jrj\/wp-content\/uploads\/usu280\/2017\/05\/XI-CARTELL-WEB-1024x393.png 583w, https:\/\/agora.xtec.cat\/ceip-jrj\/wp-content\/uploads\/usu280\/2017\/05\/XI-CARTELL-WEB-1024x393-300x201.png 300w\" sizes=\"auto, (max-width: 583px) 100vw, 583px\" \/><\/a><\/p>\n<p>&nbsp;<\/p>\n<p>&nbsp;<\/p>\n<p>&nbsp;<\/p>\n","protected":false},"excerpt":{"rendered":"<p>Com cada any, des del Martorell Atl\u00e8tic Club animen a l&#8217;alumnat de la nostra escola a participar en el XI Campionat Local Escolar d&#8217;atletisme i X Cros Escolar.<br \/>\nEls continguts de les dues jornades atl\u00e8tiques i el cros, aix\u00ed com els seus reglaments els trobareu a&hellip;  <a href=\"https:\/\/agora.xtec.cat\/ceip-jrj\/general\/xi-campionat-escolar\/\" title=\"Read XI CAMPIONAT ESCOLAR ESCOLAR D&#8217;ATLETISME\">Llegeix m\u00e9s\u00bb<\/a><\/p>\n","protected":false},"author":1,"featured_media":1502,"comment_status":"closed","ping_status":"closed","sticky":false,"template":"","format":"standard","meta":{"_bbp_topic_count":0,"_bbp_reply_count":0,"_bbp_total_topic_count":0,"_bbp_total_reply_count":0,"_bbp_voice_count":0,"_bbp_anonymous_reply_count":0,"_bbp_topic_count_hidden":0,"_bbp_reply_count_hidden":0,"_bbp_forum_subforum_count":0,"footnotes":""},"categories":[10,11,12,13,14,15,1,4,5],"tags":[],"class_list":["post-1432","post","type-post","status-publish","format-standard","has-post-thumbnail","hentry","category-1r","category-2n","category-3r","category-4t","category-5e","category-6e","category-general","category-portada","category-primaria"],"post_mailing_queue_ids":[],"_links":{"self":[{"href":"https:\/\/agora.xtec.cat\/ceip-jrj\/wp-json\/wp\/v2\/posts\/1432","targetHints":{"allow":["GET"]}}],"collection":[{"href":"https:\/\/agora.xtec.cat\/ceip-jrj\/wp-json\/wp\/v2\/posts"}],"about":[{"href":"https:\/\/agora.xtec.cat\/ceip-jrj\/wp-json\/wp\/v2\/types\/post"}],"author":[{"embeddable":true,"href":"https:\/\/agora.xtec.cat\/ceip-jrj\/wp-json\/wp\/v2\/users\/1"}],"replies":[{"embeddable":true,"href":"https:\/\/agora.xtec.cat\/ceip-jrj\/wp-json\/wp\/v2\/comments?post=1432"}],"version-history":[{"count":3,"href":"https:\/\/agora.xtec.cat\/ceip-jrj\/wp-json\/wp\/v2\/posts\/1432\/revisions"}],"predecessor-version":[{"id":1500,"href":"https:\/\/agora.xtec.cat\/ceip-jrj\/wp-json\/wp\/v2\/posts\/1432\/revisions\/1500"}],"wp:featuredmedia":[{"embeddable":true,"href":"https:\/\/agora.xtec.cat\/ceip-jrj\/wp-json\/wp\/v2\/media\/1502"}],"wp:attachment":[{"href":"https:\/\/agora.xtec.cat\/ceip-jrj\/wp-json\/wp\/v2\/media?parent=1432"}],"wp:term":[{"taxonomy":"category","embeddable":true,"href":"https:\/\/agora.xtec.cat\/ceip-jrj\/wp-json\/wp\/v2\/categories?post=1432"},{"taxonomy":"post_tag","embeddable":true,"href":"https:\/\/agora.xtec.cat\/ceip-jrj\/wp-json\/wp\/v2\/tags?post=1432"}],"curies":[{"name":"wp","href":"https:\/\/api.w.org\/{rel}","templated":true}]}}