{"id":1286,"date":"2017-03-27T20:58:10","date_gmt":"2017-03-27T18:58:10","guid":{"rendered":"http:\/\/agora.xtec.cat\/ceip-jrj\/?p=1286"},"modified":"2017-05-03T13:44:19","modified_gmt":"2017-05-03T11:44:19","slug":"renovacio-parcial-del-consell-escolar","status":"publish","type":"post","link":"https:\/\/agora.xtec.cat\/ceip-jrj\/general\/renovacio-parcial-del-consell-escolar\/","title":{"rendered":"CERTAMEN LECTURA EN VEU ALTA"},"content":{"rendered":"<p>El passat 14 de mar\u00e7, alumnes de la nostra escola van tornar a participar als quarts de final del Certamen de Lectura en Veu Alta que es va celebrar a Sant Feliu de Llobregat. Aquest certamen t\u00e9 com a objectiu principal potenciar i promocionar la lectura entre infants i joves, i que gaudeixin fent-la en veu alta.<\/p>\n<p>El nivell, com sempre, va ser molt i els nostres representants tot i que no van aconseguir passar a les semifinals van fer una molt bona participaci\u00f3.<\/p>\n<p>Des d&#8217;aqu\u00ed volem felicitar als nostres representants i donar-los les gr\u00e0cies pel seu esfor\u00e7 i dedicaci\u00f3.<\/p>\n<p>Aqu\u00ed teniu un enlla\u00e7 amb\u00a0la not\u00edcia i algunes\u00a0imatges:<\/p>\n<p><a href=\"http:\/\/sebaixllobregatnord.cat\/index.php\/2-principal\/436-quarts-de-final-del-xi-certamen-de-lectura-en-veu-alta-2\">Not\u00edcia i imatges<\/a><\/p>\n<p>Aqu\u00ed teniu l&#8217;enlla\u00e7 de la gravaci\u00f3 en v\u00eddeo que es va realitzar dels Quarts de Final.<\/p>\n<p><a href=\"https:\/\/sites.google.com\/a\/xtec.cat\/st-baix-llobregat\/projectes\/lectura-veu-alta-2017-sant-feliu\">https:\/\/sites.google.com\/a\/xtec.cat\/st-baix-llobregat\/projectes\/lectura-veu-alta-2017-sant-feliu<\/a><\/p>\n","protected":false},"excerpt":{"rendered":"<p>El passat 14 de mar\u00e7, alumnes de la nostra escola van tornar a participar als quarts de final del Certamen de Lectura en Veu Alta que es va celebrar a Sant Feliu de Llobregat. Aquest certamen t\u00e9 com a objectiu principal potenciar i promocionar la&hellip;  <a href=\"https:\/\/agora.xtec.cat\/ceip-jrj\/general\/renovacio-parcial-del-consell-escolar\/\" title=\"Read CERTAMEN LECTURA EN VEU ALTA\">Llegeix m\u00e9s\u00bb<\/a><\/p>\n","protected":false},"author":1,"featured_media":1409,"comment_status":"closed","ping_status":"closed","sticky":false,"template":"","format":"standard","meta":{"_bbp_topic_count":0,"_bbp_reply_count":0,"_bbp_total_topic_count":0,"_bbp_total_reply_count":0,"_bbp_voice_count":0,"_bbp_anonymous_reply_count":0,"_bbp_topic_count_hidden":0,"_bbp_reply_count_hidden":0,"_bbp_forum_subforum_count":0,"footnotes":""},"categories":[1,4],"tags":[],"class_list":["post-1286","post","type-post","status-publish","format-standard","has-post-thumbnail","hentry","category-general","category-portada"],"post_mailing_queue_ids":[],"_links":{"self":[{"href":"https:\/\/agora.xtec.cat\/ceip-jrj\/wp-json\/wp\/v2\/posts\/1286","targetHints":{"allow":["GET"]}}],"collection":[{"href":"https:\/\/agora.xtec.cat\/ceip-jrj\/wp-json\/wp\/v2\/posts"}],"about":[{"href":"https:\/\/agora.xtec.cat\/ceip-jrj\/wp-json\/wp\/v2\/types\/post"}],"author":[{"embeddable":true,"href":"https:\/\/agora.xtec.cat\/ceip-jrj\/wp-json\/wp\/v2\/users\/1"}],"replies":[{"embeddable":true,"href":"https:\/\/agora.xtec.cat\/ceip-jrj\/wp-json\/wp\/v2\/comments?post=1286"}],"version-history":[{"count":3,"href":"https:\/\/agora.xtec.cat\/ceip-jrj\/wp-json\/wp\/v2\/posts\/1286\/revisions"}],"predecessor-version":[{"id":1437,"href":"https:\/\/agora.xtec.cat\/ceip-jrj\/wp-json\/wp\/v2\/posts\/1286\/revisions\/1437"}],"wp:featuredmedia":[{"embeddable":true,"href":"https:\/\/agora.xtec.cat\/ceip-jrj\/wp-json\/wp\/v2\/media\/1409"}],"wp:attachment":[{"href":"https:\/\/agora.xtec.cat\/ceip-jrj\/wp-json\/wp\/v2\/media?parent=1286"}],"wp:term":[{"taxonomy":"category","embeddable":true,"href":"https:\/\/agora.xtec.cat\/ceip-jrj\/wp-json\/wp\/v2\/categories?post=1286"},{"taxonomy":"post_tag","embeddable":true,"href":"https:\/\/agora.xtec.cat\/ceip-jrj\/wp-json\/wp\/v2\/tags?post=1286"}],"curies":[{"name":"wp","href":"https:\/\/api.w.org\/{rel}","templated":true}]}}