{"id":1253,"date":"2016-11-15T13:50:20","date_gmt":"2016-11-15T12:50:20","guid":{"rendered":"http:\/\/agora.xtec.cat\/ceip-jrj\/?p=1253"},"modified":"2016-11-23T13:42:41","modified_gmt":"2016-11-23T12:42:41","slug":"la-importancia-de-la-participacio-al-consell-escolar","status":"publish","type":"post","link":"https:\/\/agora.xtec.cat\/ceip-jrj\/general\/la-importancia-de-la-participacio-al-consell-escolar\/","title":{"rendered":"LA IMPORT\u00c0NCIA DE LA PARTICIPACI\u00d3 AL CONSELL ESCOLAR"},"content":{"rendered":"<p lang=\"ca-ES\" align=\"JUSTIFY\"><span style=\"font-family: 'Comic Sans MS', cursive;\"><span style=\"font-size: large;\"><a href=\"http:\/\/agora.xtec.cat\/ceip-jrj\/wp-content\/uploads\/usu280\/2016\/11\/hands_colorful-1.png\"><img loading=\"lazy\" decoding=\"async\" class=\"alignnone size-full wp-image-1255\" src=\"http:\/\/agora.xtec.cat\/ceip-jrj\/wp-content\/uploads\/usu280\/2016\/11\/hands_colorful-1.png\" alt=\"hands_colorful-1\" width=\"990\" height=\"370\" srcset=\"https:\/\/agora.xtec.cat\/ceip-jrj\/wp-content\/uploads\/usu280\/2016\/11\/hands_colorful-1.png 990w, https:\/\/agora.xtec.cat\/ceip-jrj\/wp-content\/uploads\/usu280\/2016\/11\/hands_colorful-1-300x112.png 300w, https:\/\/agora.xtec.cat\/ceip-jrj\/wp-content\/uploads\/usu280\/2016\/11\/hands_colorful-1-768x287.png 768w\" sizes=\"auto, (max-width: 990px) 100vw, 990px\" \/><\/a><\/span><\/span><\/p>\n<p lang=\"ca-ES\" align=\"JUSTIFY\"><span style=\"font-family: 'Comic Sans MS', cursive;\"><span style=\"font-size: large;\">Les eleccions al Consell Escolar del centre hi s\u00f3n a tocar. Com ja sabeu, el Consell Escolar \u00e9s l\u2019\u00f2rgan col\u00b7legiat de participaci\u00f3 de la comunitat escolar en el govern del centre i, per tant, hi s\u00f3n representats (per elecci\u00f3 directa) fam\u00edlies, AMPA, mestres, personal d\u2019administraci\u00f3 i serveis i Ajuntament. Per\u00f2, el motiu d\u2019aquest escrit no \u00e9s un altre que dignificar la vostra participaci\u00f3 en aquest.<\/span><\/span><\/p>\n<p lang=\"ca-ES\" align=\"JUSTIFY\"><span style=\"font-family: 'Comic Sans MS', cursive;\"><span style=\"font-size: large;\">Aquesta participaci\u00f3 \u00e9s una activitat b\u00e0sica pel desenvolupament d\u2019una educaci\u00f3 integral, una resposta a les vostres inquietuds per involucrar-vos en el proc\u00e9s educatiu dels vostres fills i filles, en sintonia amb el desenvolupament i canvi de la nostra societat.<\/span><\/span><\/p>\n<p lang=\"ca-ES\" align=\"JUSTIFY\"><span style=\"font-family: 'Comic Sans MS', cursive;\"><span style=\"font-size: large;\">Aix\u00ed, doncs, us animem a que sigueu part\u00edcips. De fet, no \u00e9s possible l\u2019exist\u00e8ncia de l\u2019educaci\u00f3 sense la participaci\u00f3 de la fam\u00edlia.<\/span><\/span><\/p>\n","protected":false},"excerpt":{"rendered":"<p>Les eleccions al Consell Escolar del centre hi s\u00f3n a tocar.&hellip;  <a href=\"https:\/\/agora.xtec.cat\/ceip-jrj\/general\/la-importancia-de-la-participacio-al-consell-escolar\/\" title=\"Read LA IMPORT\u00c0NCIA DE LA PARTICIPACI\u00d3 AL CONSELL ESCOLAR\">Llegeix m\u00e9s\u00bb<\/a><\/p>\n","protected":false},"author":1,"featured_media":1257,"comment_status":"closed","ping_status":"closed","sticky":false,"template":"","format":"standard","meta":{"_bbp_topic_count":0,"_bbp_reply_count":0,"_bbp_total_topic_count":0,"_bbp_total_reply_count":0,"_bbp_voice_count":0,"_bbp_anonymous_reply_count":0,"_bbp_topic_count_hidden":0,"_bbp_reply_count_hidden":0,"_bbp_forum_subforum_count":0,"footnotes":""},"categories":[1,4],"tags":[],"class_list":["post-1253","post","type-post","status-publish","format-standard","has-post-thumbnail","hentry","category-general","category-portada"],"post_mailing_queue_ids":[],"_links":{"self":[{"href":"https:\/\/agora.xtec.cat\/ceip-jrj\/wp-json\/wp\/v2\/posts\/1253","targetHints":{"allow":["GET"]}}],"collection":[{"href":"https:\/\/agora.xtec.cat\/ceip-jrj\/wp-json\/wp\/v2\/posts"}],"about":[{"href":"https:\/\/agora.xtec.cat\/ceip-jrj\/wp-json\/wp\/v2\/types\/post"}],"author":[{"embeddable":true,"href":"https:\/\/agora.xtec.cat\/ceip-jrj\/wp-json\/wp\/v2\/users\/1"}],"replies":[{"embeddable":true,"href":"https:\/\/agora.xtec.cat\/ceip-jrj\/wp-json\/wp\/v2\/comments?post=1253"}],"version-history":[{"count":3,"href":"https:\/\/agora.xtec.cat\/ceip-jrj\/wp-json\/wp\/v2\/posts\/1253\/revisions"}],"predecessor-version":[{"id":1261,"href":"https:\/\/agora.xtec.cat\/ceip-jrj\/wp-json\/wp\/v2\/posts\/1253\/revisions\/1261"}],"wp:featuredmedia":[{"embeddable":true,"href":"https:\/\/agora.xtec.cat\/ceip-jrj\/wp-json\/wp\/v2\/media\/1257"}],"wp:attachment":[{"href":"https:\/\/agora.xtec.cat\/ceip-jrj\/wp-json\/wp\/v2\/media?parent=1253"}],"wp:term":[{"taxonomy":"category","embeddable":true,"href":"https:\/\/agora.xtec.cat\/ceip-jrj\/wp-json\/wp\/v2\/categories?post=1253"},{"taxonomy":"post_tag","embeddable":true,"href":"https:\/\/agora.xtec.cat\/ceip-jrj\/wp-json\/wp\/v2\/tags?post=1253"}],"curies":[{"name":"wp","href":"https:\/\/api.w.org\/{rel}","templated":true}]}}