{"id":6079,"date":"2026-03-15T20:17:35","date_gmt":"2026-03-15T19:17:35","guid":{"rendered":"https:\/\/agora.xtec.cat\/ceip-joma\/?p=6079"},"modified":"2026-03-15T20:19:12","modified_gmt":"2026-03-15T19:19:12","slug":"la-dansa-entra-a-les-aules-de-1r-i-2n","status":"publish","type":"post","link":"https:\/\/agora.xtec.cat\/ceip-joma\/portada\/la-dansa-entra-a-les-aules-de-1r-i-2n\/","title":{"rendered":"LA DANSA ENTRA A LES AULES DE 1R I 2N\ud83c\udf89\ud83d\udc6f\u200d\u2640\ufe0f"},"content":{"rendered":"<p class=\"isSelectedEnd\">A les classes de 1r i 2n estem immersos en una nova aventura d\u2019aprenentatge dins de l\u2019eix transversal de l\u2019escola d\u2019aquest curs: \u201cL\u2019escenari dels somnis\u201d.<\/p>\n<p class=\"isSelectedEnd\">A l\u2019aula estem parlant i investigant diversos tipus de dansa: <strong>la dansa cl\u00e0ssica, les danses tradicionals, la dansa urbana, les danses del m\u00f3n i la dansa contempor\u00e0nia.<\/strong> No nom\u00e9s en coneixem algunes dades i caracter\u00edstiques, sin\u00f3 que tamb\u00e9 fem petits tastets de ball, provant moviments i ritmes diferents. Aix\u00ed podem entendre que cada dansa t\u00e9 la seva m\u00fasica, els seus passos i una manera especial d\u2019expressar-se.<\/p>\n<p class=\"isSelectedEnd\">Enmig del treball de la dansa tradicional, el Liam de 2n ens ha portat el seu <strong>gegant\u00f3,<\/strong> i hem pogut observar-lo de prop i fins i tot fer-lo ballar. Va ser un moment molt emocionant que ens va ajudar a connectar la dansa amb les tradicions i les festes del nostre entorn.<\/p>\n<p class=\"isSelectedEnd\"><img loading=\"lazy\" decoding=\"async\" class=\"alignleft\" src=\"https:\/\/agora.xtec.cat\/ceip-joma\/wp-content\/uploads\/usu1530\/2026\/03\/IMG_0401-scaled.jpg\" width=\"214\" height=\"267\" \/>Per\u00f2 una de les experi\u00e8ncies m\u00e9s boniques ha estat la <strong>sortida a la sala de l\u2019Ajuntament.<\/strong> Gr\u00e0cies a la fam\u00edlia del Liam de 2n, que ens ha facilitat aquesta oportunitat, vam poder entrar-hi i descobrir-los de ben a prop.\u00a0All\u00e0 vam con\u00e8ixer els gegants del poble,<strong> la Carol i el Sold\u00f3,<\/strong> i vam tenir la sort de veure com els feien ballar. A m\u00e9s, volem agrair tamb\u00e9 la participaci\u00f3 dels alumnes Ton i Elna de 5\u00e8, que van venir a tocar la gralla i la caixa, fent possible una petita demostraci\u00f3 que ens va fer sentir com si estigu\u00e9ssim en plena festa.<\/p>\n<p class=\"isSelectedEnd\"><a href=\"https:\/\/agora.xtec.cat\/ceip-joma\/wp-content\/uploads\/usu1530\/2026\/03\/IMG_0414-1-scaled.jpg\"><img loading=\"lazy\" decoding=\"async\" class=\"wp-image-6081 alignright\" src=\"https:\/\/agora.xtec.cat\/ceip-joma\/wp-content\/uploads\/usu1530\/2026\/03\/IMG_0414-1-1024x916.jpg\" alt=\"\" width=\"332\" height=\"297\" srcset=\"https:\/\/agora.xtec.cat\/ceip-joma\/wp-content\/uploads\/usu1530\/2026\/03\/IMG_0414-1-1024x916.jpg 1024w, https:\/\/agora.xtec.cat\/ceip-joma\/wp-content\/uploads\/usu1530\/2026\/03\/IMG_0414-1-300x268.jpg 300w, https:\/\/agora.xtec.cat\/ceip-joma\/wp-content\/uploads\/usu1530\/2026\/03\/IMG_0414-1-768x687.jpg 768w, https:\/\/agora.xtec.cat\/ceip-joma\/wp-content\/uploads\/usu1530\/2026\/03\/IMG_0414-1-1536x1374.jpg 1536w, https:\/\/agora.xtec.cat\/ceip-joma\/wp-content\/uploads\/usu1530\/2026\/03\/IMG_0414-1-2048x1832.jpg 2048w\" sizes=\"auto, (max-width: 332px) 100vw, 332px\" \/><\/a><\/p>\n<p>&nbsp;<\/p>\n<p class=\"isSelectedEnd\">Un dels moments que m\u00e9s ens va impressionar va ser quan ens van deixar posar-nos a sota dels gegants. Des d\u2019all\u00e0 dins vam poder sentir de primera m\u00e0 com \u00e9s portar-los\u2026 i tamb\u00e9 ens vam sentir ben petits! Va ser una experi\u00e8ncia divertida i molt especial que segur que recordarem. Volem donar-los les gr\u00e0cies de tot cor a <strong>l&#8217;\u00c0lex,<\/strong> el pare del Liam, i als altres <strong>membres de la Colla Gegantera<\/strong> per haver-nos obert les portes i haver fet possible aquesta visita tan especial.<\/p>\n<p>Continuarem treballant la dansa durant el curs, descobrint nous estils, moviments i maneres d\u2019expressar-nos. A les classes de 1r i 2n tenim clar que ballar, aprendre i compartir tradicions ens encanta! Podeu anar veient les fotografies del projecte de dansa a l&#8217;enlla\u00e7 que teniu compartit dins de <strong>PETITS\/ES &#8211; Projecte &#8211; La dansa.<\/strong><\/p>\n","protected":false},"excerpt":{"rendered":"<p>A les classes de 1r i 2n estem immersos en una nova aventura d\u2019aprenentatge dins de l\u2019eix transversal de l\u2019escola d\u2019aquest curs: \u201cL\u2019escenari dels somnis\u201d. A l\u2019aula estem parlant i investigant diversos tipus de dansa: la dansa cl\u00e0ssica, les danses tradicionals, la dansa urbana, les danses del m\u00f3n i la dansa contempor\u00e0nia. No nom\u00e9s en [&hellip;]<\/p>\n","protected":false},"author":34,"featured_media":6080,"comment_status":"open","ping_status":"open","sticky":false,"template":"","format":"standard","meta":{"_bbp_topic_count":0,"_bbp_reply_count":0,"_bbp_total_topic_count":0,"_bbp_total_reply_count":0,"_bbp_voice_count":0,"_bbp_anonymous_reply_count":0,"_bbp_topic_count_hidden":0,"_bbp_reply_count_hidden":0,"_bbp_forum_subforum_count":0,"site-sidebar-layout":"default","site-content-layout":"","ast-site-content-layout":"default","site-content-style":"default","site-sidebar-style":"default","ast-global-header-display":"","ast-banner-title-visibility":"","ast-main-header-display":"","ast-hfb-above-header-display":"","ast-hfb-below-header-display":"","ast-hfb-mobile-header-display":"","site-post-title":"","ast-breadcrumbs-content":"","ast-featured-img":"","footer-sml-layout":"","theme-transparent-header-meta":"default","adv-header-id-meta":"","stick-header-meta":"","header-above-stick-meta":"","header-main-stick-meta":"","header-below-stick-meta":"","astra-migrate-meta-layouts":"set","ast-page-background-enabled":"default","ast-page-background-meta":{"desktop":{"background-color":"var(--ast-global-color-4)","background-image":"","background-repeat":"repeat","background-position":"center center","background-size":"auto","background-attachment":"scroll","background-type":"","background-media":"","overlay-type":"","overlay-color":"","overlay-opacity":"","overlay-gradient":""},"tablet":{"background-color":"","background-image":"","background-repeat":"repeat","background-position":"center center","background-size":"auto","background-attachment":"scroll","background-type":"","background-media":"","overlay-type":"","overlay-color":"","overlay-opacity":"","overlay-gradient":""},"mobile":{"background-color":"","background-image":"","background-repeat":"repeat","background-position":"center center","background-size":"auto","background-attachment":"scroll","background-type":"","background-media":"","overlay-type":"","overlay-color":"","overlay-opacity":"","overlay-gradient":""}},"ast-content-background-meta":{"desktop":{"background-color":"var(--ast-global-color-5)","background-image":"","background-repeat":"repeat","background-position":"center center","background-size":"auto","background-attachment":"scroll","background-type":"","background-media":"","overlay-type":"","overlay-color":"","overlay-opacity":"","overlay-gradient":""},"tablet":{"background-color":"var(--ast-global-color-5)","background-image":"","background-repeat":"repeat","background-position":"center center","background-size":"auto","background-attachment":"scroll","background-type":"","background-media":"","overlay-type":"","overlay-color":"","overlay-opacity":"","overlay-gradient":""},"mobile":{"background-color":"var(--ast-global-color-5)","background-image":"","background-repeat":"repeat","background-position":"center center","background-size":"auto","background-attachment":"scroll","background-type":"","background-media":"","overlay-type":"","overlay-color":"","overlay-opacity":"","overlay-gradient":""}},"footnotes":""},"categories":[63,110,184,4],"tags":[175,119,71,157,195,69,16],"class_list":["post-6079","post","type-post","status-publish","format-standard","has-post-thumbnail","hentry","category-activescola","category-articles","category-comunitat-de-menuts-des","category-portada","tag-1r","tag-2n","tag-cicle-inicial","tag-comunitat-de-petits","tag-dansa","tag-projecte","tag-sortides"],"post_mailing_queue_ids":[],"_links":{"self":[{"href":"https:\/\/agora.xtec.cat\/ceip-joma\/wp-json\/wp\/v2\/posts\/6079","targetHints":{"allow":["GET"]}}],"collection":[{"href":"https:\/\/agora.xtec.cat\/ceip-joma\/wp-json\/wp\/v2\/posts"}],"about":[{"href":"https:\/\/agora.xtec.cat\/ceip-joma\/wp-json\/wp\/v2\/types\/post"}],"author":[{"embeddable":true,"href":"https:\/\/agora.xtec.cat\/ceip-joma\/wp-json\/wp\/v2\/users\/34"}],"replies":[{"embeddable":true,"href":"https:\/\/agora.xtec.cat\/ceip-joma\/wp-json\/wp\/v2\/comments?post=6079"}],"version-history":[{"count":2,"href":"https:\/\/agora.xtec.cat\/ceip-joma\/wp-json\/wp\/v2\/posts\/6079\/revisions"}],"predecessor-version":[{"id":6083,"href":"https:\/\/agora.xtec.cat\/ceip-joma\/wp-json\/wp\/v2\/posts\/6079\/revisions\/6083"}],"wp:featuredmedia":[{"embeddable":true,"href":"https:\/\/agora.xtec.cat\/ceip-joma\/wp-json\/wp\/v2\/media\/6080"}],"wp:attachment":[{"href":"https:\/\/agora.xtec.cat\/ceip-joma\/wp-json\/wp\/v2\/media?parent=6079"}],"wp:term":[{"taxonomy":"category","embeddable":true,"href":"https:\/\/agora.xtec.cat\/ceip-joma\/wp-json\/wp\/v2\/categories?post=6079"},{"taxonomy":"post_tag","embeddable":true,"href":"https:\/\/agora.xtec.cat\/ceip-joma\/wp-json\/wp\/v2\/tags?post=6079"}],"curies":[{"name":"wp","href":"https:\/\/api.w.org\/{rel}","templated":true}]}}