{"id":6001,"date":"2026-02-20T16:36:21","date_gmt":"2026-02-20T15:36:21","guid":{"rendered":"https:\/\/agora.xtec.cat\/ceip-joma\/?p=6001"},"modified":"2026-02-20T16:36:21","modified_gmt":"2026-02-20T15:36:21","slug":"descobrim-el-mon-dels-esser-vius-%f0%9f%90%be%f0%9f%8c%bf","status":"publish","type":"post","link":"https:\/\/agora.xtec.cat\/ceip-joma\/portada\/descobrim-el-mon-dels-esser-vius-%f0%9f%90%be%f0%9f%8c%bf\/","title":{"rendered":"DESCOBRIM EL M\u00d3N DELS \u00c9SSER VIUS ! \ud83d\udc3e\ud83c\udf3f"},"content":{"rendered":"<p style=\"text-align: center;\"><a href=\"https:\/\/agora.xtec.cat\/ceip-joma\/wp-content\/uploads\/usu1530\/2026\/02\/web-2.jpg\"><img loading=\"lazy\" decoding=\"async\" class=\"alignnone size-large wp-image-6012\" src=\"https:\/\/agora.xtec.cat\/ceip-joma\/wp-content\/uploads\/usu1530\/2026\/02\/web-2-1024x768.jpg\" alt=\"\" width=\"1024\" height=\"768\" srcset=\"https:\/\/agora.xtec.cat\/ceip-joma\/wp-content\/uploads\/usu1530\/2026\/02\/web-2-1024x768.jpg 1024w, https:\/\/agora.xtec.cat\/ceip-joma\/wp-content\/uploads\/usu1530\/2026\/02\/web-2-300x225.jpg 300w, https:\/\/agora.xtec.cat\/ceip-joma\/wp-content\/uploads\/usu1530\/2026\/02\/web-2-768x576.jpg 768w, https:\/\/agora.xtec.cat\/ceip-joma\/wp-content\/uploads\/usu1530\/2026\/02\/web-2-1536x1152.jpg 1536w, https:\/\/agora.xtec.cat\/ceip-joma\/wp-content\/uploads\/usu1530\/2026\/02\/web-2.jpg 1800w\" sizes=\"auto, (max-width: 1024px) 100vw, 1024px\" \/><\/a><\/p>\n<p>A la <span class=\"font-semibold\" data-streamdown=\"strong\">Comunitat de Grans (5\u00e8 i 6\u00e8)<\/span> hem estat immersos\u00a0 tot el 1r trimestre i gran part del 2n en un apassionant <span class=\"font-semibold\" data-streamdown=\"strong\">projecte sobre ELS \u00c9SSERS VIUS<\/span>. L\u2019objectiu d\u2019aquest projecte ha estat con\u00e8ixer millor la diversitat del m\u00f3n natural, comprendre com es relacionen els diferents organismes amb el seu entorn i reflexionar sobre la import\u00e0ncia de cuidar el nostre planeta.<\/p>\n<p>Per dur-lo a terme, ens hem convertit en petits cient\u00edfics i cient\u00edfiques i, a trav\u00e9s de l\u2019observaci\u00f3, la investigaci\u00f3, l\u2019experimentaci\u00f3, la creativitat i la formulaci\u00f3 d\u2019hip\u00f2tesis, hem apr\u00e8s com s\u00f3n i com funcionen els \u00e9ssers vius que ens envolten.<\/p>\n<p>Ha estat un llarg i emocionant projecte!!! \ud83d\ude42<\/p>\n<p>Podeu trobar <em>TOT<\/em> a l&#8217;enlla\u00e7 que teniu compartit dins la carpeta <strong>GRANS &#8211; Projecte \u00c9SSERS VIUS.\u00a0<\/strong>All\u00e0 podreu accedir a:<\/p>\n<ul>\n<li>PRESENTACI\u00d3 DEL PROJECTE (amb explicacions, enlla\u00e7os i fotografies).<\/li>\n<li>EXPOSICIONS V\u00cdDEOS (carpeta on trobareu tots els v\u00eddeos i imatges de les exposicions).<\/li>\n<li>FOTOGRAFIES DEL PROJECTE (carpeta amb totes les imatges del projecte).<\/li>\n<\/ul>\n<p>Ha estat una experi\u00e8ncia molt enriquidora que ens ha ajudat a entendre millor el m\u00f3n que ens envolta. Continuarem observant, fent preguntes i descobrint, perqu\u00e8 la ci\u00e8ncia \u00e9s a tot arreu! \ud83c\udf31<\/p>\n","protected":false},"excerpt":{"rendered":"<p>A la Comunitat de Grans (5\u00e8 i 6\u00e8) hem estat immersos\u00a0 tot el 1r trimestre i gran part del 2n en un apassionant projecte sobre ELS \u00c9SSERS VIUS. L\u2019objectiu d\u2019aquest projecte ha estat con\u00e8ixer millor la diversitat del m\u00f3n natural, comprendre com es relacionen els diferents organismes amb el seu entorn i reflexionar sobre la [&hellip;]<\/p>\n","protected":false},"author":22,"featured_media":6008,"comment_status":"open","ping_status":"open","sticky":false,"template":"","format":"standard","meta":{"_bbp_topic_count":0,"_bbp_reply_count":0,"_bbp_total_topic_count":0,"_bbp_total_reply_count":0,"_bbp_voice_count":0,"_bbp_anonymous_reply_count":0,"_bbp_topic_count_hidden":0,"_bbp_reply_count_hidden":0,"_bbp_forum_subforum_count":0,"site-sidebar-layout":"default","site-content-layout":"","ast-site-content-layout":"default","site-content-style":"default","site-sidebar-style":"default","ast-global-header-display":"","ast-banner-title-visibility":"","ast-main-header-display":"","ast-hfb-above-header-display":"","ast-hfb-below-header-display":"","ast-hfb-mobile-header-display":"","site-post-title":"","ast-breadcrumbs-content":"","ast-featured-img":"","footer-sml-layout":"","theme-transparent-header-meta":"default","adv-header-id-meta":"","stick-header-meta":"","header-above-stick-meta":"","header-main-stick-meta":"","header-below-stick-meta":"","astra-migrate-meta-layouts":"set","ast-page-background-enabled":"default","ast-page-background-meta":{"desktop":{"background-color":"var(--ast-global-color-4)","background-image":"","background-repeat":"repeat","background-position":"center center","background-size":"auto","background-attachment":"scroll","background-type":"","background-media":"","overlay-type":"","overlay-color":"","overlay-opacity":"","overlay-gradient":""},"tablet":{"background-color":"","background-image":"","background-repeat":"repeat","background-position":"center center","background-size":"auto","background-attachment":"scroll","background-type":"","background-media":"","overlay-type":"","overlay-color":"","overlay-opacity":"","overlay-gradient":""},"mobile":{"background-color":"","background-image":"","background-repeat":"repeat","background-position":"center center","background-size":"auto","background-attachment":"scroll","background-type":"","background-media":"","overlay-type":"","overlay-color":"","overlay-opacity":"","overlay-gradient":""}},"ast-content-background-meta":{"desktop":{"background-color":"var(--ast-global-color-5)","background-image":"","background-repeat":"repeat","background-position":"center center","background-size":"auto","background-attachment":"scroll","background-type":"","background-media":"","overlay-type":"","overlay-color":"","overlay-opacity":"","overlay-gradient":""},"tablet":{"background-color":"var(--ast-global-color-5)","background-image":"","background-repeat":"repeat","background-position":"center center","background-size":"auto","background-attachment":"scroll","background-type":"","background-media":"","overlay-type":"","overlay-color":"","overlay-opacity":"","overlay-gradient":""},"mobile":{"background-color":"var(--ast-global-color-5)","background-image":"","background-repeat":"repeat","background-position":"center center","background-size":"auto","background-attachment":"scroll","background-type":"","background-media":"","overlay-type":"","overlay-color":"","overlay-opacity":"","overlay-gradient":""}},"footnotes":""},"categories":[98,4],"tags":[101,69],"class_list":["post-6001","post","type-post","status-publish","format-standard","has-post-thumbnail","hentry","category-cg","category-portada","tag-comunitat-de-grans","tag-projecte"],"post_mailing_queue_ids":[],"_links":{"self":[{"href":"https:\/\/agora.xtec.cat\/ceip-joma\/wp-json\/wp\/v2\/posts\/6001","targetHints":{"allow":["GET"]}}],"collection":[{"href":"https:\/\/agora.xtec.cat\/ceip-joma\/wp-json\/wp\/v2\/posts"}],"about":[{"href":"https:\/\/agora.xtec.cat\/ceip-joma\/wp-json\/wp\/v2\/types\/post"}],"author":[{"embeddable":true,"href":"https:\/\/agora.xtec.cat\/ceip-joma\/wp-json\/wp\/v2\/users\/22"}],"replies":[{"embeddable":true,"href":"https:\/\/agora.xtec.cat\/ceip-joma\/wp-json\/wp\/v2\/comments?post=6001"}],"version-history":[{"count":6,"href":"https:\/\/agora.xtec.cat\/ceip-joma\/wp-json\/wp\/v2\/posts\/6001\/revisions"}],"predecessor-version":[{"id":6015,"href":"https:\/\/agora.xtec.cat\/ceip-joma\/wp-json\/wp\/v2\/posts\/6001\/revisions\/6015"}],"wp:featuredmedia":[{"embeddable":true,"href":"https:\/\/agora.xtec.cat\/ceip-joma\/wp-json\/wp\/v2\/media\/6008"}],"wp:attachment":[{"href":"https:\/\/agora.xtec.cat\/ceip-joma\/wp-json\/wp\/v2\/media?parent=6001"}],"wp:term":[{"taxonomy":"category","embeddable":true,"href":"https:\/\/agora.xtec.cat\/ceip-joma\/wp-json\/wp\/v2\/categories?post=6001"},{"taxonomy":"post_tag","embeddable":true,"href":"https:\/\/agora.xtec.cat\/ceip-joma\/wp-json\/wp\/v2\/tags?post=6001"}],"curies":[{"name":"wp","href":"https:\/\/api.w.org\/{rel}","templated":true}]}}