{"id":5965,"date":"2026-02-06T14:09:36","date_gmt":"2026-02-06T13:09:36","guid":{"rendered":"https:\/\/agora.xtec.cat\/ceip-joma\/?p=5965"},"modified":"2026-03-03T13:39:40","modified_gmt":"2026-03-03T12:39:40","slug":"tallers-a-la-comunitat-de-petits-es","status":"publish","type":"post","link":"https:\/\/agora.xtec.cat\/ceip-joma\/antiga-general\/tallers-a-la-comunitat-de-petits-es\/","title":{"rendered":"TALLERS A LA COMUNITAT DE PETITS\/ES\ud83e\udd16\ud83e\ude8f\ud83c\udfa8"},"content":{"rendered":"<p>L&#8217;alumnat de 1r i 2n apostem per un aprenentatge actiu i vivencial, on els infants s\u00f3n els protagonistes del seu propi proc\u00e9s d\u2019aprenentatge. Per aquest motiu, organitzem tallers que fomenten la curiositat, la creativitat i el treball cooperatiu. Actualment, duem a terme tres tallers principals: <strong>rob\u00f2tica, pl\u00e0stica i hort.<\/strong><\/p>\n<p data-start=\"79\" data-end=\"395\"><strong><a href=\"https:\/\/agora.xtec.cat\/ceip-joma\/wp-content\/uploads\/usu1530\/2026\/02\/E558D74B-DA0F-418A-9FEB-8ED758DCB433.jpg\"><img loading=\"lazy\" decoding=\"async\" class=\"wp-image-5969 alignright\" src=\"https:\/\/agora.xtec.cat\/ceip-joma\/wp-content\/uploads\/usu1530\/2026\/02\/E558D74B-DA0F-418A-9FEB-8ED758DCB433-1024x1024.jpg\" alt=\"\" width=\"270\" height=\"270\" srcset=\"https:\/\/agora.xtec.cat\/ceip-joma\/wp-content\/uploads\/usu1530\/2026\/02\/E558D74B-DA0F-418A-9FEB-8ED758DCB433-1024x1024.jpg 1024w, https:\/\/agora.xtec.cat\/ceip-joma\/wp-content\/uploads\/usu1530\/2026\/02\/E558D74B-DA0F-418A-9FEB-8ED758DCB433-300x300.jpg 300w, https:\/\/agora.xtec.cat\/ceip-joma\/wp-content\/uploads\/usu1530\/2026\/02\/E558D74B-DA0F-418A-9FEB-8ED758DCB433-150x150.jpg 150w, https:\/\/agora.xtec.cat\/ceip-joma\/wp-content\/uploads\/usu1530\/2026\/02\/E558D74B-DA0F-418A-9FEB-8ED758DCB433-768x768.jpg 768w, https:\/\/agora.xtec.cat\/ceip-joma\/wp-content\/uploads\/usu1530\/2026\/02\/E558D74B-DA0F-418A-9FEB-8ED758DCB433-1536x1536.jpg 1536w, https:\/\/agora.xtec.cat\/ceip-joma\/wp-content\/uploads\/usu1530\/2026\/02\/E558D74B-DA0F-418A-9FEB-8ED758DCB433.jpg 2048w\" sizes=\"auto, (max-width: 270px) 100vw, 270px\" \/><\/a>Hort:<\/strong> Al taller d&#8217;hort aprenem plegats tenint cura de les taules de cultiu: traiem males herbes, preparem la terra, plantem i observem el creixement de diferents hortalisses. Al llarg del proc\u00e9s descobrim les parts de les plantes, els tipus de terra i qu\u00e8 cal plantar segons l\u2019estaci\u00f3, tot treballant valors com la sostenibilitat, el respecte per la natura i els ODS. Tamb\u00e9 afrontem reptes, com millorar el reg o protegir el planter del fred, trobant solucions creatives amb l\u2019ajuda d\u2019altres alumnes.<\/p>\n<p data-start=\"734\" data-end=\"989\">El projecte vol anar m\u00e9s enll\u00e0 de plantar: volem crear un jard\u00ed i aprendre diferents formes de reproducci\u00f3 de les plantes. Ja hem comen\u00e7at a repartir alguns enciams i, m\u00e9s endavant, compartirem una amanida amb tot el que hem cultivat!<\/p>\n<p data-start=\"734\" data-end=\"989\"><strong><a href=\"https:\/\/agora.xtec.cat\/ceip-joma\/wp-content\/uploads\/usu1530\/2026\/02\/IMG_9830.jpg\"><img loading=\"lazy\" decoding=\"async\" class=\"wp-image-5970 alignleft\" src=\"https:\/\/agora.xtec.cat\/ceip-joma\/wp-content\/uploads\/usu1530\/2026\/02\/IMG_9830-1012x1024.jpg\" alt=\"\" width=\"251\" height=\"254\" srcset=\"https:\/\/agora.xtec.cat\/ceip-joma\/wp-content\/uploads\/usu1530\/2026\/02\/IMG_9830-1012x1024.jpg 1012w, https:\/\/agora.xtec.cat\/ceip-joma\/wp-content\/uploads\/usu1530\/2026\/02\/IMG_9830-296x300.jpg 296w, https:\/\/agora.xtec.cat\/ceip-joma\/wp-content\/uploads\/usu1530\/2026\/02\/IMG_9830-768x777.jpg 768w, https:\/\/agora.xtec.cat\/ceip-joma\/wp-content\/uploads\/usu1530\/2026\/02\/IMG_9830.jpg 1077w\" sizes=\"auto, (max-width: 251px) 100vw, 251px\" \/><\/a>Rob\u00f2tica: <\/strong>El taller de rob\u00f2tica \u00e9s un espai d\u2019aprenentatge actiu on els infants descobreixen el m\u00f3n de la programaci\u00f3 i el pensament computacional d\u2019una manera l\u00fadica i manipulativa. A trav\u00e9s del joc, experimenten, proven, s\u2019equivoquen i tornen a intentar-ho, desenvolupant habilitats essencials per al seu aprenentatge. Durant el taller treballem la l\u00f2gica, la resoluci\u00f3 de problemes, l\u2019orientaci\u00f3 espacial, la creativitat i el treball cooperatiu. Els infants aprenen a planificar seq\u00fc\u00e8ncies, donar instruccions clares i anticipar resultats, tot refor\u00e7ant l\u2019autonomia i la confian\u00e7a en les seves capacitats.<\/p>\n<p data-start=\"443\" data-end=\"730\">Utilitzem diferents eines i materials adaptats a l\u2019edat, com Scratch Junior per iniciar-se en la programaci\u00f3 visual, robots educatius com Code&amp;Go, Blue-Bot i mTiny, i activitats de muntatge amb engranatges i peces que els permeten entendre com funcionen els mecanismes.<\/p>\n<p data-start=\"1013\" data-end=\"1202\"><strong><a href=\"https:\/\/agora.xtec.cat\/ceip-joma\/wp-content\/uploads\/usu1530\/2026\/02\/CD8E60AD-0D02-480D-83AB-A7F6BE4782C5.jpg\"><img loading=\"lazy\" decoding=\"async\" class=\"wp-image-5971 alignright\" src=\"https:\/\/agora.xtec.cat\/ceip-joma\/wp-content\/uploads\/usu1530\/2026\/02\/CD8E60AD-0D02-480D-83AB-A7F6BE4782C5-1024x1024.jpg\" alt=\"\" width=\"259\" height=\"259\" srcset=\"https:\/\/agora.xtec.cat\/ceip-joma\/wp-content\/uploads\/usu1530\/2026\/02\/CD8E60AD-0D02-480D-83AB-A7F6BE4782C5-1024x1024.jpg 1024w, https:\/\/agora.xtec.cat\/ceip-joma\/wp-content\/uploads\/usu1530\/2026\/02\/CD8E60AD-0D02-480D-83AB-A7F6BE4782C5-300x300.jpg 300w, https:\/\/agora.xtec.cat\/ceip-joma\/wp-content\/uploads\/usu1530\/2026\/02\/CD8E60AD-0D02-480D-83AB-A7F6BE4782C5-150x150.jpg 150w, https:\/\/agora.xtec.cat\/ceip-joma\/wp-content\/uploads\/usu1530\/2026\/02\/CD8E60AD-0D02-480D-83AB-A7F6BE4782C5-768x768.jpg 768w, https:\/\/agora.xtec.cat\/ceip-joma\/wp-content\/uploads\/usu1530\/2026\/02\/CD8E60AD-0D02-480D-83AB-A7F6BE4782C5-1536x1536.jpg 1536w, https:\/\/agora.xtec.cat\/ceip-joma\/wp-content\/uploads\/usu1530\/2026\/02\/CD8E60AD-0D02-480D-83AB-A7F6BE4782C5.jpg 2048w\" sizes=\"auto, (max-width: 259px) 100vw, 259px\" \/><\/a>Pl\u00e0stica:\u00a0<\/strong>El taller de pl\u00e0stica \u00e9s un espai de creativitat i expressi\u00f3 on els infants exploren l\u2019art de\u00a0maneres diverses. Dediquem algunes sessions a l\u2019expressi\u00f3 lliure, on poden crear a partir de les seves idees i emocions, i d\u2019altres a manualitats guiades que els ajuden a con\u00e8ixer i practicar diferents t\u00e8cniques.<\/p>\n<p data-start=\"387\" data-end=\"677\">Tamb\u00e9 reservem temps per descobrir artistes de diferents \u00e8poques i proced\u00e8ncies. Ens submergim en la seva obra i la reinterpretem des de la imaginaci\u00f3 i el punt de vista de cada infant, fomentant la creativitat, l\u2019esperit cr\u00edtic i el respecte per les diferents formes d\u2019expressi\u00f3 art\u00edstica. Aquest taller contribueix a fer de l\u2019art una experi\u00e8ncia significativa i personal.<\/p>\n<p>Podeu trobar les <strong>fotografies<\/strong> dels tallers a l&#8217;enlla\u00e7 que teniu compartit, dins de la<strong> carpeta PETITS\/ES &#8211; Tallers.<\/strong><\/p>\n","protected":false},"excerpt":{"rendered":"<p>L&#8217;alumnat de 1r i 2n apostem per un aprenentatge actiu i vivencial, on els infants s\u00f3n els protagonistes del seu propi proc\u00e9s d\u2019aprenentatge. Per aquest motiu, organitzem tallers que fomenten la curiositat, la creativitat i el treball cooperatiu. Actualment, duem a terme tres tallers principals: rob\u00f2tica, pl\u00e0stica i hort. Hort: Al taller d&#8217;hort aprenem plegats [&hellip;]<\/p>\n","protected":false},"author":34,"featured_media":5972,"comment_status":"open","ping_status":"open","sticky":false,"template":"","format":"standard","meta":{"_bbp_topic_count":0,"_bbp_reply_count":0,"_bbp_total_topic_count":0,"_bbp_total_reply_count":0,"_bbp_voice_count":0,"_bbp_anonymous_reply_count":0,"_bbp_topic_count_hidden":0,"_bbp_reply_count_hidden":0,"_bbp_forum_subforum_count":0,"site-sidebar-layout":"default","site-content-layout":"","ast-site-content-layout":"default","site-content-style":"default","site-sidebar-style":"default","ast-global-header-display":"","ast-banner-title-visibility":"","ast-main-header-display":"","ast-hfb-above-header-display":"","ast-hfb-below-header-display":"","ast-hfb-mobile-header-display":"","site-post-title":"","ast-breadcrumbs-content":"","ast-featured-img":"","footer-sml-layout":"","theme-transparent-header-meta":"default","adv-header-id-meta":"","stick-header-meta":"","header-above-stick-meta":"","header-main-stick-meta":"","header-below-stick-meta":"","astra-migrate-meta-layouts":"set","ast-page-background-enabled":"default","ast-page-background-meta":{"desktop":{"background-color":"var(--ast-global-color-4)","background-image":"","background-repeat":"repeat","background-position":"center center","background-size":"auto","background-attachment":"scroll","background-type":"","background-media":"","overlay-type":"","overlay-color":"","overlay-opacity":"","overlay-gradient":""},"tablet":{"background-color":"","background-image":"","background-repeat":"repeat","background-position":"center center","background-size":"auto","background-attachment":"scroll","background-type":"","background-media":"","overlay-type":"","overlay-color":"","overlay-opacity":"","overlay-gradient":""},"mobile":{"background-color":"","background-image":"","background-repeat":"repeat","background-position":"center center","background-size":"auto","background-attachment":"scroll","background-type":"","background-media":"","overlay-type":"","overlay-color":"","overlay-opacity":"","overlay-gradient":""}},"ast-content-background-meta":{"desktop":{"background-color":"var(--ast-global-color-5)","background-image":"","background-repeat":"repeat","background-position":"center center","background-size":"auto","background-attachment":"scroll","background-type":"","background-media":"","overlay-type":"","overlay-color":"","overlay-opacity":"","overlay-gradient":""},"tablet":{"background-color":"var(--ast-global-color-5)","background-image":"","background-repeat":"repeat","background-position":"center center","background-size":"auto","background-attachment":"scroll","background-type":"","background-media":"","overlay-type":"","overlay-color":"","overlay-opacity":"","overlay-gradient":""},"mobile":{"background-color":"var(--ast-global-color-5)","background-image":"","background-repeat":"repeat","background-position":"center center","background-size":"auto","background-attachment":"scroll","background-type":"","background-media":"","overlay-type":"","overlay-color":"","overlay-opacity":"","overlay-gradient":""}},"footnotes":""},"categories":[63,1,110,184,4],"tags":[175,119,103],"class_list":["post-5965","post","type-post","status-publish","format-standard","has-post-thumbnail","hentry","category-activescola","category-antiga-general","category-articles","category-comunitat-de-menuts-des","category-portada","tag-1r","tag-2n","tag-tallers"],"post_mailing_queue_ids":[],"_links":{"self":[{"href":"https:\/\/agora.xtec.cat\/ceip-joma\/wp-json\/wp\/v2\/posts\/5965","targetHints":{"allow":["GET"]}}],"collection":[{"href":"https:\/\/agora.xtec.cat\/ceip-joma\/wp-json\/wp\/v2\/posts"}],"about":[{"href":"https:\/\/agora.xtec.cat\/ceip-joma\/wp-json\/wp\/v2\/types\/post"}],"author":[{"embeddable":true,"href":"https:\/\/agora.xtec.cat\/ceip-joma\/wp-json\/wp\/v2\/users\/34"}],"replies":[{"embeddable":true,"href":"https:\/\/agora.xtec.cat\/ceip-joma\/wp-json\/wp\/v2\/comments?post=5965"}],"version-history":[{"count":3,"href":"https:\/\/agora.xtec.cat\/ceip-joma\/wp-json\/wp\/v2\/posts\/5965\/revisions"}],"predecessor-version":[{"id":6061,"href":"https:\/\/agora.xtec.cat\/ceip-joma\/wp-json\/wp\/v2\/posts\/5965\/revisions\/6061"}],"wp:featuredmedia":[{"embeddable":true,"href":"https:\/\/agora.xtec.cat\/ceip-joma\/wp-json\/wp\/v2\/media\/5972"}],"wp:attachment":[{"href":"https:\/\/agora.xtec.cat\/ceip-joma\/wp-json\/wp\/v2\/media?parent=5965"}],"wp:term":[{"taxonomy":"category","embeddable":true,"href":"https:\/\/agora.xtec.cat\/ceip-joma\/wp-json\/wp\/v2\/categories?post=5965"},{"taxonomy":"post_tag","embeddable":true,"href":"https:\/\/agora.xtec.cat\/ceip-joma\/wp-json\/wp\/v2\/tags?post=5965"}],"curies":[{"name":"wp","href":"https:\/\/api.w.org\/{rel}","templated":true}]}}