{"id":5957,"date":"2026-01-27T23:04:58","date_gmt":"2026-01-27T22:04:58","guid":{"rendered":"https:\/\/agora.xtec.cat\/ceip-joma\/?p=5957"},"modified":"2026-01-27T23:04:58","modified_gmt":"2026-01-27T22:04:58","slug":"xerrada-sobre-seguretat-a-internet","status":"publish","type":"post","link":"https:\/\/agora.xtec.cat\/ceip-joma\/antiga-general\/xerrada-sobre-seguretat-a-internet\/","title":{"rendered":"XERRADA SOBRE SEGURETAT A INTERNET"},"content":{"rendered":"<p>Avui l&#8217;alumnat de 5\u00e8 i 6\u00e8 ha participat en una xerrada educativa a c\u00e0rrec d\u2019en <strong>Rub\u00e9n<\/strong>, <strong>Mosso d\u2019Esquadra<\/strong>, centrada en els <strong>riscos de l\u2019\u00fas de les xarxes socials<\/strong> i d\u2019Internet, especialment entre infants i adolescents. <img loading=\"lazy\" decoding=\"async\" class=\"attachment-266x266  alignright\" src=\"https:\/\/agora.xtec.cat\/ceip-joma\/wp-content\/uploads\/usu1530\/2026\/01\/m-2-150x150-1.jpg\" alt=\"\" width=\"177\" height=\"177\" \/><\/p>\n<p>Durant la sessi\u00f3, en Rub\u00e9n ens\u00a0ha explicat de manera clara i propera quins s\u00f3n els principals perills que podem trobar els nens i nenes a l\u2019entorn digital, com ara la <strong>p\u00e8rdua de la privacitat<\/strong>, el <strong>ciberassetjament<\/strong>, el <strong>contacte amb persones desconegudes<\/strong>, la <strong>difusi\u00f3 d\u2019imatges sense consentiment<\/strong> o la import\u00e0ncia de fer un <strong>\u00fas responsable de la informaci\u00f3 personal<\/strong>.<\/p>\n<p>A trav\u00e9s d\u2019exemples reals i situacions quotidianes, en Rub\u00e9n ens ha ajudat a prendre consci\u00e8ncia de com les xarxes socials poden tenir conseq\u00fc\u00e8ncies legals i emocionals si no se\u2019n fa un bon \u00fas. Tamb\u00e9 ha recalcat la necessitat de <strong>demanar ajuda a persones adultes de confian\u00e7a<\/strong> davant qualsevol situaci\u00f3 que generi incomoditat o dubte.<\/p>\n<p>La xerrada ha estat participativa i ha perm\u00e8s resoldre preguntes i inquietuds, fomentant la reflexi\u00f3 cr\u00edtica sobre els h\u00e0bits digitals.<\/p>\n<p>Valorem molt positivament aquesta activitat, que refor\u00e7a el treball d\u2019educaci\u00f3 digital i de conviv\u00e8ncia, i agra\u00efm la col\u00b7laboraci\u00f3 del cos de Mossos d\u2019Esquadra en la formaci\u00f3 i prevenci\u00f3 per a un \u00fas segur i responsable de les xarxes socials. Podeu veure les fotografies de l&#8217;activitat amb l&#8217;enlla\u00e7 compartit i dins de la carpeta GRANS &#8211; XERRADA MOSSOS.<\/p>\n","protected":false},"excerpt":{"rendered":"<p>Avui l&#8217;alumnat de 5\u00e8 i 6\u00e8 ha participat en una xerrada educativa a c\u00e0rrec d\u2019en Rub\u00e9n, Mosso d\u2019Esquadra, centrada en els riscos de l\u2019\u00fas de les xarxes socials i d\u2019Internet, especialment entre infants i adolescents. Durant la sessi\u00f3, en Rub\u00e9n ens\u00a0ha explicat de manera clara i propera quins s\u00f3n els principals perills que podem trobar [&hellip;]<\/p>\n","protected":false},"author":34,"featured_media":5958,"comment_status":"open","ping_status":"open","sticky":false,"template":"","format":"standard","meta":{"_bbp_topic_count":0,"_bbp_reply_count":0,"_bbp_total_topic_count":0,"_bbp_total_reply_count":0,"_bbp_voice_count":0,"_bbp_anonymous_reply_count":0,"_bbp_topic_count_hidden":0,"_bbp_reply_count_hidden":0,"_bbp_forum_subforum_count":0,"site-sidebar-layout":"default","site-content-layout":"","ast-site-content-layout":"default","site-content-style":"default","site-sidebar-style":"default","ast-global-header-display":"","ast-banner-title-visibility":"","ast-main-header-display":"","ast-hfb-above-header-display":"","ast-hfb-below-header-display":"","ast-hfb-mobile-header-display":"","site-post-title":"","ast-breadcrumbs-content":"","ast-featured-img":"","footer-sml-layout":"","theme-transparent-header-meta":"default","adv-header-id-meta":"","stick-header-meta":"","header-above-stick-meta":"","header-main-stick-meta":"","header-below-stick-meta":"","astra-migrate-meta-layouts":"set","ast-page-background-enabled":"default","ast-page-background-meta":{"desktop":{"background-color":"var(--ast-global-color-4)","background-image":"","background-repeat":"repeat","background-position":"center center","background-size":"auto","background-attachment":"scroll","background-type":"","background-media":"","overlay-type":"","overlay-color":"","overlay-opacity":"","overlay-gradient":""},"tablet":{"background-color":"","background-image":"","background-repeat":"repeat","background-position":"center center","background-size":"auto","background-attachment":"scroll","background-type":"","background-media":"","overlay-type":"","overlay-color":"","overlay-opacity":"","overlay-gradient":""},"mobile":{"background-color":"","background-image":"","background-repeat":"repeat","background-position":"center center","background-size":"auto","background-attachment":"scroll","background-type":"","background-media":"","overlay-type":"","overlay-color":"","overlay-opacity":"","overlay-gradient":""}},"ast-content-background-meta":{"desktop":{"background-color":"var(--ast-global-color-5)","background-image":"","background-repeat":"repeat","background-position":"center center","background-size":"auto","background-attachment":"scroll","background-type":"","background-media":"","overlay-type":"","overlay-color":"","overlay-opacity":"","overlay-gradient":""},"tablet":{"background-color":"var(--ast-global-color-5)","background-image":"","background-repeat":"repeat","background-position":"center center","background-size":"auto","background-attachment":"scroll","background-type":"","background-media":"","overlay-type":"","overlay-color":"","overlay-opacity":"","overlay-gradient":""},"mobile":{"background-color":"var(--ast-global-color-5)","background-image":"","background-repeat":"repeat","background-position":"center center","background-size":"auto","background-attachment":"scroll","background-type":"","background-media":"","overlay-type":"","overlay-color":"","overlay-opacity":"","overlay-gradient":""}},"footnotes":""},"categories":[63,1,110,98,4],"tags":[77,100],"class_list":["post-5957","post","type-post","status-publish","format-standard","has-post-thumbnail","hentry","category-activescola","category-antiga-general","category-articles","category-cg","category-portada","tag-5e","tag-6e"],"post_mailing_queue_ids":[],"_links":{"self":[{"href":"https:\/\/agora.xtec.cat\/ceip-joma\/wp-json\/wp\/v2\/posts\/5957","targetHints":{"allow":["GET"]}}],"collection":[{"href":"https:\/\/agora.xtec.cat\/ceip-joma\/wp-json\/wp\/v2\/posts"}],"about":[{"href":"https:\/\/agora.xtec.cat\/ceip-joma\/wp-json\/wp\/v2\/types\/post"}],"author":[{"embeddable":true,"href":"https:\/\/agora.xtec.cat\/ceip-joma\/wp-json\/wp\/v2\/users\/34"}],"replies":[{"embeddable":true,"href":"https:\/\/agora.xtec.cat\/ceip-joma\/wp-json\/wp\/v2\/comments?post=5957"}],"version-history":[{"count":1,"href":"https:\/\/agora.xtec.cat\/ceip-joma\/wp-json\/wp\/v2\/posts\/5957\/revisions"}],"predecessor-version":[{"id":5959,"href":"https:\/\/agora.xtec.cat\/ceip-joma\/wp-json\/wp\/v2\/posts\/5957\/revisions\/5959"}],"wp:featuredmedia":[{"embeddable":true,"href":"https:\/\/agora.xtec.cat\/ceip-joma\/wp-json\/wp\/v2\/media\/5958"}],"wp:attachment":[{"href":"https:\/\/agora.xtec.cat\/ceip-joma\/wp-json\/wp\/v2\/media?parent=5957"}],"wp:term":[{"taxonomy":"category","embeddable":true,"href":"https:\/\/agora.xtec.cat\/ceip-joma\/wp-json\/wp\/v2\/categories?post=5957"},{"taxonomy":"post_tag","embeddable":true,"href":"https:\/\/agora.xtec.cat\/ceip-joma\/wp-json\/wp\/v2\/tags?post=5957"}],"curies":[{"name":"wp","href":"https:\/\/api.w.org\/{rel}","templated":true}]}}