{"id":5947,"date":"2026-01-27T12:19:09","date_gmt":"2026-01-27T11:19:09","guid":{"rendered":"https:\/\/agora.xtec.cat\/ceip-joma\/?p=5947"},"modified":"2026-03-03T18:18:49","modified_gmt":"2026-03-03T17:18:49","slug":"taller-vigila-amb-el-sol-solet","status":"publish","type":"post","link":"https:\/\/agora.xtec.cat\/ceip-joma\/antiga-general\/taller-vigila-amb-el-sol-solet\/","title":{"rendered":"TALLER: VIGILA AMB EL SOL, SOLET!\u26a0\ufe0f\u2600\ufe0f"},"content":{"rendered":"<p>Els alumnes de 2n de prim\u00e0ria hem\u00a0 participat recentment en el taller \u201cVigila amb el Sol, Solet!\u201d, una activitat educativa impulsada per la Diputaci\u00f3 de Barcelona. El taller ha estat dinamitzat per l\u2019empresa Fun Brain, especialitzada en tallers cient\u00edfics educatius que apropen la ci\u00e8ncia als infants d\u2019una manera pr\u00e0ctica, l\u00fadica i adaptada a la seva edat.<\/p>\n<p><img loading=\"lazy\" decoding=\"async\" class=\"alignleft\" src=\"https:\/\/agora.xtec.cat\/ceip-joma\/wp-content\/uploads\/usu1530\/2026\/01\/06FC0EB6-D2EB-4C90-A638-B72AB6D52610-1-1.png\" width=\"217\" height=\"326\" \/>La J\u00falia ens ha explicat, a trav\u00e9s de jocs i materials manipulatius, qu\u00e8 \u00e9s el Sol, perqu\u00e8 \u00e9s tan important per a la vida a la Terra i quins tipus de raigs solars, tan bons com dolents, arriben fins a nosaltres. Tamb\u00e9 han reflexionat sobre els riscos d\u2019una exposici\u00f3 excessiva al sol i han descobert diferents maneres de protegir-se\u2019n en el dia a dia, com l\u2019\u00fas de crema solar, la gorra, les ulleres de sol o beure molta aigua.<\/p>\n<p>Per acabar, els i les alumnes van elaborar la seva pr\u00f2pia polsera ultraviolada, feta amb boles especials que canvien de color quan reben els raigs del sol. A m\u00e9s, a la nit aquestes boles brillen si han estat molt exposades al sol, ajudant els infants a entendre visualment la import\u00e0ncia de protegir-se dels raigs UV. Per acabar l\u2019activitat, a cada nen i nena se\u2019ls va obsequiar amb una gorra, refor\u00e7ant el missatge de la necessitat de protegir-se del sol cada dia.<\/p>\n<p>L\u2019activitat ha ajudat a conscienciar els infants sobre la import\u00e0ncia de cuidar la salut mentre aprenen ci\u00e8ncia d\u2019una manera vivencial i divertida. Podeu veure les fotografies amb l&#8217;enlla\u00e7 compartit, dins la carpeta de PETITS\/ES &#8211; 2n &#8211; Taller vigila amb el sol, solet.<\/p>\n","protected":false},"excerpt":{"rendered":"<p>Els alumnes de 2n de prim\u00e0ria hem\u00a0 participat recentment en el taller \u201cVigila amb el Sol, Solet!\u201d, una activitat educativa impulsada per la Diputaci\u00f3 de Barcelona. El taller ha estat dinamitzat per l\u2019empresa Fun Brain, especialitzada en tallers cient\u00edfics educatius que apropen la ci\u00e8ncia als infants d\u2019una manera pr\u00e0ctica, l\u00fadica i adaptada a la seva [&hellip;]<\/p>\n","protected":false},"author":34,"featured_media":5948,"comment_status":"open","ping_status":"open","sticky":false,"template":"","format":"standard","meta":{"_bbp_topic_count":0,"_bbp_reply_count":0,"_bbp_total_topic_count":0,"_bbp_total_reply_count":0,"_bbp_voice_count":0,"_bbp_anonymous_reply_count":0,"_bbp_topic_count_hidden":0,"_bbp_reply_count_hidden":0,"_bbp_forum_subforum_count":0,"site-sidebar-layout":"default","site-content-layout":"","ast-site-content-layout":"default","site-content-style":"default","site-sidebar-style":"default","ast-global-header-display":"","ast-banner-title-visibility":"","ast-main-header-display":"","ast-hfb-above-header-display":"","ast-hfb-below-header-display":"","ast-hfb-mobile-header-display":"","site-post-title":"","ast-breadcrumbs-content":"","ast-featured-img":"","footer-sml-layout":"","theme-transparent-header-meta":"default","adv-header-id-meta":"","stick-header-meta":"","header-above-stick-meta":"","header-main-stick-meta":"","header-below-stick-meta":"","astra-migrate-meta-layouts":"set","ast-page-background-enabled":"default","ast-page-background-meta":{"desktop":{"background-color":"var(--ast-global-color-4)","background-image":"","background-repeat":"repeat","background-position":"center center","background-size":"auto","background-attachment":"scroll","background-type":"","background-media":"","overlay-type":"","overlay-color":"","overlay-opacity":"","overlay-gradient":""},"tablet":{"background-color":"","background-image":"","background-repeat":"repeat","background-position":"center center","background-size":"auto","background-attachment":"scroll","background-type":"","background-media":"","overlay-type":"","overlay-color":"","overlay-opacity":"","overlay-gradient":""},"mobile":{"background-color":"","background-image":"","background-repeat":"repeat","background-position":"center center","background-size":"auto","background-attachment":"scroll","background-type":"","background-media":"","overlay-type":"","overlay-color":"","overlay-opacity":"","overlay-gradient":""}},"ast-content-background-meta":{"desktop":{"background-color":"var(--ast-global-color-5)","background-image":"","background-repeat":"repeat","background-position":"center center","background-size":"auto","background-attachment":"scroll","background-type":"","background-media":"","overlay-type":"","overlay-color":"","overlay-opacity":"","overlay-gradient":""},"tablet":{"background-color":"var(--ast-global-color-5)","background-image":"","background-repeat":"repeat","background-position":"center center","background-size":"auto","background-attachment":"scroll","background-type":"","background-media":"","overlay-type":"","overlay-color":"","overlay-opacity":"","overlay-gradient":""},"mobile":{"background-color":"var(--ast-global-color-5)","background-image":"","background-repeat":"repeat","background-position":"center center","background-size":"auto","background-attachment":"scroll","background-type":"","background-media":"","overlay-type":"","overlay-color":"","overlay-opacity":"","overlay-gradient":""}},"footnotes":""},"categories":[63,1,110,184,4],"tags":[119,71,103],"class_list":["post-5947","post","type-post","status-publish","format-standard","has-post-thumbnail","hentry","category-activescola","category-antiga-general","category-articles","category-comunitat-de-menuts-des","category-portada","tag-2n","tag-cicle-inicial","tag-tallers"],"post_mailing_queue_ids":[],"_links":{"self":[{"href":"https:\/\/agora.xtec.cat\/ceip-joma\/wp-json\/wp\/v2\/posts\/5947","targetHints":{"allow":["GET"]}}],"collection":[{"href":"https:\/\/agora.xtec.cat\/ceip-joma\/wp-json\/wp\/v2\/posts"}],"about":[{"href":"https:\/\/agora.xtec.cat\/ceip-joma\/wp-json\/wp\/v2\/types\/post"}],"author":[{"embeddable":true,"href":"https:\/\/agora.xtec.cat\/ceip-joma\/wp-json\/wp\/v2\/users\/34"}],"replies":[{"embeddable":true,"href":"https:\/\/agora.xtec.cat\/ceip-joma\/wp-json\/wp\/v2\/comments?post=5947"}],"version-history":[{"count":2,"href":"https:\/\/agora.xtec.cat\/ceip-joma\/wp-json\/wp\/v2\/posts\/5947\/revisions"}],"predecessor-version":[{"id":6068,"href":"https:\/\/agora.xtec.cat\/ceip-joma\/wp-json\/wp\/v2\/posts\/5947\/revisions\/6068"}],"wp:featuredmedia":[{"embeddable":true,"href":"https:\/\/agora.xtec.cat\/ceip-joma\/wp-json\/wp\/v2\/media\/5948"}],"wp:attachment":[{"href":"https:\/\/agora.xtec.cat\/ceip-joma\/wp-json\/wp\/v2\/media?parent=5947"}],"wp:term":[{"taxonomy":"category","embeddable":true,"href":"https:\/\/agora.xtec.cat\/ceip-joma\/wp-json\/wp\/v2\/categories?post=5947"},{"taxonomy":"post_tag","embeddable":true,"href":"https:\/\/agora.xtec.cat\/ceip-joma\/wp-json\/wp\/v2\/tags?post=5947"}],"curies":[{"name":"wp","href":"https:\/\/api.w.org\/{rel}","templated":true}]}}