{"id":5846,"date":"2026-01-19T09:50:36","date_gmt":"2026-01-19T08:50:36","guid":{"rendered":"https:\/\/agora.xtec.cat\/ceip-joma\/?p=5846"},"modified":"2026-03-03T18:18:18","modified_gmt":"2026-03-03T17:18:18","slug":"inauguracio-especial-de-la-biblioteca","status":"publish","type":"post","link":"https:\/\/agora.xtec.cat\/ceip-joma\/antiga-general\/inauguracio-especial-de-la-biblioteca\/","title":{"rendered":"INAUGURACI\u00d3 ESPECIAL DE LA BIBLIOTECA\ud83d\udcda\u2728"},"content":{"rendered":"<p style=\"text-align: right;\" data-start=\"126\" data-end=\"225\"><a href=\"https:\/\/agora.xtec.cat\/ceip-joma\/wp-content\/uploads\/usu1530\/2026\/01\/Cartells-i-etiquetes-biblioteca-1.jpg\"><img loading=\"lazy\" decoding=\"async\" class=\"wp-image-5898 aligncenter\" src=\"https:\/\/agora.xtec.cat\/ceip-joma\/wp-content\/uploads\/usu1530\/2026\/01\/Cartells-i-etiquetes-biblioteca-1-724x1024.jpg\" alt=\"\" width=\"146\" height=\"206\" srcset=\"https:\/\/agora.xtec.cat\/ceip-joma\/wp-content\/uploads\/usu1530\/2026\/01\/Cartells-i-etiquetes-biblioteca-1-724x1024.jpg 724w, https:\/\/agora.xtec.cat\/ceip-joma\/wp-content\/uploads\/usu1530\/2026\/01\/Cartells-i-etiquetes-biblioteca-1-212x300.jpg 212w, https:\/\/agora.xtec.cat\/ceip-joma\/wp-content\/uploads\/usu1530\/2026\/01\/Cartells-i-etiquetes-biblioteca-1-768x1086.jpg 768w, https:\/\/agora.xtec.cat\/ceip-joma\/wp-content\/uploads\/usu1530\/2026\/01\/Cartells-i-etiquetes-biblioteca-1-1086x1536.jpg 1086w, https:\/\/agora.xtec.cat\/ceip-joma\/wp-content\/uploads\/usu1530\/2026\/01\/Cartells-i-etiquetes-biblioteca-1.jpg 1414w\" sizes=\"auto, (max-width: 146px) 100vw, 146px\" \/><\/a>Els infants han viscut una experi\u00e8ncia plena de misteri i creativitat per estrenar la Biblioteca.<!--more--><\/p>\n<p data-start=\"227\" data-end=\"416\">Tot va comen\u00e7ar amb una carta sorpresa que els convidava a anar-hi. A la porta tancada, van trobar un repte: buscar sis peces d\u2019un trencaclosques que revelaven la clau secreta per entrar.<\/p>\n<p data-start=\"418\" data-end=\"584\">Dins, els esperava un conte especial per a cada grup, explicat amb materials visuals, i un repte art\u00edstic: il\u00b7lustrar el conte amb llapis, ceres i m\u00e9s.<\/p>\n<p data-start=\"586\" data-end=\"711\">Totes les creacions es recullen en un <em data-start=\"624\" data-end=\"643\">Llibre col\u00b7lectiu<\/em>, primer record i primera recomanaci\u00f3 de lectura de la Biblioteca.<\/p>\n<p data-start=\"713\" data-end=\"785\">\ud83d\udcf8 <strong data-start=\"716\" data-end=\"783\">Les fotografies de l\u2019activitat ja es poden veure en l&#8217;enlla\u00e7 que teniu compartit dins de: Tota l&#8217;escola &#8211; Inauguraci\u00f3 Biblioteca. El v\u00eddeo de la biblioteca el teniu penjat a instagram.<\/strong><\/p>\n","protected":false},"excerpt":{"rendered":"<p>Els infants han viscut una experi\u00e8ncia plena de misteri i creativitat per estrenar la Biblioteca.<\/p>\n","protected":false},"author":38,"featured_media":5898,"comment_status":"open","ping_status":"open","sticky":false,"template":"","format":"standard","meta":{"_bbp_topic_count":0,"_bbp_reply_count":0,"_bbp_total_topic_count":0,"_bbp_total_reply_count":0,"_bbp_voice_count":0,"_bbp_anonymous_reply_count":0,"_bbp_topic_count_hidden":0,"_bbp_reply_count_hidden":0,"_bbp_forum_subforum_count":0,"site-sidebar-layout":"default","site-content-layout":"","ast-site-content-layout":"default","site-content-style":"default","site-sidebar-style":"default","ast-global-header-display":"","ast-banner-title-visibility":"","ast-main-header-display":"","ast-hfb-above-header-display":"","ast-hfb-below-header-display":"","ast-hfb-mobile-header-display":"","site-post-title":"","ast-breadcrumbs-content":"","ast-featured-img":"","footer-sml-layout":"","theme-transparent-header-meta":"default","adv-header-id-meta":"","stick-header-meta":"","header-above-stick-meta":"","header-main-stick-meta":"","header-below-stick-meta":"","astra-migrate-meta-layouts":"set","ast-page-background-enabled":"default","ast-page-background-meta":{"desktop":{"background-color":"var(--ast-global-color-4)","background-image":"","background-repeat":"repeat","background-position":"center center","background-size":"auto","background-attachment":"scroll","background-type":"","background-media":"","overlay-type":"","overlay-color":"","overlay-opacity":"","overlay-gradient":""},"tablet":{"background-color":"","background-image":"","background-repeat":"repeat","background-position":"center center","background-size":"auto","background-attachment":"scroll","background-type":"","background-media":"","overlay-type":"","overlay-color":"","overlay-opacity":"","overlay-gradient":""},"mobile":{"background-color":"","background-image":"","background-repeat":"repeat","background-position":"center center","background-size":"auto","background-attachment":"scroll","background-type":"","background-media":"","overlay-type":"","overlay-color":"","overlay-opacity":"","overlay-gradient":""}},"ast-content-background-meta":{"desktop":{"background-color":"var(--ast-global-color-5)","background-image":"","background-repeat":"repeat","background-position":"center center","background-size":"auto","background-attachment":"scroll","background-type":"","background-media":"","overlay-type":"","overlay-color":"","overlay-opacity":"","overlay-gradient":""},"tablet":{"background-color":"var(--ast-global-color-5)","background-image":"","background-repeat":"repeat","background-position":"center center","background-size":"auto","background-attachment":"scroll","background-type":"","background-media":"","overlay-type":"","overlay-color":"","overlay-opacity":"","overlay-gradient":""},"mobile":{"background-color":"var(--ast-global-color-5)","background-image":"","background-repeat":"repeat","background-position":"center center","background-size":"auto","background-attachment":"scroll","background-type":"","background-media":"","overlay-type":"","overlay-color":"","overlay-opacity":"","overlay-gradient":""}},"footnotes":""},"categories":[63,1,184,98,183,97,4],"tags":[],"class_list":["post-5846","post","type-post","status-publish","format-standard","has-post-thumbnail","hentry","category-activescola","category-antiga-general","category-comunitat-de-menuts-des","category-cg","category-comunitat-menuts","category-cm-portada","category-portada"],"post_mailing_queue_ids":[],"_links":{"self":[{"href":"https:\/\/agora.xtec.cat\/ceip-joma\/wp-json\/wp\/v2\/posts\/5846","targetHints":{"allow":["GET"]}}],"collection":[{"href":"https:\/\/agora.xtec.cat\/ceip-joma\/wp-json\/wp\/v2\/posts"}],"about":[{"href":"https:\/\/agora.xtec.cat\/ceip-joma\/wp-json\/wp\/v2\/types\/post"}],"author":[{"embeddable":true,"href":"https:\/\/agora.xtec.cat\/ceip-joma\/wp-json\/wp\/v2\/users\/38"}],"replies":[{"embeddable":true,"href":"https:\/\/agora.xtec.cat\/ceip-joma\/wp-json\/wp\/v2\/comments?post=5846"}],"version-history":[{"count":6,"href":"https:\/\/agora.xtec.cat\/ceip-joma\/wp-json\/wp\/v2\/posts\/5846\/revisions"}],"predecessor-version":[{"id":6067,"href":"https:\/\/agora.xtec.cat\/ceip-joma\/wp-json\/wp\/v2\/posts\/5846\/revisions\/6067"}],"wp:featuredmedia":[{"embeddable":true,"href":"https:\/\/agora.xtec.cat\/ceip-joma\/wp-json\/wp\/v2\/media\/5898"}],"wp:attachment":[{"href":"https:\/\/agora.xtec.cat\/ceip-joma\/wp-json\/wp\/v2\/media?parent=5846"}],"wp:term":[{"taxonomy":"category","embeddable":true,"href":"https:\/\/agora.xtec.cat\/ceip-joma\/wp-json\/wp\/v2\/categories?post=5846"},{"taxonomy":"post_tag","embeddable":true,"href":"https:\/\/agora.xtec.cat\/ceip-joma\/wp-json\/wp\/v2\/tags?post=5846"}],"curies":[{"name":"wp","href":"https:\/\/api.w.org\/{rel}","templated":true}]}}