{"id":5835,"date":"2025-12-20T11:18:05","date_gmt":"2025-12-20T10:18:05","guid":{"rendered":"https:\/\/agora.xtec.cat\/ceip-joma\/?p=5835"},"modified":"2026-03-03T18:19:41","modified_gmt":"2026-03-03T17:19:41","slug":"concert-de-nadal-curs-2025-2026","status":"publish","type":"post","link":"https:\/\/agora.xtec.cat\/ceip-joma\/portada\/concert-de-nadal-curs-2025-2026\/","title":{"rendered":"CONCERT DE NADAL CURS 2025-2026\ud83c\udfb6\ud83c\udf84"},"content":{"rendered":"<p><a href=\"https:\/\/agora.xtec.cat\/ceip-joma\/wp-content\/uploads\/usu1530\/2025\/12\/Dibuix-tallers-literaris-1.jpg\"><img loading=\"lazy\" decoding=\"async\" class=\"wp-image-5837 aligncenter\" src=\"https:\/\/agora.xtec.cat\/ceip-joma\/wp-content\/uploads\/usu1530\/2025\/12\/Dibuix-tallers-literaris-1-1024x819.jpg\" alt=\"\" width=\"544\" height=\"435\" srcset=\"https:\/\/agora.xtec.cat\/ceip-joma\/wp-content\/uploads\/usu1530\/2025\/12\/Dibuix-tallers-literaris-1-1024x819.jpg 1024w, https:\/\/agora.xtec.cat\/ceip-joma\/wp-content\/uploads\/usu1530\/2025\/12\/Dibuix-tallers-literaris-1-300x240.jpg 300w, https:\/\/agora.xtec.cat\/ceip-joma\/wp-content\/uploads\/usu1530\/2025\/12\/Dibuix-tallers-literaris-1-768x614.jpg 768w, https:\/\/agora.xtec.cat\/ceip-joma\/wp-content\/uploads\/usu1530\/2025\/12\/Dibuix-tallers-literaris-1-1536x1229.jpg 1536w, https:\/\/agora.xtec.cat\/ceip-joma\/wp-content\/uploads\/usu1530\/2025\/12\/Dibuix-tallers-literaris-1.jpg 2000w\" sizes=\"auto, (max-width: 544px) 100vw, 544px\" \/><\/a><\/p>\n<p>Un any m\u00e9s, omplim el poble de m\u00fasica amb el concert itinerant de l&#8217;escola. A trav\u00e9s de la m\u00fasica i les veus dels nens i nenes, hem pogut compartir una experi\u00e8ncia plena d\u2019emoci\u00f3, il\u00b7lusi\u00f3 i esperit nadalenc.\u00a0Al llarg del recorregut, les fam\u00edlies han pogut aturar-se a diferents parades per gaudir de les can\u00e7ons que han cantat els infants de cada comunitat: menuts\/des, petits\/tes, mitjans\/nes i grans.<!--more--><\/p>\n<p>Despr\u00e9s de passar per totes les parades, ens hem retrobat a la pla\u00e7a de l\u2019esgl\u00e9sia, on cada comunitat ha cantat una can\u00e7\u00f3 i hem acabat tots junts, mestres i infants, amb una can\u00e7\u00f3 conjunta.<\/p>\n<p>Ha estat una experi\u00e8ncia molt bonica i emocionant, que ens ha perm\u00e8s compartir el treball fet durant el trimestre i acomiadar-lo tot donant la benvinguda a aquestes festes. Volem felicitar tota la comunitat educativa per la creaci\u00f3 d\u2019aquestes can\u00e7ons i els bonics poemes, aix\u00ed com agrair a les fam\u00edlies la seva assist\u00e8ncia i acompanyament, que van fer possible un Nadal viscut amb alegria i germanor.<\/p>\n<p><a href=\"https:\/\/drive.google.com\/drive\/folders\/1exGNVo3RiPkIltvU6Zsb-6l64GiZXv0N?usp=sharing\">Aqu\u00ed<\/a> us deixem unes fotografies.<\/p>\n<p>Us desitgem molt bones feste i feli\u00e7 any 2026!<\/p>\n","protected":false},"excerpt":{"rendered":"<p>Un any m\u00e9s, omplim el poble de m\u00fasica amb el concert itinerant de l&#8217;escola. A trav\u00e9s de la m\u00fasica i les veus dels nens i nenes, hem pogut compartir una experi\u00e8ncia plena d\u2019emoci\u00f3, il\u00b7lusi\u00f3 i esperit nadalenc.\u00a0Al llarg del recorregut, les fam\u00edlies han pogut aturar-se a diferents parades per gaudir de les can\u00e7ons que han [&hellip;]<\/p>\n","protected":false},"author":23,"featured_media":5837,"comment_status":"open","ping_status":"open","sticky":false,"template":"","format":"standard","meta":{"_bbp_topic_count":0,"_bbp_reply_count":0,"_bbp_total_topic_count":0,"_bbp_total_reply_count":0,"_bbp_voice_count":0,"_bbp_anonymous_reply_count":0,"_bbp_topic_count_hidden":0,"_bbp_reply_count_hidden":0,"_bbp_forum_subforum_count":0,"site-sidebar-layout":"default","site-content-layout":"","ast-site-content-layout":"default","site-content-style":"default","site-sidebar-style":"default","ast-global-header-display":"","ast-banner-title-visibility":"","ast-main-header-display":"","ast-hfb-above-header-display":"","ast-hfb-below-header-display":"","ast-hfb-mobile-header-display":"","site-post-title":"","ast-breadcrumbs-content":"","ast-featured-img":"","footer-sml-layout":"","theme-transparent-header-meta":"default","adv-header-id-meta":"","stick-header-meta":"","header-above-stick-meta":"","header-main-stick-meta":"","header-below-stick-meta":"","astra-migrate-meta-layouts":"set","ast-page-background-enabled":"default","ast-page-background-meta":{"desktop":{"background-color":"var(--ast-global-color-4)","background-image":"","background-repeat":"repeat","background-position":"center center","background-size":"auto","background-attachment":"scroll","background-type":"","background-media":"","overlay-type":"","overlay-color":"","overlay-opacity":"","overlay-gradient":""},"tablet":{"background-color":"","background-image":"","background-repeat":"repeat","background-position":"center center","background-size":"auto","background-attachment":"scroll","background-type":"","background-media":"","overlay-type":"","overlay-color":"","overlay-opacity":"","overlay-gradient":""},"mobile":{"background-color":"","background-image":"","background-repeat":"repeat","background-position":"center center","background-size":"auto","background-attachment":"scroll","background-type":"","background-media":"","overlay-type":"","overlay-color":"","overlay-opacity":"","overlay-gradient":""}},"ast-content-background-meta":{"desktop":{"background-color":"var(--ast-global-color-5)","background-image":"","background-repeat":"repeat","background-position":"center center","background-size":"auto","background-attachment":"scroll","background-type":"","background-media":"","overlay-type":"","overlay-color":"","overlay-opacity":"","overlay-gradient":""},"tablet":{"background-color":"var(--ast-global-color-5)","background-image":"","background-repeat":"repeat","background-position":"center center","background-size":"auto","background-attachment":"scroll","background-type":"","background-media":"","overlay-type":"","overlay-color":"","overlay-opacity":"","overlay-gradient":""},"mobile":{"background-color":"var(--ast-global-color-5)","background-image":"","background-repeat":"repeat","background-position":"center center","background-size":"auto","background-attachment":"scroll","background-type":"","background-media":"","overlay-type":"","overlay-color":"","overlay-opacity":"","overlay-gradient":""}},"footnotes":""},"categories":[184,98,183,97,4],"tags":[193],"class_list":["post-5835","post","type-post","status-publish","format-standard","has-post-thumbnail","hentry","category-comunitat-de-menuts-des","category-cg","category-comunitat-menuts","category-cm-portada","category-portada","tag-concert-nadal"],"post_mailing_queue_ids":[],"_links":{"self":[{"href":"https:\/\/agora.xtec.cat\/ceip-joma\/wp-json\/wp\/v2\/posts\/5835","targetHints":{"allow":["GET"]}}],"collection":[{"href":"https:\/\/agora.xtec.cat\/ceip-joma\/wp-json\/wp\/v2\/posts"}],"about":[{"href":"https:\/\/agora.xtec.cat\/ceip-joma\/wp-json\/wp\/v2\/types\/post"}],"author":[{"embeddable":true,"href":"https:\/\/agora.xtec.cat\/ceip-joma\/wp-json\/wp\/v2\/users\/23"}],"replies":[{"embeddable":true,"href":"https:\/\/agora.xtec.cat\/ceip-joma\/wp-json\/wp\/v2\/comments?post=5835"}],"version-history":[{"count":6,"href":"https:\/\/agora.xtec.cat\/ceip-joma\/wp-json\/wp\/v2\/posts\/5835\/revisions"}],"predecessor-version":[{"id":6069,"href":"https:\/\/agora.xtec.cat\/ceip-joma\/wp-json\/wp\/v2\/posts\/5835\/revisions\/6069"}],"wp:featuredmedia":[{"embeddable":true,"href":"https:\/\/agora.xtec.cat\/ceip-joma\/wp-json\/wp\/v2\/media\/5837"}],"wp:attachment":[{"href":"https:\/\/agora.xtec.cat\/ceip-joma\/wp-json\/wp\/v2\/media?parent=5835"}],"wp:term":[{"taxonomy":"category","embeddable":true,"href":"https:\/\/agora.xtec.cat\/ceip-joma\/wp-json\/wp\/v2\/categories?post=5835"},{"taxonomy":"post_tag","embeddable":true,"href":"https:\/\/agora.xtec.cat\/ceip-joma\/wp-json\/wp\/v2\/tags?post=5835"}],"curies":[{"name":"wp","href":"https:\/\/api.w.org\/{rel}","templated":true}]}}