{"id":5831,"date":"2025-12-19T12:32:14","date_gmt":"2025-12-19T11:32:14","guid":{"rendered":"https:\/\/agora.xtec.cat\/ceip-joma\/?p=5831"},"modified":"2025-12-19T12:32:14","modified_gmt":"2025-12-19T11:32:14","slug":"lamic-invisible-a-lescola","status":"publish","type":"post","link":"https:\/\/agora.xtec.cat\/ceip-joma\/portada\/lamic-invisible-a-lescola\/","title":{"rendered":"L&#8217;AMIC INVISIBLE A L&#8217;ESCOLA!"},"content":{"rendered":"<p>L\u2019\u00faltim dia de curs, la comunitat de mitjans i la de grans han celebrat una activitat molt especial: l\u2019amic invisible de l\u2019escola. Ha estat una jornada plena d\u2019il\u00b7lusi\u00f3, creativitat i emocions compartides.<\/p>\n<p>Els nens i nenes han preparat regals manuals fets per ells mateixos, posant-hi temps, esfor\u00e7 i molt d\u2019amor. A cada classe s\u2019han creat obsequis \u00fanics i significatius, pensats especialment per fer feli\u00e7 la persona destinat\u00e0ria. El moment de l\u2019entrega ha estat molt divertit i alhora emotiu, amb somriures, sorpreses i algun instant tendre.<\/p>\n<p>Per acabar la celebraci\u00f3, tots plegats hem compartit un pica-pica conjunt, que ha servit per tancar el trimestre d\u2019una manera alegre i propera.<\/p>\n<p>Ha estat una experi\u00e8ncia genial que refor\u00e7a els vincles, fomenta els valors de la generositat i ens recorda la import\u00e0ncia de cuidar-nos els uns als altres.<\/p>\n<p>Us deixem l&#8217;enlla\u00e7 per poder veure les fotografies:\u00a0<a href=\"https:\/\/drive.google.com\/drive\/u\/3\/folders\/1uKeTgg-uh1WxT0s1wiYJWojJo2g4fwZj\" target=\"_blank\" rel=\"noopener\" data-saferedirecturl=\"https:\/\/www.google.com\/url?q=https:\/\/drive.google.com\/drive\/u\/3\/folders\/1uKeTgg-uh1WxT0s1wiYJWojJo2g4fwZj&amp;source=gmail&amp;ust=1766229464059000&amp;usg=AOvVaw3d3YJvFzZRH_tsTL2YFqYf\">enlla\u00e7 fotografies amic invisible.<\/a><\/p>\n<p><img loading=\"lazy\" decoding=\"async\" class=\"aligncenter\" src=\"https:\/\/agora.xtec.cat\/ceip-joma\/wp-content\/uploads\/usu1530\/2025\/12\/IMG_0090-1-scaled.jpeg\" width=\"358\" height=\"269\" \/><\/p>\n","protected":false},"excerpt":{"rendered":"<p>L\u2019\u00faltim dia de curs, la comunitat de mitjans i la de grans han celebrat una activitat molt especial: l\u2019amic invisible de l\u2019escola. Ha estat una jornada plena d\u2019il\u00b7lusi\u00f3, creativitat i emocions compartides. Els nens i nenes han preparat regals manuals fets per ells mateixos, posant-hi temps, esfor\u00e7 i molt d\u2019amor. A cada classe s\u2019han creat [&hellip;]<\/p>\n","protected":false},"author":34,"featured_media":5832,"comment_status":"open","ping_status":"open","sticky":false,"template":"","format":"standard","meta":{"_bbp_topic_count":0,"_bbp_reply_count":0,"_bbp_total_topic_count":0,"_bbp_total_reply_count":0,"_bbp_voice_count":0,"_bbp_anonymous_reply_count":0,"_bbp_topic_count_hidden":0,"_bbp_reply_count_hidden":0,"_bbp_forum_subforum_count":0,"site-sidebar-layout":"default","site-content-layout":"","ast-site-content-layout":"","site-content-style":"default","site-sidebar-style":"default","ast-global-header-display":"","ast-banner-title-visibility":"","ast-main-header-display":"","ast-hfb-above-header-display":"","ast-hfb-below-header-display":"","ast-hfb-mobile-header-display":"","site-post-title":"","ast-breadcrumbs-content":"","ast-featured-img":"","footer-sml-layout":"","theme-transparent-header-meta":"","adv-header-id-meta":"","stick-header-meta":"","header-above-stick-meta":"","header-main-stick-meta":"","header-below-stick-meta":"","astra-migrate-meta-layouts":"default","ast-page-background-enabled":"default","ast-page-background-meta":{"desktop":{"background-color":"var(--ast-global-color-4)","background-image":"","background-repeat":"repeat","background-position":"center center","background-size":"auto","background-attachment":"scroll","background-type":"","background-media":"","overlay-type":"","overlay-color":"","overlay-opacity":"","overlay-gradient":""},"tablet":{"background-color":"","background-image":"","background-repeat":"repeat","background-position":"center center","background-size":"auto","background-attachment":"scroll","background-type":"","background-media":"","overlay-type":"","overlay-color":"","overlay-opacity":"","overlay-gradient":""},"mobile":{"background-color":"","background-image":"","background-repeat":"repeat","background-position":"center center","background-size":"auto","background-attachment":"scroll","background-type":"","background-media":"","overlay-type":"","overlay-color":"","overlay-opacity":"","overlay-gradient":""}},"ast-content-background-meta":{"desktop":{"background-color":"var(--ast-global-color-5)","background-image":"","background-repeat":"repeat","background-position":"center center","background-size":"auto","background-attachment":"scroll","background-type":"","background-media":"","overlay-type":"","overlay-color":"","overlay-opacity":"","overlay-gradient":""},"tablet":{"background-color":"var(--ast-global-color-5)","background-image":"","background-repeat":"repeat","background-position":"center center","background-size":"auto","background-attachment":"scroll","background-type":"","background-media":"","overlay-type":"","overlay-color":"","overlay-opacity":"","overlay-gradient":""},"mobile":{"background-color":"var(--ast-global-color-5)","background-image":"","background-repeat":"repeat","background-position":"center center","background-size":"auto","background-attachment":"scroll","background-type":"","background-media":"","overlay-type":"","overlay-color":"","overlay-opacity":"","overlay-gradient":""}},"footnotes":""},"categories":[63,110,98,97,4],"tags":[],"class_list":["post-5831","post","type-post","status-publish","format-standard","has-post-thumbnail","hentry","category-activescola","category-articles","category-cg","category-cm-portada","category-portada"],"post_mailing_queue_ids":[],"_links":{"self":[{"href":"https:\/\/agora.xtec.cat\/ceip-joma\/wp-json\/wp\/v2\/posts\/5831","targetHints":{"allow":["GET"]}}],"collection":[{"href":"https:\/\/agora.xtec.cat\/ceip-joma\/wp-json\/wp\/v2\/posts"}],"about":[{"href":"https:\/\/agora.xtec.cat\/ceip-joma\/wp-json\/wp\/v2\/types\/post"}],"author":[{"embeddable":true,"href":"https:\/\/agora.xtec.cat\/ceip-joma\/wp-json\/wp\/v2\/users\/34"}],"replies":[{"embeddable":true,"href":"https:\/\/agora.xtec.cat\/ceip-joma\/wp-json\/wp\/v2\/comments?post=5831"}],"version-history":[{"count":1,"href":"https:\/\/agora.xtec.cat\/ceip-joma\/wp-json\/wp\/v2\/posts\/5831\/revisions"}],"predecessor-version":[{"id":5833,"href":"https:\/\/agora.xtec.cat\/ceip-joma\/wp-json\/wp\/v2\/posts\/5831\/revisions\/5833"}],"wp:featuredmedia":[{"embeddable":true,"href":"https:\/\/agora.xtec.cat\/ceip-joma\/wp-json\/wp\/v2\/media\/5832"}],"wp:attachment":[{"href":"https:\/\/agora.xtec.cat\/ceip-joma\/wp-json\/wp\/v2\/media?parent=5831"}],"wp:term":[{"taxonomy":"category","embeddable":true,"href":"https:\/\/agora.xtec.cat\/ceip-joma\/wp-json\/wp\/v2\/categories?post=5831"},{"taxonomy":"post_tag","embeddable":true,"href":"https:\/\/agora.xtec.cat\/ceip-joma\/wp-json\/wp\/v2\/tags?post=5831"}],"curies":[{"name":"wp","href":"https:\/\/api.w.org\/{rel}","templated":true}]}}