{"id":5798,"date":"2025-12-09T13:01:37","date_gmt":"2025-12-09T12:01:37","guid":{"rendered":"https:\/\/agora.xtec.cat\/ceip-joma\/?p=5798"},"modified":"2025-12-09T13:01:37","modified_gmt":"2025-12-09T12:01:37","slug":"la-comunitat-de-menuts-des-i-petits-es-visitem-el-lab-0_6-de-manresa","status":"publish","type":"post","link":"https:\/\/agora.xtec.cat\/ceip-joma\/antiga-general\/la-comunitat-de-menuts-des-i-petits-es-visitem-el-lab-0_6-de-manresa\/","title":{"rendered":"LA COMUNITAT DE MENUTS\/DES I PETITS\/ES VISITEM EL LAB 0_6 DE MANRESA!"},"content":{"rendered":"<p class=\"isSelectedEnd\">Els alumnes de la Comunitat de Menuts\/des i de la Comunitat de Petits\/es vam viure una jornada plena de descoberta i curiositat al <strong>Lab 0_6 de Manresa<\/strong>, un centre de recerca i documentaci\u00f3 dedicat a apropar l\u2019educaci\u00f3 cient\u00edfica a les primeres edats.\u00a0Des de l\u2019escola entenem que la ci\u00e8ncia no \u00e9s nom\u00e9s un conjunt de conceptes, sin\u00f3 una manera d\u2019entendre el m\u00f3n. Per aix\u00f2, apropar-la als infants \u00e9s essencial: els ajuda a desenvolupar curiositat, a explorar, a preguntar-se, a prendre decisions amb intencionalitat i a viure experi\u00e8ncies que reforcen el seu creixement personal.<\/p>\n<p class=\"isSelectedEnd\">El mat\u00ed va comen\u00e7ar en dues grans sales del centre amb propostes de lliure elecci\u00f3 destinades a la descoberta, investigaci\u00f3 i experimentaci\u00f3 (una sala de 3 a 6 anys i l&#8217;altra de 6 a 8 anys).\u00a0En aquest espai, els infants van poder manipular materials, observar fen\u00f2mens, fer-se preguntes i provar idees sense por d\u2019equivocar-se.<\/p>\n<p class=\"isSelectedEnd\"><img loading=\"lazy\" decoding=\"async\" class=\"wp-image-5799 alignleft\" src=\"https:\/\/agora.xtec.cat\/ceip-joma\/wp-content\/uploads\/usu1530\/2025\/12\/DSC_3268-3-3072x2048-1-1024x683.jpg\" alt=\"\" width=\"397\" height=\"265\" srcset=\"https:\/\/agora.xtec.cat\/ceip-joma\/wp-content\/uploads\/usu1530\/2025\/12\/DSC_3268-3-3072x2048-1-1024x683.jpg 1024w, https:\/\/agora.xtec.cat\/ceip-joma\/wp-content\/uploads\/usu1530\/2025\/12\/DSC_3268-3-3072x2048-1-300x200.jpg 300w, https:\/\/agora.xtec.cat\/ceip-joma\/wp-content\/uploads\/usu1530\/2025\/12\/DSC_3268-3-3072x2048-1-768x512.jpg 768w, https:\/\/agora.xtec.cat\/ceip-joma\/wp-content\/uploads\/usu1530\/2025\/12\/DSC_3268-3-3072x2048-1-1536x1024.jpg 1536w, https:\/\/agora.xtec.cat\/ceip-joma\/wp-content\/uploads\/usu1530\/2025\/12\/DSC_3268-3-3072x2048-1-2048x1365.jpg 2048w\" sizes=\"auto, (max-width: 397px) 100vw, 397px\" \/><\/p>\n<p><a href=\"https:\/\/agora.xtec.cat\/ceip-joma\/wp-content\/uploads\/usu1530\/2025\/12\/F0EE4580-7538-43A0-9E74-061EE313DB3A.jpg\"><img loading=\"lazy\" decoding=\"async\" class=\"alignnone wp-image-5802\" src=\"https:\/\/agora.xtec.cat\/ceip-joma\/wp-content\/uploads\/usu1530\/2025\/12\/F0EE4580-7538-43A0-9E74-061EE313DB3A-1024x1024.jpg\" alt=\"\" width=\"297\" height=\"297\" srcset=\"https:\/\/agora.xtec.cat\/ceip-joma\/wp-content\/uploads\/usu1530\/2025\/12\/F0EE4580-7538-43A0-9E74-061EE313DB3A-1024x1024.jpg 1024w, https:\/\/agora.xtec.cat\/ceip-joma\/wp-content\/uploads\/usu1530\/2025\/12\/F0EE4580-7538-43A0-9E74-061EE313DB3A-300x300.jpg 300w, https:\/\/agora.xtec.cat\/ceip-joma\/wp-content\/uploads\/usu1530\/2025\/12\/F0EE4580-7538-43A0-9E74-061EE313DB3A-150x150.jpg 150w, https:\/\/agora.xtec.cat\/ceip-joma\/wp-content\/uploads\/usu1530\/2025\/12\/F0EE4580-7538-43A0-9E74-061EE313DB3A-768x768.jpg 768w, https:\/\/agora.xtec.cat\/ceip-joma\/wp-content\/uploads\/usu1530\/2025\/12\/F0EE4580-7538-43A0-9E74-061EE313DB3A-1536x1536.jpg 1536w, https:\/\/agora.xtec.cat\/ceip-joma\/wp-content\/uploads\/usu1530\/2025\/12\/F0EE4580-7538-43A0-9E74-061EE313DB3A.jpg 2048w\" sizes=\"auto, (max-width: 297px) 100vw, 297px\" \/><\/a><\/p>\n<p class=\"isSelectedEnd\"><a href=\"https:\/\/agora.xtec.cat\/ceip-joma\/wp-content\/uploads\/usu1530\/2025\/12\/fc9e9e09-7c5c-4555-9c90-2a58d1097e40.jpg\"><img loading=\"lazy\" decoding=\"async\" class=\"wp-image-5801 alignleft\" src=\"https:\/\/agora.xtec.cat\/ceip-joma\/wp-content\/uploads\/usu1530\/2025\/12\/fc9e9e09-7c5c-4555-9c90-2a58d1097e40-1024x1024.jpg\" alt=\"\" width=\"264\" height=\"264\" srcset=\"https:\/\/agora.xtec.cat\/ceip-joma\/wp-content\/uploads\/usu1530\/2025\/12\/fc9e9e09-7c5c-4555-9c90-2a58d1097e40-1024x1024.jpg 1024w, https:\/\/agora.xtec.cat\/ceip-joma\/wp-content\/uploads\/usu1530\/2025\/12\/fc9e9e09-7c5c-4555-9c90-2a58d1097e40-300x300.jpg 300w, https:\/\/agora.xtec.cat\/ceip-joma\/wp-content\/uploads\/usu1530\/2025\/12\/fc9e9e09-7c5c-4555-9c90-2a58d1097e40-150x150.jpg 150w, https:\/\/agora.xtec.cat\/ceip-joma\/wp-content\/uploads\/usu1530\/2025\/12\/fc9e9e09-7c5c-4555-9c90-2a58d1097e40-768x768.jpg 768w, https:\/\/agora.xtec.cat\/ceip-joma\/wp-content\/uploads\/usu1530\/2025\/12\/fc9e9e09-7c5c-4555-9c90-2a58d1097e40-1536x1536.jpg 1536w, https:\/\/agora.xtec.cat\/ceip-joma\/wp-content\/uploads\/usu1530\/2025\/12\/fc9e9e09-7c5c-4555-9c90-2a58d1097e40.jpg 1600w\" sizes=\"auto, (max-width: 264px) 100vw, 264px\" \/><\/a><\/p>\n<p>&nbsp;<\/p>\n<p class=\"isSelectedEnd\">Despr\u00e9s de l\u2019experimentaci\u00f3 lliure, cada comunitat va participar en una activitat guiada, pensada per introduir un repte cient\u00edfic adaptat a la seva edat.<\/p>\n<p class=\"isSelectedEnd\"><strong>Menuts\/des: Aigua de colors:\u00a0<\/strong>Els m\u00e9s petits van treballar amb fruites i verdures per descobrir com tenyir l\u2019aigua de forma natural. A trav\u00e9s de la manipulaci\u00f3, l\u2019observaci\u00f3 i la comparaci\u00f3, van experimentar amb els pigments i van veure com els colors es transformaven. Una activitat sensorial i cient\u00edfica alhora, que va despertar sorpresa i entusiasme.<\/p>\n<p>&nbsp;<\/p>\n<p>&nbsp;<\/p>\n<p><strong><a href=\"https:\/\/agora.xtec.cat\/ceip-joma\/wp-content\/uploads\/usu1530\/2025\/12\/4FC021EE-5936-42D3-8296-AB2FCF5EDEA6.jpg\"><img loading=\"lazy\" decoding=\"async\" class=\"wp-image-5803 alignright\" src=\"https:\/\/agora.xtec.cat\/ceip-joma\/wp-content\/uploads\/usu1530\/2025\/12\/4FC021EE-5936-42D3-8296-AB2FCF5EDEA6-1024x1024.jpg\" alt=\"\" width=\"244\" height=\"244\" srcset=\"https:\/\/agora.xtec.cat\/ceip-joma\/wp-content\/uploads\/usu1530\/2025\/12\/4FC021EE-5936-42D3-8296-AB2FCF5EDEA6-1024x1024.jpg 1024w, https:\/\/agora.xtec.cat\/ceip-joma\/wp-content\/uploads\/usu1530\/2025\/12\/4FC021EE-5936-42D3-8296-AB2FCF5EDEA6-300x300.jpg 300w, https:\/\/agora.xtec.cat\/ceip-joma\/wp-content\/uploads\/usu1530\/2025\/12\/4FC021EE-5936-42D3-8296-AB2FCF5EDEA6-150x150.jpg 150w, https:\/\/agora.xtec.cat\/ceip-joma\/wp-content\/uploads\/usu1530\/2025\/12\/4FC021EE-5936-42D3-8296-AB2FCF5EDEA6-768x768.jpg 768w, https:\/\/agora.xtec.cat\/ceip-joma\/wp-content\/uploads\/usu1530\/2025\/12\/4FC021EE-5936-42D3-8296-AB2FCF5EDEA6-1536x1536.jpg 1536w, https:\/\/agora.xtec.cat\/ceip-joma\/wp-content\/uploads\/usu1530\/2025\/12\/4FC021EE-5936-42D3-8296-AB2FCF5EDEA6.jpg 2048w\" sizes=\"auto, (max-width: 244px) 100vw, 244px\" \/><\/a>Petits\/es: A la manera de la ci\u00e8ncia: <\/strong>Els infants es van endinsar en un repte inspirat en el m\u00e8tode cient\u00edfic: descobrir qu\u00e8 hi havia dins d\u2019unes caixes que no es podien obrir. Com aut\u00e8ntics cient\u00edfics, van haver de formular hip\u00f2tesis, fer proves, escoltar, sacsejar, comparar i consensuar conclusions. La resposta era desconeguda per tothom, fet que convertia l\u2019activitat en una investigaci\u00f3 real, motivadora i plena de raonament.<\/p>\n<p>La visita al Lab 0_6 va ser una oportunitat perqu\u00e8 els infants visquessin la ci\u00e8ncia d\u2019una manera propera, vivencial i significativa. Van tornar amb curiositat, preguntes i ganes de continuar explorant. Activitats com aquesta ajuden a sembrar inter\u00e8s, confian\u00e7a i capacitat de reflexionar sobre el m\u00f3n des de ben petits, convertint la ci\u00e8ncia en un motor d\u2019aprenentatge per al futur.<\/p>\n<p>Aqu\u00ed us deixem unes <a href=\"https:\/\/drive.google.com\/drive\/folders\/1L2I8xW0cdFsrbOrowmiwCByUjH4qeI8U\">fotografies<\/a> de la sortida!<\/p>\n","protected":false},"excerpt":{"rendered":"<p>Els alumnes de la Comunitat de Menuts\/des i de la Comunitat de Petits\/es vam viure una jornada plena de descoberta i curiositat al Lab 0_6 de Manresa, un centre de recerca i documentaci\u00f3 dedicat a apropar l\u2019educaci\u00f3 cient\u00edfica a les primeres edats.\u00a0Des de l\u2019escola entenem que la ci\u00e8ncia no \u00e9s nom\u00e9s un conjunt de conceptes, [&hellip;]<\/p>\n","protected":false},"author":34,"featured_media":5802,"comment_status":"open","ping_status":"open","sticky":false,"template":"","format":"standard","meta":{"_bbp_topic_count":0,"_bbp_reply_count":0,"_bbp_total_topic_count":0,"_bbp_total_reply_count":0,"_bbp_voice_count":0,"_bbp_anonymous_reply_count":0,"_bbp_topic_count_hidden":0,"_bbp_reply_count_hidden":0,"_bbp_forum_subforum_count":0,"site-sidebar-layout":"default","site-content-layout":"","ast-site-content-layout":"","site-content-style":"default","site-sidebar-style":"default","ast-global-header-display":"","ast-banner-title-visibility":"","ast-main-header-display":"","ast-hfb-above-header-display":"","ast-hfb-below-header-display":"","ast-hfb-mobile-header-display":"","site-post-title":"","ast-breadcrumbs-content":"","ast-featured-img":"","footer-sml-layout":"","theme-transparent-header-meta":"","adv-header-id-meta":"","stick-header-meta":"","header-above-stick-meta":"","header-main-stick-meta":"","header-below-stick-meta":"","astra-migrate-meta-layouts":"default","ast-page-background-enabled":"default","ast-page-background-meta":{"desktop":{"background-color":"var(--ast-global-color-4)","background-image":"","background-repeat":"repeat","background-position":"center center","background-size":"auto","background-attachment":"scroll","background-type":"","background-media":"","overlay-type":"","overlay-color":"","overlay-opacity":"","overlay-gradient":""},"tablet":{"background-color":"","background-image":"","background-repeat":"repeat","background-position":"center center","background-size":"auto","background-attachment":"scroll","background-type":"","background-media":"","overlay-type":"","overlay-color":"","overlay-opacity":"","overlay-gradient":""},"mobile":{"background-color":"","background-image":"","background-repeat":"repeat","background-position":"center center","background-size":"auto","background-attachment":"scroll","background-type":"","background-media":"","overlay-type":"","overlay-color":"","overlay-opacity":"","overlay-gradient":""}},"ast-content-background-meta":{"desktop":{"background-color":"var(--ast-global-color-5)","background-image":"","background-repeat":"repeat","background-position":"center center","background-size":"auto","background-attachment":"scroll","background-type":"","background-media":"","overlay-type":"","overlay-color":"","overlay-opacity":"","overlay-gradient":""},"tablet":{"background-color":"var(--ast-global-color-5)","background-image":"","background-repeat":"repeat","background-position":"center center","background-size":"auto","background-attachment":"scroll","background-type":"","background-media":"","overlay-type":"","overlay-color":"","overlay-opacity":"","overlay-gradient":""},"mobile":{"background-color":"var(--ast-global-color-5)","background-image":"","background-repeat":"repeat","background-position":"center center","background-size":"auto","background-attachment":"scroll","background-type":"","background-media":"","overlay-type":"","overlay-color":"","overlay-opacity":"","overlay-gradient":""}},"footnotes":""},"categories":[63,1,110,184,183,4],"tags":[157,191,16],"class_list":["post-5798","post","type-post","status-publish","format-standard","has-post-thumbnail","hentry","category-activescola","category-antiga-general","category-articles","category-comunitat-de-menuts-des","category-comunitat-menuts","category-portada","tag-comunitat-de-petits","tag-comuntat-de-menuts","tag-sortides"],"post_mailing_queue_ids":[],"_links":{"self":[{"href":"https:\/\/agora.xtec.cat\/ceip-joma\/wp-json\/wp\/v2\/posts\/5798","targetHints":{"allow":["GET"]}}],"collection":[{"href":"https:\/\/agora.xtec.cat\/ceip-joma\/wp-json\/wp\/v2\/posts"}],"about":[{"href":"https:\/\/agora.xtec.cat\/ceip-joma\/wp-json\/wp\/v2\/types\/post"}],"author":[{"embeddable":true,"href":"https:\/\/agora.xtec.cat\/ceip-joma\/wp-json\/wp\/v2\/users\/34"}],"replies":[{"embeddable":true,"href":"https:\/\/agora.xtec.cat\/ceip-joma\/wp-json\/wp\/v2\/comments?post=5798"}],"version-history":[{"count":1,"href":"https:\/\/agora.xtec.cat\/ceip-joma\/wp-json\/wp\/v2\/posts\/5798\/revisions"}],"predecessor-version":[{"id":5804,"href":"https:\/\/agora.xtec.cat\/ceip-joma\/wp-json\/wp\/v2\/posts\/5798\/revisions\/5804"}],"wp:featuredmedia":[{"embeddable":true,"href":"https:\/\/agora.xtec.cat\/ceip-joma\/wp-json\/wp\/v2\/media\/5802"}],"wp:attachment":[{"href":"https:\/\/agora.xtec.cat\/ceip-joma\/wp-json\/wp\/v2\/media?parent=5798"}],"wp:term":[{"taxonomy":"category","embeddable":true,"href":"https:\/\/agora.xtec.cat\/ceip-joma\/wp-json\/wp\/v2\/categories?post=5798"},{"taxonomy":"post_tag","embeddable":true,"href":"https:\/\/agora.xtec.cat\/ceip-joma\/wp-json\/wp\/v2\/tags?post=5798"}],"curies":[{"name":"wp","href":"https:\/\/api.w.org\/{rel}","templated":true}]}}