{"id":5788,"date":"2025-12-03T08:56:57","date_gmt":"2025-12-03T07:56:57","guid":{"rendered":"https:\/\/agora.xtec.cat\/ceip-joma\/?p=5788"},"modified":"2025-12-08T16:04:32","modified_gmt":"2025-12-08T15:04:32","slug":"parlem-de-llops-a-catalunya-amb-el-gabriel","status":"publish","type":"post","link":"https:\/\/agora.xtec.cat\/ceip-joma\/antiga-general\/parlem-de-llops-a-catalunya-amb-el-gabriel\/","title":{"rendered":"PARLEM DE LLOPS A CATALUNYA AMB EL GABRIEL!"},"content":{"rendered":"<p><span style=\"font-weight: 400;\"><img loading=\"lazy\" decoding=\"async\" class=\"alignright\" src=\"https:\/\/agora.xtec.cat\/ceip-joma\/wp-content\/uploads\/usu1530\/2025\/12\/llopada.jpg\" width=\"317\" height=\"211\" \/>La passada setmana, l\u2019alumnat de 5\u00e8 i 6\u00e8\u00a0 vam tenir l\u2019oportunitat de participar en una xerrada molt especial amb <\/span><b>Gabriel Lampreave Altarriba<\/b><span style=\"font-weight: 400;\">, membre del <\/span><b>Cos d\u2019Agents Rurals<\/b><span style=\"font-weight: 400;\"> dedicat a la fauna salvatge protegida. La sessi\u00f3 es va centrar en la pres\u00e8ncia del llop a Catalunya i en el paper que t\u00e9 aquesta esp\u00e8cie en els nostres ecosistemes. Tot arran de la not\u00edcia sobre la primera llopada a Catalunya des de fa m\u00e9s de 100 anys.<\/span><\/p>\n<p><span style=\"font-weight: 400;\">Pr\u00e8viament, vam estar treballant sobre el llop i vam preparar un seguit de preguntes que vam poder plantejar-li directament. La trobada va ser molt participativa: i vam poder preguntar sobre el comportament del llop, quants n\u2019hi ha a Catalunya, quines tasques duen a terme els Agents Rurals per fer-ne el seguiment i garantir-ne la protecci\u00f3, i sobre la conviv\u00e8ncia amb les persones.<\/span><\/p>\n<p><span style=\"font-weight: 400;\">El Gabriel va respondre totes les q\u00fcestions amb claredat i ens va animar a continuar interessats per la natura i la conservaci\u00f3 del medi. La conversa ens ha ajudat a trencar mites i a entendre millor la import\u00e0ncia de conviure de manera respectuosa amb la fauna salvatge.<\/span><\/p>\n<p><span style=\"font-weight: 400;\">Des de l\u2019escola volem agrair la seva visita i la proximitat amb qu\u00e8 va atendre totes les nostres preguntes. Ha estat una experi\u00e8ncia enriquidora que ha despertat encara m\u00e9s curiositat i consci\u00e8ncia sobre aquest animal, sovint maltractat en el passat. Aqu\u00ed us deixem les <a href=\"https:\/\/drive.google.com\/drive\/folders\/1Z0vFqC0evV8mNZdhm_o4T2X7w7gL5M6r\">fotografies<\/a> de la jornada.<\/span><\/p>\n","protected":false},"excerpt":{"rendered":"<p>La passada setmana, l\u2019alumnat de 5\u00e8 i 6\u00e8\u00a0 vam tenir l\u2019oportunitat de participar en una xerrada molt especial amb Gabriel Lampreave Altarriba, membre del Cos d\u2019Agents Rurals dedicat a la fauna salvatge protegida. La sessi\u00f3 es va centrar en la pres\u00e8ncia del llop a Catalunya i en el paper que t\u00e9 aquesta esp\u00e8cie en els [&hellip;]<\/p>\n","protected":false},"author":34,"featured_media":5789,"comment_status":"open","ping_status":"open","sticky":false,"template":"","format":"standard","meta":{"_bbp_topic_count":0,"_bbp_reply_count":0,"_bbp_total_topic_count":0,"_bbp_total_reply_count":0,"_bbp_voice_count":0,"_bbp_anonymous_reply_count":0,"_bbp_topic_count_hidden":0,"_bbp_reply_count_hidden":0,"_bbp_forum_subforum_count":0,"site-sidebar-layout":"default","site-content-layout":"","ast-site-content-layout":"","site-content-style":"default","site-sidebar-style":"default","ast-global-header-display":"","ast-banner-title-visibility":"","ast-main-header-display":"","ast-hfb-above-header-display":"","ast-hfb-below-header-display":"","ast-hfb-mobile-header-display":"","site-post-title":"","ast-breadcrumbs-content":"","ast-featured-img":"","footer-sml-layout":"","theme-transparent-header-meta":"","adv-header-id-meta":"","stick-header-meta":"","header-above-stick-meta":"","header-main-stick-meta":"","header-below-stick-meta":"","astra-migrate-meta-layouts":"default","ast-page-background-enabled":"default","ast-page-background-meta":{"desktop":{"background-color":"var(--ast-global-color-4)","background-image":"","background-repeat":"repeat","background-position":"center center","background-size":"auto","background-attachment":"scroll","background-type":"","background-media":"","overlay-type":"","overlay-color":"","overlay-opacity":"","overlay-gradient":""},"tablet":{"background-color":"","background-image":"","background-repeat":"repeat","background-position":"center center","background-size":"auto","background-attachment":"scroll","background-type":"","background-media":"","overlay-type":"","overlay-color":"","overlay-opacity":"","overlay-gradient":""},"mobile":{"background-color":"","background-image":"","background-repeat":"repeat","background-position":"center center","background-size":"auto","background-attachment":"scroll","background-type":"","background-media":"","overlay-type":"","overlay-color":"","overlay-opacity":"","overlay-gradient":""}},"ast-content-background-meta":{"desktop":{"background-color":"var(--ast-global-color-5)","background-image":"","background-repeat":"repeat","background-position":"center center","background-size":"auto","background-attachment":"scroll","background-type":"","background-media":"","overlay-type":"","overlay-color":"","overlay-opacity":"","overlay-gradient":""},"tablet":{"background-color":"var(--ast-global-color-5)","background-image":"","background-repeat":"repeat","background-position":"center center","background-size":"auto","background-attachment":"scroll","background-type":"","background-media":"","overlay-type":"","overlay-color":"","overlay-opacity":"","overlay-gradient":""},"mobile":{"background-color":"var(--ast-global-color-5)","background-image":"","background-repeat":"repeat","background-position":"center center","background-size":"auto","background-attachment":"scroll","background-type":"","background-media":"","overlay-type":"","overlay-color":"","overlay-opacity":"","overlay-gradient":""}},"footnotes":""},"categories":[63,1,110,98,4],"tags":[77,100,101],"class_list":["post-5788","post","type-post","status-publish","format-standard","has-post-thumbnail","hentry","category-activescola","category-antiga-general","category-articles","category-cg","category-portada","tag-5e","tag-6e","tag-comunitat-de-grans"],"post_mailing_queue_ids":[],"_links":{"self":[{"href":"https:\/\/agora.xtec.cat\/ceip-joma\/wp-json\/wp\/v2\/posts\/5788","targetHints":{"allow":["GET"]}}],"collection":[{"href":"https:\/\/agora.xtec.cat\/ceip-joma\/wp-json\/wp\/v2\/posts"}],"about":[{"href":"https:\/\/agora.xtec.cat\/ceip-joma\/wp-json\/wp\/v2\/types\/post"}],"author":[{"embeddable":true,"href":"https:\/\/agora.xtec.cat\/ceip-joma\/wp-json\/wp\/v2\/users\/34"}],"replies":[{"embeddable":true,"href":"https:\/\/agora.xtec.cat\/ceip-joma\/wp-json\/wp\/v2\/comments?post=5788"}],"version-history":[{"count":2,"href":"https:\/\/agora.xtec.cat\/ceip-joma\/wp-json\/wp\/v2\/posts\/5788\/revisions"}],"predecessor-version":[{"id":5797,"href":"https:\/\/agora.xtec.cat\/ceip-joma\/wp-json\/wp\/v2\/posts\/5788\/revisions\/5797"}],"wp:featuredmedia":[{"embeddable":true,"href":"https:\/\/agora.xtec.cat\/ceip-joma\/wp-json\/wp\/v2\/media\/5789"}],"wp:attachment":[{"href":"https:\/\/agora.xtec.cat\/ceip-joma\/wp-json\/wp\/v2\/media?parent=5788"}],"wp:term":[{"taxonomy":"category","embeddable":true,"href":"https:\/\/agora.xtec.cat\/ceip-joma\/wp-json\/wp\/v2\/categories?post=5788"},{"taxonomy":"post_tag","embeddable":true,"href":"https:\/\/agora.xtec.cat\/ceip-joma\/wp-json\/wp\/v2\/tags?post=5788"}],"curies":[{"name":"wp","href":"https:\/\/api.w.org\/{rel}","templated":true}]}}