{"id":5783,"date":"2025-11-25T15:46:21","date_gmt":"2025-11-25T14:46:21","guid":{"rendered":"https:\/\/agora.xtec.cat\/ceip-joma\/?p=5783"},"modified":"2025-11-25T15:46:21","modified_gmt":"2025-11-25T14:46:21","slug":"taller-sobre-violencia-digital-a-5e-i-6e","status":"publish","type":"post","link":"https:\/\/agora.xtec.cat\/ceip-joma\/antiga-general\/taller-sobre-violencia-digital-a-5e-i-6e\/","title":{"rendered":"TALLER SOBRE VIOL\u00c8NCIA DIGITAL A 5\u00c8 I 6\u00c8"},"content":{"rendered":"<p><span style=\"font-weight: 400;\">La passada setmana l\u2019escola ha organitzat un taller impartit per l\u2019associaci\u00f3 <\/span><b>FEMBLOC<\/b><span style=\"font-weight: 400;\"> i adre\u00e7at a l\u2019alumnat de 5<\/span><span style=\"font-weight: 400;\">\u00e8<\/span><span style=\"font-weight: 400;\"> i 6<\/span><span style=\"font-weight: 400;\">\u00e8<\/span><span style=\"font-weight: 400;\"> per tal de reflexionar sobre l\u2019\u00fas d\u2019Internet i les xarxes socials en relaci\u00f3 amb les viol\u00e8ncies digitals.<\/span><\/p>\n<p><span style=\"font-weight: 400;\">A classe s\u2019ha llegit i comentat casos reals de nens i joves que han tingut experi\u00e8ncies negatives a les xarxes, s\u2019ha parlat sobre com pensem que s\u2019han sentit aquestes persones i s\u2019ha intentat donar diferents solucions a les situacions plantejades. <\/span><span style=\"font-weight: 400;\">D\u2019altra banda, an\u00f2nimament l\u2019alumnat ha expressat per escrit sobre si a ells i elles els ha passat alguna cosa similar mentre jugaven o navegaven per les xarxes socials.<\/span><\/p>\n<p><span style=\"font-weight: 400;\">Durant la sessi\u00f3 tamb\u00e9 s\u2019ha treballat temes com el respecte dins de la xarxa, l\u2019\u00fas de l\u2019anonimat, la privacitat i la gesti\u00f3 del temps de les pantalles. Les formadores han ofert eines per detectar riscos, evitar conflictes i utilitzar les xarxes de manera segura i responsable.<\/span><\/p>\n<p><span style=\"font-weight: 400;\">L\u2019activitat ha estat ben rebuda i valorada, i refor\u00e7a el comprom\u00eds de l\u2019escola amb l\u2019educaci\u00f3 digital i el benestar de tot l\u2019alumnat. Aqu\u00ed us deixem les <a href=\"https:\/\/drive.google.com\/drive\/folders\/1nJiZNlX8JIfRXnlijyvVkD2jr3RBVK3W\">fotografies<\/a>.<\/span><\/p>\n<p><img loading=\"lazy\" decoding=\"async\" class=\"aligncenter\" src=\"https:\/\/agora.xtec.cat\/ceip-joma\/wp-content\/uploads\/usu1530\/2025\/11\/20251121_092407-1-scaled.jpeg\" width=\"398\" height=\"298\" \/><\/p>\n","protected":false},"excerpt":{"rendered":"<p>La passada setmana l\u2019escola ha organitzat un taller impartit per l\u2019associaci\u00f3 FEMBLOC i adre\u00e7at a l\u2019alumnat de 5\u00e8 i 6\u00e8 per tal de reflexionar sobre l\u2019\u00fas d\u2019Internet i les xarxes socials en relaci\u00f3 amb les viol\u00e8ncies digitals. A classe s\u2019ha llegit i comentat casos reals de nens i joves que han tingut experi\u00e8ncies negatives a [&hellip;]<\/p>\n","protected":false},"author":34,"featured_media":5784,"comment_status":"open","ping_status":"open","sticky":false,"template":"","format":"standard","meta":{"_bbp_topic_count":0,"_bbp_reply_count":0,"_bbp_total_topic_count":0,"_bbp_total_reply_count":0,"_bbp_voice_count":0,"_bbp_anonymous_reply_count":0,"_bbp_topic_count_hidden":0,"_bbp_reply_count_hidden":0,"_bbp_forum_subforum_count":0,"site-sidebar-layout":"default","site-content-layout":"","ast-site-content-layout":"","site-content-style":"default","site-sidebar-style":"default","ast-global-header-display":"","ast-banner-title-visibility":"","ast-main-header-display":"","ast-hfb-above-header-display":"","ast-hfb-below-header-display":"","ast-hfb-mobile-header-display":"","site-post-title":"","ast-breadcrumbs-content":"","ast-featured-img":"","footer-sml-layout":"","theme-transparent-header-meta":"","adv-header-id-meta":"","stick-header-meta":"","header-above-stick-meta":"","header-main-stick-meta":"","header-below-stick-meta":"","astra-migrate-meta-layouts":"default","ast-page-background-enabled":"default","ast-page-background-meta":{"desktop":{"background-color":"var(--ast-global-color-4)","background-image":"","background-repeat":"repeat","background-position":"center center","background-size":"auto","background-attachment":"scroll","background-type":"","background-media":"","overlay-type":"","overlay-color":"","overlay-opacity":"","overlay-gradient":""},"tablet":{"background-color":"","background-image":"","background-repeat":"repeat","background-position":"center center","background-size":"auto","background-attachment":"scroll","background-type":"","background-media":"","overlay-type":"","overlay-color":"","overlay-opacity":"","overlay-gradient":""},"mobile":{"background-color":"","background-image":"","background-repeat":"repeat","background-position":"center center","background-size":"auto","background-attachment":"scroll","background-type":"","background-media":"","overlay-type":"","overlay-color":"","overlay-opacity":"","overlay-gradient":""}},"ast-content-background-meta":{"desktop":{"background-color":"var(--ast-global-color-5)","background-image":"","background-repeat":"repeat","background-position":"center center","background-size":"auto","background-attachment":"scroll","background-type":"","background-media":"","overlay-type":"","overlay-color":"","overlay-opacity":"","overlay-gradient":""},"tablet":{"background-color":"var(--ast-global-color-5)","background-image":"","background-repeat":"repeat","background-position":"center center","background-size":"auto","background-attachment":"scroll","background-type":"","background-media":"","overlay-type":"","overlay-color":"","overlay-opacity":"","overlay-gradient":""},"mobile":{"background-color":"var(--ast-global-color-5)","background-image":"","background-repeat":"repeat","background-position":"center center","background-size":"auto","background-attachment":"scroll","background-type":"","background-media":"","overlay-type":"","overlay-color":"","overlay-opacity":"","overlay-gradient":""}},"footnotes":""},"categories":[63,1,110,98,4],"tags":[77,100,101],"class_list":["post-5783","post","type-post","status-publish","format-standard","has-post-thumbnail","hentry","category-activescola","category-antiga-general","category-articles","category-cg","category-portada","tag-5e","tag-6e","tag-comunitat-de-grans"],"post_mailing_queue_ids":[],"_links":{"self":[{"href":"https:\/\/agora.xtec.cat\/ceip-joma\/wp-json\/wp\/v2\/posts\/5783","targetHints":{"allow":["GET"]}}],"collection":[{"href":"https:\/\/agora.xtec.cat\/ceip-joma\/wp-json\/wp\/v2\/posts"}],"about":[{"href":"https:\/\/agora.xtec.cat\/ceip-joma\/wp-json\/wp\/v2\/types\/post"}],"author":[{"embeddable":true,"href":"https:\/\/agora.xtec.cat\/ceip-joma\/wp-json\/wp\/v2\/users\/34"}],"replies":[{"embeddable":true,"href":"https:\/\/agora.xtec.cat\/ceip-joma\/wp-json\/wp\/v2\/comments?post=5783"}],"version-history":[{"count":1,"href":"https:\/\/agora.xtec.cat\/ceip-joma\/wp-json\/wp\/v2\/posts\/5783\/revisions"}],"predecessor-version":[{"id":5785,"href":"https:\/\/agora.xtec.cat\/ceip-joma\/wp-json\/wp\/v2\/posts\/5783\/revisions\/5785"}],"wp:featuredmedia":[{"embeddable":true,"href":"https:\/\/agora.xtec.cat\/ceip-joma\/wp-json\/wp\/v2\/media\/5784"}],"wp:attachment":[{"href":"https:\/\/agora.xtec.cat\/ceip-joma\/wp-json\/wp\/v2\/media?parent=5783"}],"wp:term":[{"taxonomy":"category","embeddable":true,"href":"https:\/\/agora.xtec.cat\/ceip-joma\/wp-json\/wp\/v2\/categories?post=5783"},{"taxonomy":"post_tag","embeddable":true,"href":"https:\/\/agora.xtec.cat\/ceip-joma\/wp-json\/wp\/v2\/tags?post=5783"}],"curies":[{"name":"wp","href":"https:\/\/api.w.org\/{rel}","templated":true}]}}