{"id":5756,"date":"2025-11-05T13:55:56","date_gmt":"2025-11-05T12:55:56","guid":{"rendered":"https:\/\/agora.xtec.cat\/ceip-joma\/?p=5756"},"modified":"2025-11-05T13:57:19","modified_gmt":"2025-11-05T12:57:19","slug":"la-castanyada-a-lescola","status":"publish","type":"post","link":"https:\/\/agora.xtec.cat\/ceip-joma\/antiga-general\/la-castanyada-a-lescola\/","title":{"rendered":"LA CASTANYADA A L&#8217;ESCOLA"},"content":{"rendered":"<p data-start=\"65\" data-end=\"334\">La setmana passada l\u2019escola es va omplir d\u2019aromes dolces i d\u2019il\u00b7lusi\u00f3. Cada curs va fer <strong data-start=\"164\" data-end=\"190\">la llista de la compra<\/strong> entre tots: parlant, decidint, escrivint\u2026 i despr\u00e9s vam sortir a <strong data-start=\"256\" data-end=\"283\">comprar els ingredients<\/strong> als supermercats del nostre poble per elaborar els nostres <strong data-start=\"309\" data-end=\"331\">panellets casolans<\/strong>.<\/p>\n<p data-start=\"65\" data-end=\"334\"><a href=\"https:\/\/agora.xtec.cat\/ceip-joma\/wp-content\/uploads\/usu1530\/2025\/11\/IMG_6720-1-scaled.jpg\"><img loading=\"lazy\" decoding=\"async\" class=\"wp-image-5758 alignright\" src=\"https:\/\/agora.xtec.cat\/ceip-joma\/wp-content\/uploads\/usu1530\/2025\/11\/IMG_6720-1-1024x985.jpg\" alt=\"\" width=\"177\" height=\"170\" srcset=\"https:\/\/agora.xtec.cat\/ceip-joma\/wp-content\/uploads\/usu1530\/2025\/11\/IMG_6720-1-1024x985.jpg 1024w, https:\/\/agora.xtec.cat\/ceip-joma\/wp-content\/uploads\/usu1530\/2025\/11\/IMG_6720-1-300x289.jpg 300w, https:\/\/agora.xtec.cat\/ceip-joma\/wp-content\/uploads\/usu1530\/2025\/11\/IMG_6720-1-768x739.jpg 768w, https:\/\/agora.xtec.cat\/ceip-joma\/wp-content\/uploads\/usu1530\/2025\/11\/IMG_6720-1-1536x1478.jpg 1536w, https:\/\/agora.xtec.cat\/ceip-joma\/wp-content\/uploads\/usu1530\/2025\/11\/IMG_6720-1-2048x1971.jpg 2048w\" sizes=\"auto, (max-width: 177px) 100vw, 177px\" \/><\/a><\/p>\n<p data-start=\"336\" data-end=\"762\">Cada comunitat va posar-hi el seu toc especial per elaborar la massa:<br data-start=\"383\" data-end=\"386\" \/>\ud83c\udf30 Els <strong data-start=\"393\" data-end=\"423\">menuts\/des <\/strong>van fer uns panellets de<strong> cirera i ametlla<\/strong> fets amb molta cura.<br data-start=\"484\" data-end=\"487\" \/>\ud83c\udf6b Els <strong data-start=\"494\" data-end=\"516\">petits\/es, de xocolata<\/strong> per llepar-se els dits!<br data-start=\"579\" data-end=\"582\" \/>\ud83c\udf60 Els <strong data-start=\"589\" data-end=\"622\">mitjans\/es, de codonyat i moniato<\/strong> per experimentar amb sabors tradicionals i nous.<br data-start=\"671\" data-end=\"674\" \/>\ud83e\udd65 I els <strong data-start=\"683\" data-end=\"700\">grans, de coco, <\/strong>ben dol\u00e7os i esponjosos.<\/p>\n<p data-start=\"764\" data-end=\"1042\">A m\u00e9s de cuinar, vam gaudir de <strong data-start=\"795\" data-end=\"842\">tallers art\u00edstics de la Castanyada i de la tardor<\/strong>, pintant, retallant i creant racons plens de colors c\u00e0lids. Les mestres de menuts\/des i petits\/es ens van sorprendre amb un <strong data-start=\"960\" data-end=\"984\">teatre molt divertit<\/strong>, que ens va fer riure i viure la m\u00e0gia d\u2019aquesta \u00e8poca. I la comunitat de grans de l&#8217;escola van fer les<strong> paperines<\/strong> de les <strong>castanyes<\/strong> que despr\u00e9s, algunes fam\u00edlies volunt\u00e0ries de l&#8217;escola, van venir a ajudar-nos a coure-les.<\/p>\n<p><img loading=\"lazy\" decoding=\"async\" class=\"alignleft\" src=\"https:\/\/agora.xtec.cat\/ceip-joma\/wp-content\/uploads\/usu1530\/2025\/11\/IMG_0280-1.jpeg\" width=\"302\" height=\"227\" \/><\/p>\n<p style=\"text-align: left;\" data-start=\"1044\" data-end=\"1340\">Finalment, el <strong data-start=\"1060\" data-end=\"1087\">31 d\u2019octubre a la tarda<\/strong>, vam celebrar <strong data-start=\"1102\" data-end=\"1136\">la gran festa de la Castanyada<\/strong>. Primer, els infants vam <strong data-start=\"1162\" data-end=\"1186\">compartir un berenar<\/strong> amb els nostres panellets \u2014fruit de tanta feina i emoci\u00f3\u2014 i despr\u00e9s vam <strong data-start=\"1259\" data-end=\"1284\">convidar les fam\u00edlies<\/strong> per ensenyar-los i gaudir dels <strong data-start=\"1299\" data-end=\"1318\">balls de tardor<\/strong> preparats amb esfor\u00e7 i il\u00b7lusi\u00f3. La festa va continuar amb un berenar conjunt de <strong data-start=\"1368\" data-end=\"1422\">castanyes, panellets, rialles i danses compartides<\/strong>. Una tarda plena d\u2019alegria i complicitat, compartint moments que ens fan sentir ben a prop els uns dels altres i per estimar l\u2019escola com una gran fam\u00edlia.<\/p>\n<p style=\"text-align: left;\" data-start=\"1342\" data-end=\"1531\">Gr\u00e0cies a totes les fam\u00edlies per venir, us deixem un recull de <a href=\"https:\/\/drive.google.com\/drive\/folders\/1bT2onSnpcMCMFqpUuHqHnJJJJMfugoam\"><strong data-start=\"1653\" data-end=\"1679\">fotografies.\u00a0<\/strong><\/a><\/p>\n","protected":false},"excerpt":{"rendered":"<p>La setmana passada l\u2019escola es va omplir d\u2019aromes dolces i d\u2019il\u00b7lusi\u00f3. Cada curs va fer la llista de la compra entre tots: parlant, decidint, escrivint\u2026 i despr\u00e9s vam sortir a comprar els ingredients als supermercats del nostre poble per elaborar els nostres panellets casolans. Cada comunitat va posar-hi el seu toc especial per elaborar la [&hellip;]<\/p>\n","protected":false},"author":34,"featured_media":5757,"comment_status":"open","ping_status":"open","sticky":false,"template":"","format":"standard","meta":{"_bbp_topic_count":0,"_bbp_reply_count":0,"_bbp_total_topic_count":0,"_bbp_total_reply_count":0,"_bbp_voice_count":0,"_bbp_anonymous_reply_count":0,"_bbp_topic_count_hidden":0,"_bbp_reply_count_hidden":0,"_bbp_forum_subforum_count":0,"site-sidebar-layout":"default","site-content-layout":"","ast-site-content-layout":"","site-content-style":"default","site-sidebar-style":"default","ast-global-header-display":"","ast-banner-title-visibility":"","ast-main-header-display":"","ast-hfb-above-header-display":"","ast-hfb-below-header-display":"","ast-hfb-mobile-header-display":"","site-post-title":"","ast-breadcrumbs-content":"","ast-featured-img":"","footer-sml-layout":"","theme-transparent-header-meta":"","adv-header-id-meta":"","stick-header-meta":"","header-above-stick-meta":"","header-main-stick-meta":"","header-below-stick-meta":"","astra-migrate-meta-layouts":"default","ast-page-background-enabled":"default","ast-page-background-meta":{"desktop":{"background-color":"var(--ast-global-color-4)","background-image":"","background-repeat":"repeat","background-position":"center center","background-size":"auto","background-attachment":"scroll","background-type":"","background-media":"","overlay-type":"","overlay-color":"","overlay-opacity":"","overlay-gradient":""},"tablet":{"background-color":"","background-image":"","background-repeat":"repeat","background-position":"center center","background-size":"auto","background-attachment":"scroll","background-type":"","background-media":"","overlay-type":"","overlay-color":"","overlay-opacity":"","overlay-gradient":""},"mobile":{"background-color":"","background-image":"","background-repeat":"repeat","background-position":"center center","background-size":"auto","background-attachment":"scroll","background-type":"","background-media":"","overlay-type":"","overlay-color":"","overlay-opacity":"","overlay-gradient":""}},"ast-content-background-meta":{"desktop":{"background-color":"var(--ast-global-color-5)","background-image":"","background-repeat":"repeat","background-position":"center center","background-size":"auto","background-attachment":"scroll","background-type":"","background-media":"","overlay-type":"","overlay-color":"","overlay-opacity":"","overlay-gradient":""},"tablet":{"background-color":"var(--ast-global-color-5)","background-image":"","background-repeat":"repeat","background-position":"center center","background-size":"auto","background-attachment":"scroll","background-type":"","background-media":"","overlay-type":"","overlay-color":"","overlay-opacity":"","overlay-gradient":""},"mobile":{"background-color":"var(--ast-global-color-5)","background-image":"","background-repeat":"repeat","background-position":"center center","background-size":"auto","background-attachment":"scroll","background-type":"","background-media":"","overlay-type":"","overlay-color":"","overlay-opacity":"","overlay-gradient":""}},"footnotes":""},"categories":[63,1,110,184,98,183,97,99,4],"tags":[139,172,187,138],"class_list":["post-5756","post","type-post","status-publish","format-standard","has-post-thumbnail","hentry","category-activescola","category-antiga-general","category-articles","category-comunitat-de-menuts-des","category-cg","category-comunitat-menuts","category-cm-portada","category-musica","category-portada","tag-castanyada","tag-familia","tag-infantil","tag-primaria"],"post_mailing_queue_ids":[],"_links":{"self":[{"href":"https:\/\/agora.xtec.cat\/ceip-joma\/wp-json\/wp\/v2\/posts\/5756","targetHints":{"allow":["GET"]}}],"collection":[{"href":"https:\/\/agora.xtec.cat\/ceip-joma\/wp-json\/wp\/v2\/posts"}],"about":[{"href":"https:\/\/agora.xtec.cat\/ceip-joma\/wp-json\/wp\/v2\/types\/post"}],"author":[{"embeddable":true,"href":"https:\/\/agora.xtec.cat\/ceip-joma\/wp-json\/wp\/v2\/users\/34"}],"replies":[{"embeddable":true,"href":"https:\/\/agora.xtec.cat\/ceip-joma\/wp-json\/wp\/v2\/comments?post=5756"}],"version-history":[{"count":3,"href":"https:\/\/agora.xtec.cat\/ceip-joma\/wp-json\/wp\/v2\/posts\/5756\/revisions"}],"predecessor-version":[{"id":5761,"href":"https:\/\/agora.xtec.cat\/ceip-joma\/wp-json\/wp\/v2\/posts\/5756\/revisions\/5761"}],"wp:featuredmedia":[{"embeddable":true,"href":"https:\/\/agora.xtec.cat\/ceip-joma\/wp-json\/wp\/v2\/media\/5757"}],"wp:attachment":[{"href":"https:\/\/agora.xtec.cat\/ceip-joma\/wp-json\/wp\/v2\/media?parent=5756"}],"wp:term":[{"taxonomy":"category","embeddable":true,"href":"https:\/\/agora.xtec.cat\/ceip-joma\/wp-json\/wp\/v2\/categories?post=5756"},{"taxonomy":"post_tag","embeddable":true,"href":"https:\/\/agora.xtec.cat\/ceip-joma\/wp-json\/wp\/v2\/tags?post=5756"}],"curies":[{"name":"wp","href":"https:\/\/api.w.org\/{rel}","templated":true}]}}