{"id":5721,"date":"2025-09-19T15:07:16","date_gmt":"2025-09-19T13:07:16","guid":{"rendered":"https:\/\/agora.xtec.cat\/ceip-joma\/?p=5721"},"modified":"2025-10-15T19:07:46","modified_gmt":"2025-10-15T17:07:46","slug":"la-comunitat-de-menuts-des-creem-un-mandala-amb-elements-naurals","status":"publish","type":"post","link":"https:\/\/agora.xtec.cat\/ceip-joma\/portada\/la-comunitat-de-menuts-des-creem-un-mandala-amb-elements-naurals\/","title":{"rendered":"LA COMUNITAT DE MENUTS\/DES CREEM UN MANDALA AMB ELEMENTS NATURALS"},"content":{"rendered":"<p><a href=\"https:\/\/agora.xtec.cat\/ceip-joma\/wp-content\/uploads\/usu1530\/2025\/09\/portada1-scaled.jpg\"><img loading=\"lazy\" decoding=\"async\" class=\"wp-image-5723 aligncenter\" src=\"https:\/\/agora.xtec.cat\/ceip-joma\/wp-content\/uploads\/usu1530\/2025\/09\/portada1-768x1024.jpg\" alt=\"\" width=\"193\" height=\"258\" srcset=\"https:\/\/agora.xtec.cat\/ceip-joma\/wp-content\/uploads\/usu1530\/2025\/09\/portada1-768x1024.jpg 768w, https:\/\/agora.xtec.cat\/ceip-joma\/wp-content\/uploads\/usu1530\/2025\/09\/portada1-225x300.jpg 225w, https:\/\/agora.xtec.cat\/ceip-joma\/wp-content\/uploads\/usu1530\/2025\/09\/portada1-1152x1536.jpg 1152w, https:\/\/agora.xtec.cat\/ceip-joma\/wp-content\/uploads\/usu1530\/2025\/09\/portada1-1536x2048.jpg 1536w, https:\/\/agora.xtec.cat\/ceip-joma\/wp-content\/uploads\/usu1530\/2025\/09\/portada1-scaled.jpg 1920w\" sizes=\"auto, (max-width: 193px) 100vw, 193px\" \/><\/a><\/p>\n<p><span style=\"font-weight: 400;\">Els infants de la comunitat de menudes i menuts\u00a0 (I3, I4 i I5) hem creat un mandala amb elements naturals: pedres, troncs, pinyes, castanyes\u2026 Una activitat senzilla i bonica que ens ha perm\u00e8s gaudir plegats, con\u00e8ixer-nos i comen\u00e7ar a fer comunitat per a tot el curs.<\/span><\/p>\n<p><span style=\"font-weight: 400;\">Aqu\u00ed us deixem unes <a href=\"https:\/\/drive.google.com\/drive\/folders\/1lX1mZI3JHZV1UdOf-V1Snt0z-ONT64-9?usp=drive_link\">fotografies<\/a> d\u2019aquesta bonica tarda.<\/span><\/p>\n","protected":false},"excerpt":{"rendered":"<p>Els infants de la comunitat de menudes i menuts\u00a0 (I3, I4 i I5) hem creat un mandala amb elements naturals: pedres, troncs, pinyes, castanyes\u2026 Una activitat senzilla i bonica que ens ha perm\u00e8s gaudir plegats, con\u00e8ixer-nos i comen\u00e7ar a fer comunitat per a tot el curs. Aqu\u00ed us deixem unes fotografies d\u2019aquesta bonica tarda.<\/p>\n","protected":false},"author":23,"featured_media":5723,"comment_status":"open","ping_status":"open","sticky":false,"template":"","format":"standard","meta":{"_bbp_topic_count":0,"_bbp_reply_count":0,"_bbp_total_topic_count":0,"_bbp_total_reply_count":0,"_bbp_voice_count":0,"_bbp_anonymous_reply_count":0,"_bbp_topic_count_hidden":0,"_bbp_reply_count_hidden":0,"_bbp_forum_subforum_count":0,"site-sidebar-layout":"default","site-content-layout":"","ast-site-content-layout":"","site-content-style":"default","site-sidebar-style":"default","ast-global-header-display":"","ast-banner-title-visibility":"","ast-main-header-display":"","ast-hfb-above-header-display":"","ast-hfb-below-header-display":"","ast-hfb-mobile-header-display":"","site-post-title":"","ast-breadcrumbs-content":"","ast-featured-img":"","footer-sml-layout":"","theme-transparent-header-meta":"","adv-header-id-meta":"","stick-header-meta":"","header-above-stick-meta":"","header-main-stick-meta":"","header-below-stick-meta":"","astra-migrate-meta-layouts":"default","ast-page-background-enabled":"default","ast-page-background-meta":{"desktop":{"background-color":"var(--ast-global-color-4)","background-image":"","background-repeat":"repeat","background-position":"center center","background-size":"auto","background-attachment":"scroll","background-type":"","background-media":"","overlay-type":"","overlay-color":"","overlay-opacity":"","overlay-gradient":""},"tablet":{"background-color":"","background-image":"","background-repeat":"repeat","background-position":"center center","background-size":"auto","background-attachment":"scroll","background-type":"","background-media":"","overlay-type":"","overlay-color":"","overlay-opacity":"","overlay-gradient":""},"mobile":{"background-color":"","background-image":"","background-repeat":"repeat","background-position":"center center","background-size":"auto","background-attachment":"scroll","background-type":"","background-media":"","overlay-type":"","overlay-color":"","overlay-opacity":"","overlay-gradient":""}},"ast-content-background-meta":{"desktop":{"background-color":"var(--ast-global-color-5)","background-image":"","background-repeat":"repeat","background-position":"center center","background-size":"auto","background-attachment":"scroll","background-type":"","background-media":"","overlay-type":"","overlay-color":"","overlay-opacity":"","overlay-gradient":""},"tablet":{"background-color":"var(--ast-global-color-5)","background-image":"","background-repeat":"repeat","background-position":"center center","background-size":"auto","background-attachment":"scroll","background-type":"","background-media":"","overlay-type":"","overlay-color":"","overlay-opacity":"","overlay-gradient":""},"mobile":{"background-color":"var(--ast-global-color-5)","background-image":"","background-repeat":"repeat","background-position":"center center","background-size":"auto","background-attachment":"scroll","background-type":"","background-media":"","overlay-type":"","overlay-color":"","overlay-opacity":"","overlay-gradient":""}},"footnotes":""},"categories":[63,183,4],"tags":[179],"class_list":["post-5721","post","type-post","status-publish","format-standard","has-post-thumbnail","hentry","category-activescola","category-comunitat-menuts","category-portada","tag-comunitat-de-menudes-i-menuts"],"post_mailing_queue_ids":[],"_links":{"self":[{"href":"https:\/\/agora.xtec.cat\/ceip-joma\/wp-json\/wp\/v2\/posts\/5721","targetHints":{"allow":["GET"]}}],"collection":[{"href":"https:\/\/agora.xtec.cat\/ceip-joma\/wp-json\/wp\/v2\/posts"}],"about":[{"href":"https:\/\/agora.xtec.cat\/ceip-joma\/wp-json\/wp\/v2\/types\/post"}],"author":[{"embeddable":true,"href":"https:\/\/agora.xtec.cat\/ceip-joma\/wp-json\/wp\/v2\/users\/23"}],"replies":[{"embeddable":true,"href":"https:\/\/agora.xtec.cat\/ceip-joma\/wp-json\/wp\/v2\/comments?post=5721"}],"version-history":[{"count":4,"href":"https:\/\/agora.xtec.cat\/ceip-joma\/wp-json\/wp\/v2\/posts\/5721\/revisions"}],"predecessor-version":[{"id":5732,"href":"https:\/\/agora.xtec.cat\/ceip-joma\/wp-json\/wp\/v2\/posts\/5721\/revisions\/5732"}],"wp:featuredmedia":[{"embeddable":true,"href":"https:\/\/agora.xtec.cat\/ceip-joma\/wp-json\/wp\/v2\/media\/5723"}],"wp:attachment":[{"href":"https:\/\/agora.xtec.cat\/ceip-joma\/wp-json\/wp\/v2\/media?parent=5721"}],"wp:term":[{"taxonomy":"category","embeddable":true,"href":"https:\/\/agora.xtec.cat\/ceip-joma\/wp-json\/wp\/v2\/categories?post=5721"},{"taxonomy":"post_tag","embeddable":true,"href":"https:\/\/agora.xtec.cat\/ceip-joma\/wp-json\/wp\/v2\/tags?post=5721"}],"curies":[{"name":"wp","href":"https:\/\/api.w.org\/{rel}","templated":true}]}}