{"id":5684,"date":"2025-06-27T12:51:02","date_gmt":"2025-06-27T10:51:02","guid":{"rendered":"https:\/\/agora.xtec.cat\/ceip-joma\/?p=5684"},"modified":"2025-06-27T12:51:02","modified_gmt":"2025-06-27T10:51:02","slug":"fi-de-curs-a-la-platja","status":"publish","type":"post","link":"https:\/\/agora.xtec.cat\/ceip-joma\/portada\/fi-de-curs-a-la-platja\/","title":{"rendered":"FI DE CURS A LA PLATJA"},"content":{"rendered":"<p><a href=\"https:\/\/agora.xtec.cat\/ceip-joma\/wp-content\/uploads\/usu1530\/2025\/06\/img_33464793.jpg\"><img loading=\"lazy\" decoding=\"async\" class=\"size-full wp-image-5685 aligncenter\" src=\"https:\/\/agora.xtec.cat\/ceip-joma\/wp-content\/uploads\/usu1530\/2025\/06\/img_33464793.jpg\" alt=\"\" width=\"640\" height=\"480\" srcset=\"https:\/\/agora.xtec.cat\/ceip-joma\/wp-content\/uploads\/usu1530\/2025\/06\/img_33464793.jpg 640w, https:\/\/agora.xtec.cat\/ceip-joma\/wp-content\/uploads\/usu1530\/2025\/06\/img_33464793-300x225.jpg 300w, https:\/\/agora.xtec.cat\/ceip-joma\/wp-content\/uploads\/usu1530\/2025\/06\/img_33464793-200x150.jpg 200w\" sizes=\"auto, (max-width: 640px) 100vw, 640px\" \/><\/a><\/p>\n<p>El dia 20 de juny, els nens i nenes de 3r a 6\u00e8 van tancar el curs escolar amb una sortida ben especial: una escapada a la platja de Vilanova i la Geltr\u00fa que va ser, simplement, fant\u00e0stica!<\/p>\n<p>Amb motxilles lleugeres per\u00f2 carregades d\u2019il\u00b7lusi\u00f3, vam arribar a la sorra equipats amb pales, galledes i pilotes. El sol brillava i el mar Mediterrani ens va regalar una estona de calma i diversi\u00f3 que recordarem tot l\u2019estiu. Entre castells de sorra, partits de v\u00f2lei improvisats i moltes rialles, el temps va volar!<\/p>\n<p>Va ser un mat\u00ed pl\u00e0cid, ple d\u2019amistat i bons moments. Ens vam refrescar als peus de les onades, vam jugar com mai i vam compartir els \u00faltims instants del curs amb alegria i complicitat.<\/p>\n<p>Amb la pell una mica m\u00e9s daurada i el cor ben content, ens vam dir \u201cfins aviat\u201d. Vam tancar el curs amb un somriure i vam comen\u00e7ar les vacances amb energia!<\/p>\n<p>Bon estiu a tothom i ens retrobem al setembre amb les piles ben carregades!<\/p>\n<p>Us deixem un petit recull de <a href=\"https:\/\/photos.app.goo.gl\/XSmwKu5AgJ4wMWWB9\" target=\"_blank\" rel=\"noopener\">FOTOGRAFIES<\/a> d&#8217;aquest dia.<\/p>\n","protected":false},"excerpt":{"rendered":"<p>El dia 20 de juny, els nens i nenes de 3r a 6\u00e8 van tancar el curs escolar amb una sortida ben especial: una escapada a la platja de Vilanova i la Geltr\u00fa que va ser, simplement, fant\u00e0stica! Amb motxilles lleugeres per\u00f2 carregades d\u2019il\u00b7lusi\u00f3, vam arribar a la sorra equipats amb pales, galledes i pilotes. [&hellip;]<\/p>\n","protected":false},"author":33,"featured_media":5685,"comment_status":"open","ping_status":"open","sticky":false,"template":"","format":"standard","meta":{"_bbp_topic_count":0,"_bbp_reply_count":0,"_bbp_total_topic_count":0,"_bbp_total_reply_count":0,"_bbp_voice_count":0,"_bbp_anonymous_reply_count":0,"_bbp_topic_count_hidden":0,"_bbp_reply_count_hidden":0,"_bbp_forum_subforum_count":0,"site-sidebar-layout":"default","site-content-layout":"","ast-site-content-layout":"","site-content-style":"default","site-sidebar-style":"default","ast-global-header-display":"","ast-banner-title-visibility":"","ast-main-header-display":"","ast-hfb-above-header-display":"","ast-hfb-below-header-display":"","ast-hfb-mobile-header-display":"","site-post-title":"","ast-breadcrumbs-content":"","ast-featured-img":"","footer-sml-layout":"","theme-transparent-header-meta":"","adv-header-id-meta":"","stick-header-meta":"","header-above-stick-meta":"","header-main-stick-meta":"","header-below-stick-meta":"","astra-migrate-meta-layouts":"default","ast-page-background-enabled":"default","ast-page-background-meta":{"desktop":{"background-color":"var(--ast-global-color-4)","background-image":"","background-repeat":"repeat","background-position":"center center","background-size":"auto","background-attachment":"scroll","background-type":"","background-media":"","overlay-type":"","overlay-color":"","overlay-opacity":"","overlay-gradient":""},"tablet":{"background-color":"","background-image":"","background-repeat":"repeat","background-position":"center center","background-size":"auto","background-attachment":"scroll","background-type":"","background-media":"","overlay-type":"","overlay-color":"","overlay-opacity":"","overlay-gradient":""},"mobile":{"background-color":"","background-image":"","background-repeat":"repeat","background-position":"center center","background-size":"auto","background-attachment":"scroll","background-type":"","background-media":"","overlay-type":"","overlay-color":"","overlay-opacity":"","overlay-gradient":""}},"ast-content-background-meta":{"desktop":{"background-color":"var(--ast-global-color-5)","background-image":"","background-repeat":"repeat","background-position":"center center","background-size":"auto","background-attachment":"scroll","background-type":"","background-media":"","overlay-type":"","overlay-color":"","overlay-opacity":"","overlay-gradient":""},"tablet":{"background-color":"var(--ast-global-color-5)","background-image":"","background-repeat":"repeat","background-position":"center center","background-size":"auto","background-attachment":"scroll","background-type":"","background-media":"","overlay-type":"","overlay-color":"","overlay-opacity":"","overlay-gradient":""},"mobile":{"background-color":"var(--ast-global-color-5)","background-image":"","background-repeat":"repeat","background-position":"center center","background-size":"auto","background-attachment":"scroll","background-type":"","background-media":"","overlay-type":"","overlay-color":"","overlay-opacity":"","overlay-gradient":""}},"footnotes":""},"categories":[98,4],"tags":[101,136,16],"class_list":["post-5684","post","type-post","status-publish","format-standard","has-post-thumbnail","hentry","category-cg","category-portada","tag-comunitat-de-grans","tag-final-de-curs","tag-sortides"],"post_mailing_queue_ids":[],"_links":{"self":[{"href":"https:\/\/agora.xtec.cat\/ceip-joma\/wp-json\/wp\/v2\/posts\/5684","targetHints":{"allow":["GET"]}}],"collection":[{"href":"https:\/\/agora.xtec.cat\/ceip-joma\/wp-json\/wp\/v2\/posts"}],"about":[{"href":"https:\/\/agora.xtec.cat\/ceip-joma\/wp-json\/wp\/v2\/types\/post"}],"author":[{"embeddable":true,"href":"https:\/\/agora.xtec.cat\/ceip-joma\/wp-json\/wp\/v2\/users\/33"}],"replies":[{"embeddable":true,"href":"https:\/\/agora.xtec.cat\/ceip-joma\/wp-json\/wp\/v2\/comments?post=5684"}],"version-history":[{"count":3,"href":"https:\/\/agora.xtec.cat\/ceip-joma\/wp-json\/wp\/v2\/posts\/5684\/revisions"}],"predecessor-version":[{"id":5688,"href":"https:\/\/agora.xtec.cat\/ceip-joma\/wp-json\/wp\/v2\/posts\/5684\/revisions\/5688"}],"wp:featuredmedia":[{"embeddable":true,"href":"https:\/\/agora.xtec.cat\/ceip-joma\/wp-json\/wp\/v2\/media\/5685"}],"wp:attachment":[{"href":"https:\/\/agora.xtec.cat\/ceip-joma\/wp-json\/wp\/v2\/media?parent=5684"}],"wp:term":[{"taxonomy":"category","embeddable":true,"href":"https:\/\/agora.xtec.cat\/ceip-joma\/wp-json\/wp\/v2\/categories?post=5684"},{"taxonomy":"post_tag","embeddable":true,"href":"https:\/\/agora.xtec.cat\/ceip-joma\/wp-json\/wp\/v2\/tags?post=5684"}],"curies":[{"name":"wp","href":"https:\/\/api.w.org\/{rel}","templated":true}]}}