{"id":5660,"date":"2025-06-17T14:20:16","date_gmt":"2025-06-17T12:20:16","guid":{"rendered":"https:\/\/agora.xtec.cat\/ceip-joma\/?p=5660"},"modified":"2025-06-17T14:20:16","modified_gmt":"2025-06-17T12:20:16","slug":"festa-de-final-de-curs","status":"publish","type":"post","link":"https:\/\/agora.xtec.cat\/ceip-joma\/portada\/festa-de-final-de-curs\/","title":{"rendered":"FESTA DE FINAL DE CURS"},"content":{"rendered":"<p data-start=\"309\" data-end=\"560\"><a href=\"https:\/\/agora.xtec.cat\/ceip-joma\/wp-content\/uploads\/usu1530\/2025\/06\/Captura-de-pantalla-2025-06-17-134754.jpg\"><img loading=\"lazy\" decoding=\"async\" class=\"alignnone wp-image-5664\" src=\"https:\/\/agora.xtec.cat\/ceip-joma\/wp-content\/uploads\/usu1530\/2025\/06\/Captura-de-pantalla-2025-06-17-134754-1024x758.jpg\" alt=\"\" width=\"303\" height=\"224\" srcset=\"https:\/\/agora.xtec.cat\/ceip-joma\/wp-content\/uploads\/usu1530\/2025\/06\/Captura-de-pantalla-2025-06-17-134754-1024x758.jpg 1024w, https:\/\/agora.xtec.cat\/ceip-joma\/wp-content\/uploads\/usu1530\/2025\/06\/Captura-de-pantalla-2025-06-17-134754-300x222.jpg 300w, https:\/\/agora.xtec.cat\/ceip-joma\/wp-content\/uploads\/usu1530\/2025\/06\/Captura-de-pantalla-2025-06-17-134754-768x569.jpg 768w, https:\/\/agora.xtec.cat\/ceip-joma\/wp-content\/uploads\/usu1530\/2025\/06\/Captura-de-pantalla-2025-06-17-134754.jpg 1102w\" sizes=\"auto, (max-width: 303px) 100vw, 303px\" \/><\/a><\/p>\n<p data-start=\"309\" data-end=\"560\">El <strong data-start=\"312\" data-end=\"344\">divendres passat, 13 de juny<\/strong>, vam obrir les portes de l\u2019escola a totes les fam\u00edlies per compartir una tarda molt especial: un recorregut pels <strong data-start=\"482\" data-end=\"559\">projectes i aprenentatges que els infants han realitzat al llarg del curs<\/strong>.<\/p>\n<p data-start=\"309\" data-end=\"560\"><!--more--><\/p>\n<p data-start=\"562\" data-end=\"913\">L\u2019escola es va omplir de vida i emoci\u00f3 mentre els nens i nenes, guiaven les seves fam\u00edlies pels diferents espais preparats per a l\u2019ocasi\u00f3. Cada cicle comptava amb una <strong data-start=\"756\" data-end=\"781\">llista de verificaci\u00f3<\/strong> que ajudava els infants a fer de guies i a explicar tot all\u00f2 que havien apr\u00e8s, com ho havien treballat i qu\u00e8 els havia motivat m\u00e9s.<\/p>\n<p data-start=\"915\" data-end=\"1156\">Va ser una hora plena de <strong data-start=\"940\" data-end=\"1018\">descobertes compartides<\/strong>.<\/p>\n<p data-start=\"1158\" data-end=\"1261\">Gr\u00e0cies a totes les fam\u00edlies per la vostra participaci\u00f3 i per formar part d\u2019aquest cam\u00ed!<\/p>\n<p>Aqu\u00ed us deixem algunes <a href=\"https:\/\/photos.app.goo.gl\/1yN2iri2JY5bji1o7\">fotos<\/a> per recordar aquest dia tan bonic.<\/p>\n<p>&nbsp;<\/p>\n","protected":false},"excerpt":{"rendered":"<p>El divendres passat, 13 de juny, vam obrir les portes de l\u2019escola a totes les fam\u00edlies per compartir una tarda molt especial: un recorregut pels projectes i aprenentatges que els infants han realitzat al llarg del curs.<\/p>\n","protected":false},"author":38,"featured_media":5664,"comment_status":"open","ping_status":"open","sticky":false,"template":"","format":"standard","meta":{"_bbp_topic_count":0,"_bbp_reply_count":0,"_bbp_total_topic_count":0,"_bbp_total_reply_count":0,"_bbp_voice_count":0,"_bbp_anonymous_reply_count":0,"_bbp_topic_count_hidden":0,"_bbp_reply_count_hidden":0,"_bbp_forum_subforum_count":0,"site-sidebar-layout":"default","site-content-layout":"","ast-site-content-layout":"","site-content-style":"default","site-sidebar-style":"default","ast-global-header-display":"","ast-banner-title-visibility":"","ast-main-header-display":"","ast-hfb-above-header-display":"","ast-hfb-below-header-display":"","ast-hfb-mobile-header-display":"","site-post-title":"","ast-breadcrumbs-content":"","ast-featured-img":"","footer-sml-layout":"","theme-transparent-header-meta":"","adv-header-id-meta":"","stick-header-meta":"","header-above-stick-meta":"","header-main-stick-meta":"","header-below-stick-meta":"","astra-migrate-meta-layouts":"default","ast-page-background-enabled":"default","ast-page-background-meta":{"desktop":{"background-color":"var(--ast-global-color-4)","background-image":"","background-repeat":"repeat","background-position":"center center","background-size":"auto","background-attachment":"scroll","background-type":"","background-media":"","overlay-type":"","overlay-color":"","overlay-opacity":"","overlay-gradient":""},"tablet":{"background-color":"","background-image":"","background-repeat":"repeat","background-position":"center center","background-size":"auto","background-attachment":"scroll","background-type":"","background-media":"","overlay-type":"","overlay-color":"","overlay-opacity":"","overlay-gradient":""},"mobile":{"background-color":"","background-image":"","background-repeat":"repeat","background-position":"center center","background-size":"auto","background-attachment":"scroll","background-type":"","background-media":"","overlay-type":"","overlay-color":"","overlay-opacity":"","overlay-gradient":""}},"ast-content-background-meta":{"desktop":{"background-color":"var(--ast-global-color-5)","background-image":"","background-repeat":"repeat","background-position":"center center","background-size":"auto","background-attachment":"scroll","background-type":"","background-media":"","overlay-type":"","overlay-color":"","overlay-opacity":"","overlay-gradient":""},"tablet":{"background-color":"var(--ast-global-color-5)","background-image":"","background-repeat":"repeat","background-position":"center center","background-size":"auto","background-attachment":"scroll","background-type":"","background-media":"","overlay-type":"","overlay-color":"","overlay-opacity":"","overlay-gradient":""},"mobile":{"background-color":"var(--ast-global-color-5)","background-image":"","background-repeat":"repeat","background-position":"center center","background-size":"auto","background-attachment":"scroll","background-type":"","background-media":"","overlay-type":"","overlay-color":"","overlay-opacity":"","overlay-gradient":""}},"footnotes":""},"categories":[63,4],"tags":[],"class_list":["post-5660","post","type-post","status-publish","format-standard","has-post-thumbnail","hentry","category-activescola","category-portada"],"post_mailing_queue_ids":[],"_links":{"self":[{"href":"https:\/\/agora.xtec.cat\/ceip-joma\/wp-json\/wp\/v2\/posts\/5660","targetHints":{"allow":["GET"]}}],"collection":[{"href":"https:\/\/agora.xtec.cat\/ceip-joma\/wp-json\/wp\/v2\/posts"}],"about":[{"href":"https:\/\/agora.xtec.cat\/ceip-joma\/wp-json\/wp\/v2\/types\/post"}],"author":[{"embeddable":true,"href":"https:\/\/agora.xtec.cat\/ceip-joma\/wp-json\/wp\/v2\/users\/38"}],"replies":[{"embeddable":true,"href":"https:\/\/agora.xtec.cat\/ceip-joma\/wp-json\/wp\/v2\/comments?post=5660"}],"version-history":[{"count":2,"href":"https:\/\/agora.xtec.cat\/ceip-joma\/wp-json\/wp\/v2\/posts\/5660\/revisions"}],"predecessor-version":[{"id":5666,"href":"https:\/\/agora.xtec.cat\/ceip-joma\/wp-json\/wp\/v2\/posts\/5660\/revisions\/5666"}],"wp:featuredmedia":[{"embeddable":true,"href":"https:\/\/agora.xtec.cat\/ceip-joma\/wp-json\/wp\/v2\/media\/5664"}],"wp:attachment":[{"href":"https:\/\/agora.xtec.cat\/ceip-joma\/wp-json\/wp\/v2\/media?parent=5660"}],"wp:term":[{"taxonomy":"category","embeddable":true,"href":"https:\/\/agora.xtec.cat\/ceip-joma\/wp-json\/wp\/v2\/categories?post=5660"},{"taxonomy":"post_tag","embeddable":true,"href":"https:\/\/agora.xtec.cat\/ceip-joma\/wp-json\/wp\/v2\/tags?post=5660"}],"curies":[{"name":"wp","href":"https:\/\/api.w.org\/{rel}","templated":true}]}}