{"id":5658,"date":"2025-06-17T14:20:21","date_gmt":"2025-06-17T12:20:21","guid":{"rendered":"https:\/\/agora.xtec.cat\/ceip-joma\/?p=5658"},"modified":"2025-06-17T14:20:55","modified_gmt":"2025-06-17T12:20:55","slug":"comiat-de-6e","status":"publish","type":"post","link":"https:\/\/agora.xtec.cat\/ceip-joma\/portada\/comiat-de-6e\/","title":{"rendered":"COMIAT DE 6\u00c8"},"content":{"rendered":"<p data-start=\"143\" data-end=\"475\"><a href=\"https:\/\/agora.xtec.cat\/ceip-joma\/wp-content\/uploads\/usu1530\/2025\/06\/Captura-de-pantalla-2025-06-17-134409.jpg\"><img loading=\"lazy\" decoding=\"async\" class=\"alignnone wp-image-5661\" src=\"https:\/\/agora.xtec.cat\/ceip-joma\/wp-content\/uploads\/usu1530\/2025\/06\/Captura-de-pantalla-2025-06-17-134409-1024x550.jpg\" alt=\"\" width=\"384\" height=\"206\" srcset=\"https:\/\/agora.xtec.cat\/ceip-joma\/wp-content\/uploads\/usu1530\/2025\/06\/Captura-de-pantalla-2025-06-17-134409-1024x550.jpg 1024w, https:\/\/agora.xtec.cat\/ceip-joma\/wp-content\/uploads\/usu1530\/2025\/06\/Captura-de-pantalla-2025-06-17-134409-300x161.jpg 300w, https:\/\/agora.xtec.cat\/ceip-joma\/wp-content\/uploads\/usu1530\/2025\/06\/Captura-de-pantalla-2025-06-17-134409-768x413.jpg 768w, https:\/\/agora.xtec.cat\/ceip-joma\/wp-content\/uploads\/usu1530\/2025\/06\/Captura-de-pantalla-2025-06-17-134409.jpg 1096w\" sizes=\"auto, (max-width: 384px) 100vw, 384px\" \/><\/a><\/p>\n<p data-start=\"143\" data-end=\"475\">El passat<strong> divendres 13,<\/strong> va ser un un dia esperat amb il\u00b7lusi\u00f3 i una mica de nost\u00e0lgia: el comiat dels alumnes de 6\u00e8. Fam\u00edlies, mestres i companys de totes les edats es van reunir per veure l&#8217;acte de cloenda d&#8217;una etapa molt important.<\/p>\n<p data-start=\"143\" data-end=\"475\"><!--more--><\/p>\n<p data-start=\"93\" data-end=\"458\">Quan va comen\u00e7ar a sonar la m\u00fasica, totes les mirades es van dirigir cap als nois i noies de 6\u00e8. L\u2019acte va continuar amb uns textos molt bonics llegits pels companys de 5\u00e8, que els van dedicar paraules plenes d\u2019afecte. Despr\u00e9s, els hi van posar el birret i la banda de graduats, i tota l\u2019escola els va acomiadar amb una can\u00e7\u00f3 personalitzada que va emocionar tothom.<\/p>\n<p data-start=\"460\" data-end=\"715\">Despr\u00e9s, les fam\u00edlies de 6\u00e8, en un ambient m\u00e9s \u00edntim, van poder gaudir d\u2019un v\u00eddeo carregats de records i moments viscuts al llarg d\u2019aquests anys. Aquet va provocar rialles, aplaudiments&#8230; i alguna que altra ll\u00e0grima.<\/p>\n<p data-start=\"717\" data-end=\"987\">El comiat de 6\u00e8 no va ser nom\u00e9s una festa: va ser un homenatge a tot el que han viscut plegats. Un moment per mirar enrere amb orgull i comen\u00e7ar a imaginar, amb il\u00b7lusi\u00f3, tot el que vindr\u00e0. El divendres 13 quedar\u00e0, sens dubte, gravat al cor de tots els que el van viure.<\/p>\n<p data-start=\"717\" data-end=\"987\">Esperem que gaud\u00edssiu molt d&#8217;aquest dia!<\/p>\n<p data-start=\"1726\" data-end=\"1990\">Aqu\u00ed us deixem algunes <a href=\"https:\/\/photos.app.goo.gl\/gqWTZL2DaKCuYgfM9\">fotos<\/a> per recordar aquest dia tan bonic.<\/p>\n","protected":false},"excerpt":{"rendered":"<p>El passat divendres 13, va ser un un dia esperat amb il\u00b7lusi\u00f3 i una mica de nost\u00e0lgia: el comiat dels alumnes de 6\u00e8. Fam\u00edlies, mestres i companys de totes les edats es van reunir per veure l&#8217;acte de cloenda d&#8217;una etapa molt important.<\/p>\n","protected":false},"author":38,"featured_media":5662,"comment_status":"open","ping_status":"open","sticky":false,"template":"","format":"standard","meta":{"_bbp_topic_count":0,"_bbp_reply_count":0,"_bbp_total_topic_count":0,"_bbp_total_reply_count":0,"_bbp_voice_count":0,"_bbp_anonymous_reply_count":0,"_bbp_topic_count_hidden":0,"_bbp_reply_count_hidden":0,"_bbp_forum_subforum_count":0,"site-sidebar-layout":"default","site-content-layout":"","ast-site-content-layout":"","site-content-style":"default","site-sidebar-style":"default","ast-global-header-display":"","ast-banner-title-visibility":"","ast-main-header-display":"","ast-hfb-above-header-display":"","ast-hfb-below-header-display":"","ast-hfb-mobile-header-display":"","site-post-title":"","ast-breadcrumbs-content":"","ast-featured-img":"","footer-sml-layout":"","theme-transparent-header-meta":"","adv-header-id-meta":"","stick-header-meta":"","header-above-stick-meta":"","header-main-stick-meta":"","header-below-stick-meta":"","astra-migrate-meta-layouts":"default","ast-page-background-enabled":"default","ast-page-background-meta":{"desktop":{"background-color":"var(--ast-global-color-4)","background-image":"","background-repeat":"repeat","background-position":"center center","background-size":"auto","background-attachment":"scroll","background-type":"","background-media":"","overlay-type":"","overlay-color":"","overlay-opacity":"","overlay-gradient":""},"tablet":{"background-color":"","background-image":"","background-repeat":"repeat","background-position":"center center","background-size":"auto","background-attachment":"scroll","background-type":"","background-media":"","overlay-type":"","overlay-color":"","overlay-opacity":"","overlay-gradient":""},"mobile":{"background-color":"","background-image":"","background-repeat":"repeat","background-position":"center center","background-size":"auto","background-attachment":"scroll","background-type":"","background-media":"","overlay-type":"","overlay-color":"","overlay-opacity":"","overlay-gradient":""}},"ast-content-background-meta":{"desktop":{"background-color":"var(--ast-global-color-5)","background-image":"","background-repeat":"repeat","background-position":"center center","background-size":"auto","background-attachment":"scroll","background-type":"","background-media":"","overlay-type":"","overlay-color":"","overlay-opacity":"","overlay-gradient":""},"tablet":{"background-color":"var(--ast-global-color-5)","background-image":"","background-repeat":"repeat","background-position":"center center","background-size":"auto","background-attachment":"scroll","background-type":"","background-media":"","overlay-type":"","overlay-color":"","overlay-opacity":"","overlay-gradient":""},"mobile":{"background-color":"var(--ast-global-color-5)","background-image":"","background-repeat":"repeat","background-position":"center center","background-size":"auto","background-attachment":"scroll","background-type":"","background-media":"","overlay-type":"","overlay-color":"","overlay-opacity":"","overlay-gradient":""}},"footnotes":""},"categories":[98,4],"tags":[],"class_list":["post-5658","post","type-post","status-publish","format-standard","has-post-thumbnail","hentry","category-cg","category-portada"],"post_mailing_queue_ids":[],"_links":{"self":[{"href":"https:\/\/agora.xtec.cat\/ceip-joma\/wp-json\/wp\/v2\/posts\/5658","targetHints":{"allow":["GET"]}}],"collection":[{"href":"https:\/\/agora.xtec.cat\/ceip-joma\/wp-json\/wp\/v2\/posts"}],"about":[{"href":"https:\/\/agora.xtec.cat\/ceip-joma\/wp-json\/wp\/v2\/types\/post"}],"author":[{"embeddable":true,"href":"https:\/\/agora.xtec.cat\/ceip-joma\/wp-json\/wp\/v2\/users\/38"}],"replies":[{"embeddable":true,"href":"https:\/\/agora.xtec.cat\/ceip-joma\/wp-json\/wp\/v2\/comments?post=5658"}],"version-history":[{"count":2,"href":"https:\/\/agora.xtec.cat\/ceip-joma\/wp-json\/wp\/v2\/posts\/5658\/revisions"}],"predecessor-version":[{"id":5667,"href":"https:\/\/agora.xtec.cat\/ceip-joma\/wp-json\/wp\/v2\/posts\/5658\/revisions\/5667"}],"wp:featuredmedia":[{"embeddable":true,"href":"https:\/\/agora.xtec.cat\/ceip-joma\/wp-json\/wp\/v2\/media\/5662"}],"wp:attachment":[{"href":"https:\/\/agora.xtec.cat\/ceip-joma\/wp-json\/wp\/v2\/media?parent=5658"}],"wp:term":[{"taxonomy":"category","embeddable":true,"href":"https:\/\/agora.xtec.cat\/ceip-joma\/wp-json\/wp\/v2\/categories?post=5658"},{"taxonomy":"post_tag","embeddable":true,"href":"https:\/\/agora.xtec.cat\/ceip-joma\/wp-json\/wp\/v2\/tags?post=5658"}],"curies":[{"name":"wp","href":"https:\/\/api.w.org\/{rel}","templated":true}]}}