{"id":5647,"date":"2025-06-16T19:04:20","date_gmt":"2025-06-16T17:04:20","guid":{"rendered":"https:\/\/agora.xtec.cat\/ceip-joma\/?p=5647"},"modified":"2025-06-16T19:18:56","modified_gmt":"2025-06-16T17:18:56","slug":"projecte-del-fons-mari-1r-i-2n","status":"publish","type":"post","link":"https:\/\/agora.xtec.cat\/ceip-joma\/antiga-general\/projecte-del-fons-mari-1r-i-2n\/","title":{"rendered":"PROJECTE DEL FONS MAR\u00cd 1R I 2N"},"content":{"rendered":"<p>&nbsp;<\/p>\n<p>Al llarg del projecte del <strong data-start=\"366\" data-end=\"379\">fons mar\u00ed<\/strong>, ens hem endinsat en un m\u00f3n fascinant i ple de vida. No nom\u00e9s ens ha aportat nous coneixements, sin\u00f3 que tamb\u00e9 ens ha ajudat a desenvolupar capacitats valuoses pel nostre futur.<\/p>\n<p data-start=\"183\" data-end=\"415\"><a href=\"https:\/\/agora.xtec.cat\/ceip-joma\/wp-content\/uploads\/usu1530\/2025\/06\/694391A0-1E08-405C-B9AF-D63EFDCAFA08-2-scaled.jpg\"><img loading=\"lazy\" decoding=\"async\" class=\"wp-image-5656 alignleft\" src=\"https:\/\/agora.xtec.cat\/ceip-joma\/wp-content\/uploads\/usu1530\/2025\/06\/694391A0-1E08-405C-B9AF-D63EFDCAFA08-2-768x1024.jpg\" alt=\"\" width=\"207\" height=\"276\" srcset=\"https:\/\/agora.xtec.cat\/ceip-joma\/wp-content\/uploads\/usu1530\/2025\/06\/694391A0-1E08-405C-B9AF-D63EFDCAFA08-2-768x1024.jpg 768w, https:\/\/agora.xtec.cat\/ceip-joma\/wp-content\/uploads\/usu1530\/2025\/06\/694391A0-1E08-405C-B9AF-D63EFDCAFA08-2-225x300.jpg 225w, https:\/\/agora.xtec.cat\/ceip-joma\/wp-content\/uploads\/usu1530\/2025\/06\/694391A0-1E08-405C-B9AF-D63EFDCAFA08-2-1152x1536.jpg 1152w, https:\/\/agora.xtec.cat\/ceip-joma\/wp-content\/uploads\/usu1530\/2025\/06\/694391A0-1E08-405C-B9AF-D63EFDCAFA08-2-1536x2048.jpg 1536w, https:\/\/agora.xtec.cat\/ceip-joma\/wp-content\/uploads\/usu1530\/2025\/06\/694391A0-1E08-405C-B9AF-D63EFDCAFA08-2-scaled.jpg 1920w\" sizes=\"auto, (max-width: 207px) 100vw, 207px\" \/><\/a>Durant aquest projecte, hem descobert el m\u00f3n fascinant del <strong data-start=\"242\" data-end=\"255\">fons mar\u00ed<\/strong>. Hem apr\u00e8s sobre els <strong data-start=\"277\" data-end=\"306\">oceans i mars del planeta<\/strong>, les seves caracter\u00edstiques i la gran varietat d&#8217;<strong data-start=\"356\" data-end=\"376\">esp\u00e8cies marines <\/strong>que existeixen, algunes molt estranyes i sorprenents.<\/p>\n<p data-start=\"417\" data-end=\"692\">Ens hem endinsat en el coneixement de la <strong data-start=\"458\" data-end=\"474\">fauna marina<\/strong>, els seus h\u00e0bitats i les seves formes de vida. Tamb\u00e9 hem conegut esp\u00e8cies en <strong data-start=\"555\" data-end=\"576\">perill d\u2019extinci\u00f3<\/strong> i hem pres consci\u00e8ncia dels <strong data-start=\"605\" data-end=\"635\">efectes de la contaminaci\u00f3<\/strong>, sobretot la del pl\u00e0stic, sobre els \u00e9ssers vius del mar.<\/p>\n<p data-start=\"694\" data-end=\"922\">Hem estudiat com <strong data-start=\"711\" data-end=\"741\">la ci\u00e8ncia i la tecnologia<\/strong>, amb submarins i bussejadors\/es, ens ajuden a investigar i protegir aquest ecosistema tan valu\u00f3s. A m\u00e9s, hem descobert moltes <strong data-start=\"868\" data-end=\"891\">curiositats marines<\/strong> que ens han deixat bocabadats i bocabadades!<\/p>\n<p data-start=\"694\" data-end=\"922\"><a href=\"https:\/\/agora.xtec.cat\/ceip-joma\/wp-content\/uploads\/usu1530\/2025\/06\/E65B7BE9-0807-42D3-9EB0-6941A49B1F11-2-1-scaled-e1750093781681.jpg\"><img loading=\"lazy\" decoding=\"async\" class=\"wp-image-5654 alignright\" src=\"https:\/\/agora.xtec.cat\/ceip-joma\/wp-content\/uploads\/usu1530\/2025\/06\/E65B7BE9-0807-42D3-9EB0-6941A49B1F11-2-1-scaled-e1750093781681-813x1024.jpg\" alt=\"\" width=\"208\" height=\"262\" \/><\/a>Com a tancament del projecte, cada grup ha creat el seu propi mural del fons mar\u00ed. En total, hem elaborat <strong data-start=\"2131\" data-end=\"2145\">set murals<\/strong>, un per grup, plens de detalls, colors i informaci\u00f3. Tamb\u00e9 hem fet <strong data-start=\"2215\" data-end=\"2240\">manualitats creatives<\/strong>, com <strong data-start=\"2246\" data-end=\"2269\">tortugues i meduses<\/strong>, que hem penjat per decorar i transformar el nostre vest\u00edbul en un aut\u00e8ntic oce\u00e0.<\/p>\n<p data-start=\"924\" data-end=\"1238\">Aquest projecte ens ha perm\u00e8s treballar de manera <strong data-start=\"974\" data-end=\"989\">cooperativa<\/strong>, ser <strong data-start=\"995\" data-end=\"1007\">creatius<\/strong>, millorar l\u2019<strong data-start=\"1020\" data-end=\"1048\">expressi\u00f3 oral i escrita<\/strong>, fer \u00fas de les <strong data-start=\"1064\" data-end=\"1082\">eines digitals<\/strong> i desenvolupar el nostre esperit <strong data-start=\"1116\" data-end=\"1139\">cr\u00edtic i emprenedor<\/strong>. Tamb\u00e9 hem apr\u00e8s a ser m\u00e9s <strong data-start=\"1167\" data-end=\"1203\">responsables amb el medi ambient<\/strong> i a reflexionar sobre com aprenem.\u00a0En resum, ens ha ajudat a cr\u00e9ixer com a persones i com a aprenents i ens ha fet adonar que <strong data-start=\"3896\" data-end=\"3942\">cuidar el mar \u00e9s responsabilitat de tothom<\/strong>. Esperem que tot el que hem apr\u00e8s serveixi per protegir els nostres oceans i per continuar explorant el m\u00f3n amb curiositat i respecte. Us deixem aqu\u00ed l&#8217;enlla\u00e7 amb les <a href=\"https:\/\/photos.app.goo.gl\/Km7befTfX6H9NTQR8\">fotografies<\/a> del projecte.<\/p>\n","protected":false},"excerpt":{"rendered":"<p>&nbsp; Al llarg del projecte del fons mar\u00ed, ens hem endinsat en un m\u00f3n fascinant i ple de vida. No nom\u00e9s ens ha aportat nous coneixements, sin\u00f3 que tamb\u00e9 ens ha ajudat a desenvolupar capacitats valuoses pel nostre futur. Durant aquest projecte, hem descobert el m\u00f3n fascinant del fons mar\u00ed. Hem apr\u00e8s sobre els oceans [&hellip;]<\/p>\n","protected":false},"author":34,"featured_media":5654,"comment_status":"open","ping_status":"open","sticky":false,"template":"","format":"standard","meta":{"_bbp_topic_count":0,"_bbp_reply_count":0,"_bbp_total_topic_count":0,"_bbp_total_reply_count":0,"_bbp_voice_count":0,"_bbp_anonymous_reply_count":0,"_bbp_topic_count_hidden":0,"_bbp_reply_count_hidden":0,"_bbp_forum_subforum_count":0,"site-sidebar-layout":"default","site-content-layout":"","ast-site-content-layout":"","site-content-style":"default","site-sidebar-style":"default","ast-global-header-display":"","ast-banner-title-visibility":"","ast-main-header-display":"","ast-hfb-above-header-display":"","ast-hfb-below-header-display":"","ast-hfb-mobile-header-display":"","site-post-title":"","ast-breadcrumbs-content":"","ast-featured-img":"","footer-sml-layout":"","theme-transparent-header-meta":"","adv-header-id-meta":"","stick-header-meta":"","header-above-stick-meta":"","header-main-stick-meta":"","header-below-stick-meta":"","astra-migrate-meta-layouts":"default","ast-page-background-enabled":"default","ast-page-background-meta":{"desktop":{"background-color":"var(--ast-global-color-4)","background-image":"","background-repeat":"repeat","background-position":"center center","background-size":"auto","background-attachment":"scroll","background-type":"","background-media":"","overlay-type":"","overlay-color":"","overlay-opacity":"","overlay-gradient":""},"tablet":{"background-color":"","background-image":"","background-repeat":"repeat","background-position":"center center","background-size":"auto","background-attachment":"scroll","background-type":"","background-media":"","overlay-type":"","overlay-color":"","overlay-opacity":"","overlay-gradient":""},"mobile":{"background-color":"","background-image":"","background-repeat":"repeat","background-position":"center center","background-size":"auto","background-attachment":"scroll","background-type":"","background-media":"","overlay-type":"","overlay-color":"","overlay-opacity":"","overlay-gradient":""}},"ast-content-background-meta":{"desktop":{"background-color":"var(--ast-global-color-5)","background-image":"","background-repeat":"repeat","background-position":"center center","background-size":"auto","background-attachment":"scroll","background-type":"","background-media":"","overlay-type":"","overlay-color":"","overlay-opacity":"","overlay-gradient":""},"tablet":{"background-color":"var(--ast-global-color-5)","background-image":"","background-repeat":"repeat","background-position":"center center","background-size":"auto","background-attachment":"scroll","background-type":"","background-media":"","overlay-type":"","overlay-color":"","overlay-opacity":"","overlay-gradient":""},"mobile":{"background-color":"var(--ast-global-color-5)","background-image":"","background-repeat":"repeat","background-position":"center center","background-size":"auto","background-attachment":"scroll","background-type":"","background-media":"","overlay-type":"","overlay-color":"","overlay-opacity":"","overlay-gradient":""}},"footnotes":""},"categories":[63,1,97,4],"tags":[175,119,120,176,159],"class_list":["post-5647","post","type-post","status-publish","format-standard","has-post-thumbnail","hentry","category-activescola","category-antiga-general","category-cm-portada","category-portada","tag-1r","tag-2n","tag-comunitat-mitjans","tag-fons-mari","tag-projectes"],"post_mailing_queue_ids":[],"_links":{"self":[{"href":"https:\/\/agora.xtec.cat\/ceip-joma\/wp-json\/wp\/v2\/posts\/5647","targetHints":{"allow":["GET"]}}],"collection":[{"href":"https:\/\/agora.xtec.cat\/ceip-joma\/wp-json\/wp\/v2\/posts"}],"about":[{"href":"https:\/\/agora.xtec.cat\/ceip-joma\/wp-json\/wp\/v2\/types\/post"}],"author":[{"embeddable":true,"href":"https:\/\/agora.xtec.cat\/ceip-joma\/wp-json\/wp\/v2\/users\/34"}],"replies":[{"embeddable":true,"href":"https:\/\/agora.xtec.cat\/ceip-joma\/wp-json\/wp\/v2\/comments?post=5647"}],"version-history":[{"count":3,"href":"https:\/\/agora.xtec.cat\/ceip-joma\/wp-json\/wp\/v2\/posts\/5647\/revisions"}],"predecessor-version":[{"id":5657,"href":"https:\/\/agora.xtec.cat\/ceip-joma\/wp-json\/wp\/v2\/posts\/5647\/revisions\/5657"}],"wp:featuredmedia":[{"embeddable":true,"href":"https:\/\/agora.xtec.cat\/ceip-joma\/wp-json\/wp\/v2\/media\/5654"}],"wp:attachment":[{"href":"https:\/\/agora.xtec.cat\/ceip-joma\/wp-json\/wp\/v2\/media?parent=5647"}],"wp:term":[{"taxonomy":"category","embeddable":true,"href":"https:\/\/agora.xtec.cat\/ceip-joma\/wp-json\/wp\/v2\/categories?post=5647"},{"taxonomy":"post_tag","embeddable":true,"href":"https:\/\/agora.xtec.cat\/ceip-joma\/wp-json\/wp\/v2\/tags?post=5647"}],"curies":[{"name":"wp","href":"https:\/\/api.w.org\/{rel}","templated":true}]}}