{"id":5637,"date":"2025-06-17T09:40:29","date_gmt":"2025-06-17T07:40:29","guid":{"rendered":"https:\/\/agora.xtec.cat\/ceip-joma\/?p=5637"},"modified":"2025-06-17T09:40:29","modified_gmt":"2025-06-17T07:40:29","slug":"compartim-la-radio-amb-linstitut","status":"publish","type":"post","link":"https:\/\/agora.xtec.cat\/ceip-joma\/portada\/compartim-la-radio-amb-linstitut\/","title":{"rendered":"COMPARTIM LA R\u00c0DIO AMB L&#8217;INSTITUT"},"content":{"rendered":"<p style=\"text-align: center;\"><a href=\"https:\/\/agora.xtec.cat\/ceip-joma\/wp-content\/uploads\/usu1530\/2025\/06\/20250604_115425.jpg\"><img loading=\"lazy\" decoding=\"async\" class=\"alignnone size-large wp-image-5639\" src=\"https:\/\/agora.xtec.cat\/ceip-joma\/wp-content\/uploads\/usu1530\/2025\/06\/20250604_115425-1024x768.jpg\" alt=\"\" width=\"1024\" height=\"768\" srcset=\"https:\/\/agora.xtec.cat\/ceip-joma\/wp-content\/uploads\/usu1530\/2025\/06\/20250604_115425-1024x768.jpg 1024w, https:\/\/agora.xtec.cat\/ceip-joma\/wp-content\/uploads\/usu1530\/2025\/06\/20250604_115425-300x225.jpg 300w, https:\/\/agora.xtec.cat\/ceip-joma\/wp-content\/uploads\/usu1530\/2025\/06\/20250604_115425-768x576.jpg 768w, https:\/\/agora.xtec.cat\/ceip-joma\/wp-content\/uploads\/usu1530\/2025\/06\/20250604_115425-1536x1152.jpg 1536w, https:\/\/agora.xtec.cat\/ceip-joma\/wp-content\/uploads\/usu1530\/2025\/06\/20250604_115425-200x150.jpg 200w, https:\/\/agora.xtec.cat\/ceip-joma\/wp-content\/uploads\/usu1530\/2025\/06\/20250604_115425.jpg 1800w\" sizes=\"auto, (max-width: 1024px) 100vw, 1024px\" \/><\/a><\/p>\n<p>El taller de r\u00e0dio de l&#8217;escola va comen\u00e7ar fa ja 2 anys amb la idea de familiaritzar els alumnes amb el proc\u00e9s de creaci\u00f3 d\u2019un programa de r\u00e0dio i els ha perm\u00e8s endinsar-se en el m\u00f3n de la comunicaci\u00f3 i, alhora, descobrir com funciona una r\u00e0dio.<\/p>\n<p>Aquest taller ha estat una oportunitat per desenvolupar la creativitat, la capacitat d&#8217;expressi\u00f3 i, fins i tot, la feina en equip. Durant diverses sessions, els participants han apr\u00e8s a redactar guions, a preparar entrevistes i a fer-se les seves pr\u00f2pies preguntes, tot mentre desenvolupaven les seves habilitats d\u2019expressi\u00f3 oral. A m\u00e9s, van poder experimentar amb els equips t\u00e8cnics necessaris per a la gravaci\u00f3 i la producci\u00f3 d\u2019un programa. Tot aix\u00f2, amb l&#8217;objectiu de potenciar les seves habilitats comunicatives i incentivar el treball en equip.<\/p>\n<p data-start=\"1181\" data-end=\"1650\">Per afegir una part pr\u00e0ctica al taller, tot l&#8217;alumnat van tenir l\u2019oportunitat de visitar l&#8217;institut gr\u00e0cies a la col\u00b7laboraci\u00f3 de l&#8217;\u00c0lex, professor de l&#8217;institut . All\u00e0 van compartir, amb l&#8217;alumnat\u00a0 que formen part de l\u2019equip de r\u00e0dio de l\u2019institut, una experi\u00e8ncia \u00fanica pels infants, ja que van poder veure de primera m\u00e0 com funciona una r\u00e0dio real, amb equips professionals, i com els estudiants d&#8217;educaci\u00f3 secund\u00e0ria preparen els seus programes.<\/p>\n<p data-start=\"1652\" data-end=\"2050\">A l&#8217;institut l&#8217;alumnat de prim\u00e0ria van poder veure com utilitzen les taules de mescles, els micr\u00f2fons i les eines t\u00e8cniques necess\u00e0ries per crear contingut de qualitat. A m\u00e9s, van tenir l&#8217;oportunitat de fer preguntes i intercanviar idees amb els joves de l&#8217;institut sobre qu\u00e8 els agrada de fer r\u00e0dio i com poden millorar les seves pr\u00f2pies produccions.<\/p>\n<p>En definitiva, el taller de r\u00e0dio ha estat una experi\u00e8ncia educativa i divertida que ha perm\u00e8s als alumnes descobrir el m\u00f3n de la comunicaci\u00f3 i con\u00e8ixer els primers passos per convertir-se en aut\u00e8ntics locutors. A m\u00e9s, la visita a l&#8217;institut ha estat una gran oportunitat per veure com funciona la r\u00e0dio a un nivell m\u00e9s professional i compartir experi\u00e8ncies tots junts.<\/p>\n<p>En aquest <a href=\"https:\/\/photos.app.goo.gl\/EJbBb8UAz7Sg6jTWA\" target=\"_blank\" rel=\"noopener\">ENLLA\u00c7<\/a> trobareu imatges i v\u00eddeos de les diferents visites a l&#8217;Institut.<\/p>\n","protected":false},"excerpt":{"rendered":"<p>El taller de r\u00e0dio de l&#8217;escola va comen\u00e7ar fa ja 2 anys amb la idea de familiaritzar els alumnes amb el proc\u00e9s de creaci\u00f3 d\u2019un programa de r\u00e0dio i els ha perm\u00e8s endinsar-se en el m\u00f3n de la comunicaci\u00f3 i, alhora, descobrir com funciona una r\u00e0dio. Aquest taller ha estat una oportunitat per desenvolupar la [&hellip;]<\/p>\n","protected":false},"author":22,"featured_media":5638,"comment_status":"open","ping_status":"open","sticky":false,"template":"","format":"standard","meta":{"_bbp_topic_count":0,"_bbp_reply_count":0,"_bbp_total_topic_count":0,"_bbp_total_reply_count":0,"_bbp_voice_count":0,"_bbp_anonymous_reply_count":0,"_bbp_topic_count_hidden":0,"_bbp_reply_count_hidden":0,"_bbp_forum_subforum_count":0,"site-sidebar-layout":"default","site-content-layout":"","ast-site-content-layout":"","site-content-style":"default","site-sidebar-style":"default","ast-global-header-display":"","ast-banner-title-visibility":"","ast-main-header-display":"","ast-hfb-above-header-display":"","ast-hfb-below-header-display":"","ast-hfb-mobile-header-display":"","site-post-title":"","ast-breadcrumbs-content":"","ast-featured-img":"","footer-sml-layout":"","theme-transparent-header-meta":"","adv-header-id-meta":"","stick-header-meta":"","header-above-stick-meta":"","header-main-stick-meta":"","header-below-stick-meta":"","astra-migrate-meta-layouts":"default","ast-page-background-enabled":"default","ast-page-background-meta":{"desktop":{"background-color":"var(--ast-global-color-4)","background-image":"","background-repeat":"repeat","background-position":"center center","background-size":"auto","background-attachment":"scroll","background-type":"","background-media":"","overlay-type":"","overlay-color":"","overlay-opacity":"","overlay-gradient":""},"tablet":{"background-color":"","background-image":"","background-repeat":"repeat","background-position":"center center","background-size":"auto","background-attachment":"scroll","background-type":"","background-media":"","overlay-type":"","overlay-color":"","overlay-opacity":"","overlay-gradient":""},"mobile":{"background-color":"","background-image":"","background-repeat":"repeat","background-position":"center center","background-size":"auto","background-attachment":"scroll","background-type":"","background-media":"","overlay-type":"","overlay-color":"","overlay-opacity":"","overlay-gradient":""}},"ast-content-background-meta":{"desktop":{"background-color":"var(--ast-global-color-5)","background-image":"","background-repeat":"repeat","background-position":"center center","background-size":"auto","background-attachment":"scroll","background-type":"","background-media":"","overlay-type":"","overlay-color":"","overlay-opacity":"","overlay-gradient":""},"tablet":{"background-color":"var(--ast-global-color-5)","background-image":"","background-repeat":"repeat","background-position":"center center","background-size":"auto","background-attachment":"scroll","background-type":"","background-media":"","overlay-type":"","overlay-color":"","overlay-opacity":"","overlay-gradient":""},"mobile":{"background-color":"var(--ast-global-color-5)","background-image":"","background-repeat":"repeat","background-position":"center center","background-size":"auto","background-attachment":"scroll","background-type":"","background-media":"","overlay-type":"","overlay-color":"","overlay-opacity":"","overlay-gradient":""}},"footnotes":""},"categories":[98,4],"tags":[101,103],"class_list":["post-5637","post","type-post","status-publish","format-standard","has-post-thumbnail","hentry","category-cg","category-portada","tag-comunitat-de-grans","tag-tallers"],"post_mailing_queue_ids":[],"_links":{"self":[{"href":"https:\/\/agora.xtec.cat\/ceip-joma\/wp-json\/wp\/v2\/posts\/5637","targetHints":{"allow":["GET"]}}],"collection":[{"href":"https:\/\/agora.xtec.cat\/ceip-joma\/wp-json\/wp\/v2\/posts"}],"about":[{"href":"https:\/\/agora.xtec.cat\/ceip-joma\/wp-json\/wp\/v2\/types\/post"}],"author":[{"embeddable":true,"href":"https:\/\/agora.xtec.cat\/ceip-joma\/wp-json\/wp\/v2\/users\/22"}],"replies":[{"embeddable":true,"href":"https:\/\/agora.xtec.cat\/ceip-joma\/wp-json\/wp\/v2\/comments?post=5637"}],"version-history":[{"count":1,"href":"https:\/\/agora.xtec.cat\/ceip-joma\/wp-json\/wp\/v2\/posts\/5637\/revisions"}],"predecessor-version":[{"id":5640,"href":"https:\/\/agora.xtec.cat\/ceip-joma\/wp-json\/wp\/v2\/posts\/5637\/revisions\/5640"}],"wp:featuredmedia":[{"embeddable":true,"href":"https:\/\/agora.xtec.cat\/ceip-joma\/wp-json\/wp\/v2\/media\/5638"}],"wp:attachment":[{"href":"https:\/\/agora.xtec.cat\/ceip-joma\/wp-json\/wp\/v2\/media?parent=5637"}],"wp:term":[{"taxonomy":"category","embeddable":true,"href":"https:\/\/agora.xtec.cat\/ceip-joma\/wp-json\/wp\/v2\/categories?post=5637"},{"taxonomy":"post_tag","embeddable":true,"href":"https:\/\/agora.xtec.cat\/ceip-joma\/wp-json\/wp\/v2\/tags?post=5637"}],"curies":[{"name":"wp","href":"https:\/\/api.w.org\/{rel}","templated":true}]}}