{"id":5618,"date":"2025-06-12T12:53:45","date_gmt":"2025-06-12T10:53:45","guid":{"rendered":"https:\/\/agora.xtec.cat\/ceip-joma\/?p=5618"},"modified":"2025-06-12T12:53:45","modified_gmt":"2025-06-12T10:53:45","slug":"belen-infermera-dels-avis-una-feina-molt-especial","status":"publish","type":"post","link":"https:\/\/agora.xtec.cat\/ceip-joma\/portada\/belen-infermera-dels-avis-una-feina-molt-especial\/","title":{"rendered":"BEL\u00c9N, INFERMERA DELS AVIS: UNA FEINA MOLT ESPECIAL"},"content":{"rendered":"<p style=\"text-align: center;\"><a href=\"https:\/\/agora.xtec.cat\/ceip-joma\/wp-content\/uploads\/usu1530\/2025\/06\/web.jpg\"><img loading=\"lazy\" decoding=\"async\" class=\"alignnone size-large wp-image-5619\" src=\"https:\/\/agora.xtec.cat\/ceip-joma\/wp-content\/uploads\/usu1530\/2025\/06\/web-1024x768.jpg\" alt=\"\" width=\"1024\" height=\"768\" srcset=\"https:\/\/agora.xtec.cat\/ceip-joma\/wp-content\/uploads\/usu1530\/2025\/06\/web-1024x768.jpg 1024w, https:\/\/agora.xtec.cat\/ceip-joma\/wp-content\/uploads\/usu1530\/2025\/06\/web-300x225.jpg 300w, https:\/\/agora.xtec.cat\/ceip-joma\/wp-content\/uploads\/usu1530\/2025\/06\/web-768x576.jpg 768w, https:\/\/agora.xtec.cat\/ceip-joma\/wp-content\/uploads\/usu1530\/2025\/06\/web-1536x1152.jpg 1536w, https:\/\/agora.xtec.cat\/ceip-joma\/wp-content\/uploads\/usu1530\/2025\/06\/web-200x150.jpg 200w, https:\/\/agora.xtec.cat\/ceip-joma\/wp-content\/uploads\/usu1530\/2025\/06\/web.jpg 1800w\" sizes=\"auto, (max-width: 1024px) 100vw, 1024px\" \/><\/a><\/p>\n<p>Aquesta setmana, els alumnes de 4t de Prim\u00e0ria de la nostra escola van tenir una visita molt especial. La mare de l&#8217;Eric, la Bel\u00e9n, que treballa com a infermera al <strong data-start=\"251\" data-end=\"281\">Parc Sanitari Pere Virgili<\/strong> de Barcelona, i que va venir a compartir la seva experi\u00e8ncia i coneixements amb nosaltres.<\/p>\n<p>La xerrada va comen\u00e7ar amb una breu explicaci\u00f3 sobre qu\u00e8 \u00e9s un <strong data-start=\"478\" data-end=\"495\">parc sanitari<\/strong> i quina tasca es fa a un hospital especialitzat en l&#8217;atenci\u00f3 de persones grans. Aquest centre ofereix atenci\u00f3 a pacients que estan ingressats temporalment per diverses raons, com malalties cr\u00f2niques o recuperaci\u00f3 despr\u00e9s d&#8217;una operaci\u00f3.<\/p>\n<p>Tot el grup es va mostrar molt interessats a saber com \u00e9s la feina di\u00e0ria d\u2019una infermera que cuida de persones grans, i molts van quedar impressionats en descobrir que, a m\u00e9s de les tasques m\u00e8diques, el treball d&#8217;infermera inclou un aspecte molt hum\u00e0, amb molta relaci\u00f3 emocional amb els pacients. La seva tasca inclou escoltar i oferir companyia a les persones grans, que sovint se senten soles i desorientades. Va parlar tamb\u00e9 de la import\u00e0ncia de tenir paci\u00e8ncia i comprensi\u00f3, perqu\u00e8 moltes de les persones que at\u00e9n tenen dificultats per comunicar-se o recordar coses.<\/p>\n<p>La Bel\u00e9n va destacar que, tot i que de vegades el treball pot ser emocionalment dur, tamb\u00e9 \u00e9s molt gratificant quan veuen que els pacients milloren i es recuperen gr\u00e0cies a la seva cura.<\/p>\n<p>Aquesta visita va ser molt enriquidora per a l&#8217;alumnat, ja que els va permetre entendre millor la feina que fan els professionals de la salut, especialment aquells que s&#8217;ocupen de les persones grans, un col\u00b7lectiu que sovint queda oblidat en la societat. I ens ha fet reflexionar sobre els nostres avis i com de vegades no estem prou per ells i elles.<\/p>\n<p>Agra\u00efm sincerament a la mare de l\u2019Eric haver compartit la seva experi\u00e8ncia amb nosaltres. La seva xerrada ha estat una gran oportunitat d\u2019aprenentatge, molt enriquidora i que ens ha ajudat a recordar-nos de la nostra gent gran a la qual no sempre escoltem i valorem com es mereixen.<\/p>\n<p>En aquest <a href=\"https:\/\/photos.app.goo.gl\/XMLTsZtAJ8ddmuXP7\" target=\"_blank\" rel=\"noopener\">ENLLA\u00c7 <\/a>trobareu les imatges de la trobada.<\/p>\n","protected":false},"excerpt":{"rendered":"<p>Aquesta setmana, els alumnes de 4t de Prim\u00e0ria de la nostra escola van tenir una visita molt especial. La mare de l&#8217;Eric, la Bel\u00e9n, que treballa com a infermera al Parc Sanitari Pere Virgili de Barcelona, i que va venir a compartir la seva experi\u00e8ncia i coneixements amb nosaltres. La xerrada va comen\u00e7ar amb una [&hellip;]<\/p>\n","protected":false},"author":22,"featured_media":5619,"comment_status":"open","ping_status":"open","sticky":false,"template":"","format":"standard","meta":{"_bbp_topic_count":0,"_bbp_reply_count":0,"_bbp_total_topic_count":0,"_bbp_total_reply_count":0,"_bbp_voice_count":0,"_bbp_anonymous_reply_count":0,"_bbp_topic_count_hidden":0,"_bbp_reply_count_hidden":0,"_bbp_forum_subforum_count":0,"site-sidebar-layout":"default","site-content-layout":"","ast-site-content-layout":"","site-content-style":"default","site-sidebar-style":"default","ast-global-header-display":"","ast-banner-title-visibility":"","ast-main-header-display":"","ast-hfb-above-header-display":"","ast-hfb-below-header-display":"","ast-hfb-mobile-header-display":"","site-post-title":"","ast-breadcrumbs-content":"","ast-featured-img":"","footer-sml-layout":"","theme-transparent-header-meta":"","adv-header-id-meta":"","stick-header-meta":"","header-above-stick-meta":"","header-main-stick-meta":"","header-below-stick-meta":"","astra-migrate-meta-layouts":"default","ast-page-background-enabled":"default","ast-page-background-meta":{"desktop":{"background-color":"var(--ast-global-color-4)","background-image":"","background-repeat":"repeat","background-position":"center center","background-size":"auto","background-attachment":"scroll","background-type":"","background-media":"","overlay-type":"","overlay-color":"","overlay-opacity":"","overlay-gradient":""},"tablet":{"background-color":"","background-image":"","background-repeat":"repeat","background-position":"center center","background-size":"auto","background-attachment":"scroll","background-type":"","background-media":"","overlay-type":"","overlay-color":"","overlay-opacity":"","overlay-gradient":""},"mobile":{"background-color":"","background-image":"","background-repeat":"repeat","background-position":"center center","background-size":"auto","background-attachment":"scroll","background-type":"","background-media":"","overlay-type":"","overlay-color":"","overlay-opacity":"","overlay-gradient":""}},"ast-content-background-meta":{"desktop":{"background-color":"var(--ast-global-color-5)","background-image":"","background-repeat":"repeat","background-position":"center center","background-size":"auto","background-attachment":"scroll","background-type":"","background-media":"","overlay-type":"","overlay-color":"","overlay-opacity":"","overlay-gradient":""},"tablet":{"background-color":"var(--ast-global-color-5)","background-image":"","background-repeat":"repeat","background-position":"center center","background-size":"auto","background-attachment":"scroll","background-type":"","background-media":"","overlay-type":"","overlay-color":"","overlay-opacity":"","overlay-gradient":""},"mobile":{"background-color":"var(--ast-global-color-5)","background-image":"","background-repeat":"repeat","background-position":"center center","background-size":"auto","background-attachment":"scroll","background-type":"","background-media":"","overlay-type":"","overlay-color":"","overlay-opacity":"","overlay-gradient":""}},"footnotes":""},"categories":[98,4],"tags":[113,101,156,172],"class_list":["post-5618","post","type-post","status-publish","format-standard","has-post-thumbnail","hentry","category-cg","category-portada","tag-4t","tag-comunitat-de-grans","tag-experts","tag-familia"],"post_mailing_queue_ids":[],"_links":{"self":[{"href":"https:\/\/agora.xtec.cat\/ceip-joma\/wp-json\/wp\/v2\/posts\/5618","targetHints":{"allow":["GET"]}}],"collection":[{"href":"https:\/\/agora.xtec.cat\/ceip-joma\/wp-json\/wp\/v2\/posts"}],"about":[{"href":"https:\/\/agora.xtec.cat\/ceip-joma\/wp-json\/wp\/v2\/types\/post"}],"author":[{"embeddable":true,"href":"https:\/\/agora.xtec.cat\/ceip-joma\/wp-json\/wp\/v2\/users\/22"}],"replies":[{"embeddable":true,"href":"https:\/\/agora.xtec.cat\/ceip-joma\/wp-json\/wp\/v2\/comments?post=5618"}],"version-history":[{"count":3,"href":"https:\/\/agora.xtec.cat\/ceip-joma\/wp-json\/wp\/v2\/posts\/5618\/revisions"}],"predecessor-version":[{"id":5626,"href":"https:\/\/agora.xtec.cat\/ceip-joma\/wp-json\/wp\/v2\/posts\/5618\/revisions\/5626"}],"wp:featuredmedia":[{"embeddable":true,"href":"https:\/\/agora.xtec.cat\/ceip-joma\/wp-json\/wp\/v2\/media\/5619"}],"wp:attachment":[{"href":"https:\/\/agora.xtec.cat\/ceip-joma\/wp-json\/wp\/v2\/media?parent=5618"}],"wp:term":[{"taxonomy":"category","embeddable":true,"href":"https:\/\/agora.xtec.cat\/ceip-joma\/wp-json\/wp\/v2\/categories?post=5618"},{"taxonomy":"post_tag","embeddable":true,"href":"https:\/\/agora.xtec.cat\/ceip-joma\/wp-json\/wp\/v2\/tags?post=5618"}],"curies":[{"name":"wp","href":"https:\/\/api.w.org\/{rel}","templated":true}]}}