{"id":5615,"date":"2025-06-11T18:01:41","date_gmt":"2025-06-11T16:01:41","guid":{"rendered":"https:\/\/agora.xtec.cat\/ceip-joma\/?p=5615"},"modified":"2025-06-11T18:01:41","modified_gmt":"2025-06-11T16:01:41","slug":"la-capsula-del-temps-una-trobada-plena-democions-i-records","status":"publish","type":"post","link":"https:\/\/agora.xtec.cat\/ceip-joma\/portada\/la-capsula-del-temps-una-trobada-plena-democions-i-records\/","title":{"rendered":"La c\u00e0psula del temps: una trobada plena d\u2019emocions i records"},"content":{"rendered":"<p data-start=\"174\" data-end=\"394\">Avui l\u2019escola ha viscut un dels moments m\u00e9s emotius del curs amb l\u2019activitat de <em data-start=\"254\" data-end=\"276\">la c\u00e0psula del temps<\/em>, una trobada entre l\u2019alumnat de 6\u00e8 de Prim\u00e0ria i els nois i noies de 4t d\u2019ESO que van deixar l\u2019escola fa quatre anys.<\/p>\n<p data-start=\"396\" data-end=\"650\">L\u2019acte ha comen\u00e7at amb l\u2019obertura del cofre que els antics alumnes van tancar quan van acabar 6\u00e8. Dins hi han trobat cartes, objectes personals i missatges plens de records i emocions que han despertat somriures, sorpreses i, fins i tot, alguna ll\u00e0grima.<\/p>\n<p data-start=\"652\" data-end=\"844\">Tot seguit, l&#8217;actual alumnat de 6\u00e8 han tancat la seva pr\u00f2pia c\u00e0psula del temps, amb cartes i objectes que representen el seu pas per l\u2019escola i que tornaran a obrir quan arribin a 4t d\u2019ESO.<\/p>\n<p data-start=\"846\" data-end=\"1005\">Per acabar, l\u2019escola ha volgut celebrar aquest moment de retrobament i comiat amb un esmorzar conjunt, compartint converses, rialles i bons desitjos pel futur.<\/p>\n<p data-start=\"1007\" data-end=\"1114\">Una jornada plena de simbolisme que connecta generacions i refor\u00e7a el sentiment de comunitat que ens uneix.<\/p>\n<p data-start=\"1007\" data-end=\"1114\">Aqu\u00ed us deixem unes\u00a0<a href=\"https:\/\/photos.app.goo.gl\/xpW8QuLPJwGpQaPQ7\">FOTOGRAFIES<\/a><\/p>\n<p data-start=\"1007\" data-end=\"1114\">\n","protected":false},"excerpt":{"rendered":"<p>Avui l\u2019escola ha viscut un dels moments m\u00e9s emotius del curs amb l\u2019activitat de la c\u00e0psula del temps, una trobada entre l\u2019alumnat de 6\u00e8 de Prim\u00e0ria i els nois i noies de 4t d\u2019ESO que van deixar l\u2019escola fa quatre anys. L\u2019acte ha comen\u00e7at amb l\u2019obertura del cofre que els antics alumnes van tancar quan [&hellip;]<\/p>\n","protected":false},"author":8,"featured_media":5617,"comment_status":"open","ping_status":"open","sticky":false,"template":"","format":"standard","meta":{"_bbp_topic_count":0,"_bbp_reply_count":0,"_bbp_total_topic_count":0,"_bbp_total_reply_count":0,"_bbp_voice_count":0,"_bbp_anonymous_reply_count":0,"_bbp_topic_count_hidden":0,"_bbp_reply_count_hidden":0,"_bbp_forum_subforum_count":0,"site-sidebar-layout":"default","site-content-layout":"","ast-site-content-layout":"","site-content-style":"default","site-sidebar-style":"default","ast-global-header-display":"","ast-banner-title-visibility":"","ast-main-header-display":"","ast-hfb-above-header-display":"","ast-hfb-below-header-display":"","ast-hfb-mobile-header-display":"","site-post-title":"","ast-breadcrumbs-content":"","ast-featured-img":"","footer-sml-layout":"","theme-transparent-header-meta":"","adv-header-id-meta":"","stick-header-meta":"","header-above-stick-meta":"","header-main-stick-meta":"","header-below-stick-meta":"","astra-migrate-meta-layouts":"default","ast-page-background-enabled":"default","ast-page-background-meta":{"desktop":{"background-color":"var(--ast-global-color-4)","background-image":"","background-repeat":"repeat","background-position":"center center","background-size":"auto","background-attachment":"scroll","background-type":"","background-media":"","overlay-type":"","overlay-color":"","overlay-opacity":"","overlay-gradient":""},"tablet":{"background-color":"","background-image":"","background-repeat":"repeat","background-position":"center center","background-size":"auto","background-attachment":"scroll","background-type":"","background-media":"","overlay-type":"","overlay-color":"","overlay-opacity":"","overlay-gradient":""},"mobile":{"background-color":"","background-image":"","background-repeat":"repeat","background-position":"center center","background-size":"auto","background-attachment":"scroll","background-type":"","background-media":"","overlay-type":"","overlay-color":"","overlay-opacity":"","overlay-gradient":""}},"ast-content-background-meta":{"desktop":{"background-color":"var(--ast-global-color-5)","background-image":"","background-repeat":"repeat","background-position":"center center","background-size":"auto","background-attachment":"scroll","background-type":"","background-media":"","overlay-type":"","overlay-color":"","overlay-opacity":"","overlay-gradient":""},"tablet":{"background-color":"var(--ast-global-color-5)","background-image":"","background-repeat":"repeat","background-position":"center center","background-size":"auto","background-attachment":"scroll","background-type":"","background-media":"","overlay-type":"","overlay-color":"","overlay-opacity":"","overlay-gradient":""},"mobile":{"background-color":"var(--ast-global-color-5)","background-image":"","background-repeat":"repeat","background-position":"center center","background-size":"auto","background-attachment":"scroll","background-type":"","background-media":"","overlay-type":"","overlay-color":"","overlay-opacity":"","overlay-gradient":""}},"footnotes":""},"categories":[63,98,4],"tags":[],"class_list":["post-5615","post","type-post","status-publish","format-standard","has-post-thumbnail","hentry","category-activescola","category-cg","category-portada"],"post_mailing_queue_ids":[],"_links":{"self":[{"href":"https:\/\/agora.xtec.cat\/ceip-joma\/wp-json\/wp\/v2\/posts\/5615","targetHints":{"allow":["GET"]}}],"collection":[{"href":"https:\/\/agora.xtec.cat\/ceip-joma\/wp-json\/wp\/v2\/posts"}],"about":[{"href":"https:\/\/agora.xtec.cat\/ceip-joma\/wp-json\/wp\/v2\/types\/post"}],"author":[{"embeddable":true,"href":"https:\/\/agora.xtec.cat\/ceip-joma\/wp-json\/wp\/v2\/users\/8"}],"replies":[{"embeddable":true,"href":"https:\/\/agora.xtec.cat\/ceip-joma\/wp-json\/wp\/v2\/comments?post=5615"}],"version-history":[{"count":1,"href":"https:\/\/agora.xtec.cat\/ceip-joma\/wp-json\/wp\/v2\/posts\/5615\/revisions"}],"predecessor-version":[{"id":5616,"href":"https:\/\/agora.xtec.cat\/ceip-joma\/wp-json\/wp\/v2\/posts\/5615\/revisions\/5616"}],"wp:featuredmedia":[{"embeddable":true,"href":"https:\/\/agora.xtec.cat\/ceip-joma\/wp-json\/wp\/v2\/media\/5617"}],"wp:attachment":[{"href":"https:\/\/agora.xtec.cat\/ceip-joma\/wp-json\/wp\/v2\/media?parent=5615"}],"wp:term":[{"taxonomy":"category","embeddable":true,"href":"https:\/\/agora.xtec.cat\/ceip-joma\/wp-json\/wp\/v2\/categories?post=5615"},{"taxonomy":"post_tag","embeddable":true,"href":"https:\/\/agora.xtec.cat\/ceip-joma\/wp-json\/wp\/v2\/tags?post=5615"}],"curies":[{"name":"wp","href":"https:\/\/api.w.org\/{rel}","templated":true}]}}