{"id":5612,"date":"2025-06-12T12:48:53","date_gmt":"2025-06-12T10:48:53","guid":{"rendered":"https:\/\/agora.xtec.cat\/ceip-joma\/?p=5612"},"modified":"2025-06-12T12:48:53","modified_gmt":"2025-06-12T10:48:53","slug":"ruta-de-talents-amb-ulls-de-miro","status":"publish","type":"post","link":"https:\/\/agora.xtec.cat\/ceip-joma\/portada\/ruta-de-talents-amb-ulls-de-miro\/","title":{"rendered":"RUTA DE TALENTS AMB ULLS DE MIR\u00d3"},"content":{"rendered":"<p style=\"text-align: center;\" data-pm-slice=\"1 1 []\"><a href=\"https:\/\/agora.xtec.cat\/ceip-joma\/wp-content\/uploads\/usu1530\/2025\/06\/IMG_0616.jpeg\"><img loading=\"lazy\" decoding=\"async\" class=\"alignnone size-large wp-image-5623\" src=\"https:\/\/agora.xtec.cat\/ceip-joma\/wp-content\/uploads\/usu1530\/2025\/06\/IMG_0616-1024x768.jpeg\" alt=\"\" width=\"1024\" height=\"768\" srcset=\"https:\/\/agora.xtec.cat\/ceip-joma\/wp-content\/uploads\/usu1530\/2025\/06\/IMG_0616-1024x768.jpeg 1024w, https:\/\/agora.xtec.cat\/ceip-joma\/wp-content\/uploads\/usu1530\/2025\/06\/IMG_0616-300x225.jpeg 300w, https:\/\/agora.xtec.cat\/ceip-joma\/wp-content\/uploads\/usu1530\/2025\/06\/IMG_0616-768x576.jpeg 768w, https:\/\/agora.xtec.cat\/ceip-joma\/wp-content\/uploads\/usu1530\/2025\/06\/IMG_0616-1536x1152.jpeg 1536w, https:\/\/agora.xtec.cat\/ceip-joma\/wp-content\/uploads\/usu1530\/2025\/06\/IMG_0616-200x150.jpeg 200w, https:\/\/agora.xtec.cat\/ceip-joma\/wp-content\/uploads\/usu1530\/2025\/06\/IMG_0616.jpeg 1814w\" sizes=\"auto, (max-width: 1024px) 100vw, 1024px\" \/><\/a><\/p>\n<p data-pm-slice=\"1 1 []\">El passat dijous 5 de juny, a la tarda, vam viure a l\u2019escola una experi\u00e8ncia molt especial i carregada de creativitat, compartida amb les fam\u00edlies de l\u2019alumnat de 3r i 4t. La trobada va tenir com a protagonista l\u2019art i, en concret, l\u2019obra de Joan Mir\u00f3, que ha estat el punt de partida del projecte pl\u00e0stic que els nens i nenes han estat treballant durant les darreres setmanes.<\/p>\n<p><span style=\"font-family: inherit; font-size: 1em;\">Per tal de mostrar totes les creacions art\u00edstiques, vam organitzar una exposici\u00f3 oberta als familiars, que sota el t\u00edtol <\/span><strong style=\"font-family: inherit; font-size: 1em;\">\u201cRuta de Talents amb ulls de Mir\u00f3\u201d<\/strong><span style=\"font-family: inherit; font-size: 1em;\">, els convidava a rec\u00f3rrer les diferents obres creades pels infants. Cada quadre anava acompanyat d\u2019una explicaci\u00f3 escrita, on es detallava la t\u00e8cnica utilitzada i la inspiraci\u00f3 darrere de cada creaci\u00f3. Va ser molt emocionant veure com cada alumne compartia amb la seva fam\u00edlia el resultat del seu proc\u00e9s art\u00edstic i les reflexions que hi havia al darrere.<\/span><\/p>\n<p><span style=\"font-family: inherit; font-size: 1em;\">Un cop finalitzada la ruta art\u00edstica, vam donar pas a un <\/span><strong style=\"font-family: inherit; font-size: 1em;\">taller creatiu familiar<\/strong><span style=\"font-family: inherit; font-size: 1em;\">, on cada nen o nena, juntament amb els seus familiars, va crear una nova obra conjunta, inspirant-se en tot all\u00f2 que havien vist durant el recorregut. Un moment de complicitat, expressi\u00f3 i connexi\u00f3 a trav\u00e9s de l\u2019art.<\/span><\/p>\n<p><span style=\"font-family: inherit; font-size: 1em;\">I per acabar aquesta tarda tan especial, <\/span><strong style=\"font-family: inherit; font-size: 1em;\">vam compartir un berenar<\/strong><span style=\"font-family: inherit; font-size: 1em;\"> tots plegats, tancant aix\u00ed una jornada que va anar m\u00e9s enll\u00e0 de l\u2019expressi\u00f3 pl\u00e0stica: va ser una trobada plena d\u2019emocions, vincles i creativitat compartida.<\/span><\/p>\n<p><span style=\"font-family: inherit; font-size: 1em;\">Les mestres volem agrair la participaci\u00f3 i implicaci\u00f3 de totes les fam\u00edlies, que amb la seva pres\u00e8ncia i entusiasme, van fer que aquesta tarda fos diferent de d&#8217;altres, plena de creativitat i diversi\u00f3.<\/span><\/p>\n<p>A continuaci\u00f3 us deixem un recull de <a href=\"https:\/\/photos.app.goo.gl\/rMSq8z6KwYFeURwZA\" target=\"_blank\" rel=\"noopener\">FOTOS<\/a> I\u00a0 <a href=\"https:\/\/photos.app.goo.gl\/fLRta8yy2YBEAdBE8\" target=\"_blank\" rel=\"noopener\">EL V\u00cdDEO<\/a> d\u2019aquest dia.<\/p>\n","protected":false},"excerpt":{"rendered":"<p>El passat dijous 5 de juny, a la tarda, vam viure a l\u2019escola una experi\u00e8ncia molt especial i carregada de creativitat, compartida amb les fam\u00edlies de l\u2019alumnat de 3r i 4t. La trobada va tenir com a protagonista l\u2019art i, en concret, l\u2019obra de Joan Mir\u00f3, que ha estat el punt de partida del projecte [&hellip;]<\/p>\n","protected":false},"author":33,"featured_media":5624,"comment_status":"open","ping_status":"open","sticky":false,"template":"","format":"standard","meta":{"_bbp_topic_count":0,"_bbp_reply_count":0,"_bbp_total_topic_count":0,"_bbp_total_reply_count":0,"_bbp_voice_count":0,"_bbp_anonymous_reply_count":0,"_bbp_topic_count_hidden":0,"_bbp_reply_count_hidden":0,"_bbp_forum_subforum_count":0,"site-sidebar-layout":"default","site-content-layout":"","ast-site-content-layout":"","site-content-style":"default","site-sidebar-style":"default","ast-global-header-display":"","ast-banner-title-visibility":"","ast-main-header-display":"","ast-hfb-above-header-display":"","ast-hfb-below-header-display":"","ast-hfb-mobile-header-display":"","site-post-title":"","ast-breadcrumbs-content":"","ast-featured-img":"","footer-sml-layout":"","theme-transparent-header-meta":"","adv-header-id-meta":"","stick-header-meta":"","header-above-stick-meta":"","header-main-stick-meta":"","header-below-stick-meta":"","astra-migrate-meta-layouts":"default","ast-page-background-enabled":"default","ast-page-background-meta":{"desktop":{"background-color":"var(--ast-global-color-4)","background-image":"","background-repeat":"repeat","background-position":"center center","background-size":"auto","background-attachment":"scroll","background-type":"","background-media":"","overlay-type":"","overlay-color":"","overlay-opacity":"","overlay-gradient":""},"tablet":{"background-color":"","background-image":"","background-repeat":"repeat","background-position":"center center","background-size":"auto","background-attachment":"scroll","background-type":"","background-media":"","overlay-type":"","overlay-color":"","overlay-opacity":"","overlay-gradient":""},"mobile":{"background-color":"","background-image":"","background-repeat":"repeat","background-position":"center center","background-size":"auto","background-attachment":"scroll","background-type":"","background-media":"","overlay-type":"","overlay-color":"","overlay-opacity":"","overlay-gradient":""}},"ast-content-background-meta":{"desktop":{"background-color":"var(--ast-global-color-5)","background-image":"","background-repeat":"repeat","background-position":"center center","background-size":"auto","background-attachment":"scroll","background-type":"","background-media":"","overlay-type":"","overlay-color":"","overlay-opacity":"","overlay-gradient":""},"tablet":{"background-color":"var(--ast-global-color-5)","background-image":"","background-repeat":"repeat","background-position":"center center","background-size":"auto","background-attachment":"scroll","background-type":"","background-media":"","overlay-type":"","overlay-color":"","overlay-opacity":"","overlay-gradient":""},"mobile":{"background-color":"var(--ast-global-color-5)","background-image":"","background-repeat":"repeat","background-position":"center center","background-size":"auto","background-attachment":"scroll","background-type":"","background-media":"","overlay-type":"","overlay-color":"","overlay-opacity":"","overlay-gradient":""}},"footnotes":""},"categories":[98,4],"tags":[118,101,172,17],"class_list":["post-5612","post","type-post","status-publish","format-standard","has-post-thumbnail","hentry","category-cg","category-portada","tag-3r-4t","tag-comunitat-de-grans","tag-familia","tag-plastica"],"post_mailing_queue_ids":[],"_links":{"self":[{"href":"https:\/\/agora.xtec.cat\/ceip-joma\/wp-json\/wp\/v2\/posts\/5612","targetHints":{"allow":["GET"]}}],"collection":[{"href":"https:\/\/agora.xtec.cat\/ceip-joma\/wp-json\/wp\/v2\/posts"}],"about":[{"href":"https:\/\/agora.xtec.cat\/ceip-joma\/wp-json\/wp\/v2\/types\/post"}],"author":[{"embeddable":true,"href":"https:\/\/agora.xtec.cat\/ceip-joma\/wp-json\/wp\/v2\/users\/33"}],"replies":[{"embeddable":true,"href":"https:\/\/agora.xtec.cat\/ceip-joma\/wp-json\/wp\/v2\/comments?post=5612"}],"version-history":[{"count":4,"href":"https:\/\/agora.xtec.cat\/ceip-joma\/wp-json\/wp\/v2\/posts\/5612\/revisions"}],"predecessor-version":[{"id":5622,"href":"https:\/\/agora.xtec.cat\/ceip-joma\/wp-json\/wp\/v2\/posts\/5612\/revisions\/5622"}],"wp:featuredmedia":[{"embeddable":true,"href":"https:\/\/agora.xtec.cat\/ceip-joma\/wp-json\/wp\/v2\/media\/5624"}],"wp:attachment":[{"href":"https:\/\/agora.xtec.cat\/ceip-joma\/wp-json\/wp\/v2\/media?parent=5612"}],"wp:term":[{"taxonomy":"category","embeddable":true,"href":"https:\/\/agora.xtec.cat\/ceip-joma\/wp-json\/wp\/v2\/categories?post=5612"},{"taxonomy":"post_tag","embeddable":true,"href":"https:\/\/agora.xtec.cat\/ceip-joma\/wp-json\/wp\/v2\/tags?post=5612"}],"curies":[{"name":"wp","href":"https:\/\/api.w.org\/{rel}","templated":true}]}}