{"id":5610,"date":"2025-06-16T21:12:20","date_gmt":"2025-06-16T19:12:20","guid":{"rendered":"https:\/\/agora.xtec.cat\/ceip-joma\/?p=5610"},"modified":"2025-07-08T20:23:33","modified_gmt":"2025-07-08T18:23:33","slug":"festival-acnur","status":"publish","type":"post","link":"https:\/\/agora.xtec.cat\/ceip-joma\/portada\/festival-acnur\/","title":{"rendered":"FESTIVAL ACNUR"},"content":{"rendered":"<p style=\"text-align: center;\" data-start=\"282\" data-end=\"595\"><a href=\"https:\/\/agora.xtec.cat\/ceip-joma\/wp-content\/uploads\/usu1530\/2025\/06\/20250606_111328.jpg\"><img loading=\"lazy\" decoding=\"async\" class=\"alignnone size-large wp-image-5643\" src=\"https:\/\/agora.xtec.cat\/ceip-joma\/wp-content\/uploads\/usu1530\/2025\/06\/20250606_111328-1024x768.jpg\" alt=\"\" width=\"1024\" height=\"768\" srcset=\"https:\/\/agora.xtec.cat\/ceip-joma\/wp-content\/uploads\/usu1530\/2025\/06\/20250606_111328-1024x768.jpg 1024w, https:\/\/agora.xtec.cat\/ceip-joma\/wp-content\/uploads\/usu1530\/2025\/06\/20250606_111328-300x225.jpg 300w, https:\/\/agora.xtec.cat\/ceip-joma\/wp-content\/uploads\/usu1530\/2025\/06\/20250606_111328-768x576.jpg 768w, https:\/\/agora.xtec.cat\/ceip-joma\/wp-content\/uploads\/usu1530\/2025\/06\/20250606_111328-1536x1152.jpg 1536w, https:\/\/agora.xtec.cat\/ceip-joma\/wp-content\/uploads\/usu1530\/2025\/06\/20250606_111328-200x150.jpg 200w, https:\/\/agora.xtec.cat\/ceip-joma\/wp-content\/uploads\/usu1530\/2025\/06\/20250606_111328.jpg 1800w\" sizes=\"auto, (max-width: 1024px) 100vw, 1024px\" \/><\/a><\/p>\n<p style=\"text-align: left;\" data-start=\"282\" data-end=\"595\">El passat divendres, dia 6 de juny, vam viure una jornada molt especial a la pla\u00e7a de l&#8217;esgl\u00e9sia amb la celebraci\u00f3 del <strong data-start=\"368\" data-end=\"393\">Loco Festival d&#8217;ACNUR<\/strong>, una iniciativa solid\u00e0ria que ens ha perm\u00e8s contribuir a una causa molt important: ajudar les persones refugiades. Tota la comunitat educativa s\u2019hi ha implicat amb il\u00b7lusi\u00f3, esfor\u00e7 i molta creativitat!<\/p>\n<p style=\"text-align: left;\" data-start=\"597\" data-end=\"877\">L\u2019alumnat de 3r, 4t, 5\u00e8 i 6\u00e8 va ser el gran protagonista de la jornada, preparant i venent productes fets a m\u00e0 amb molt d\u2019amor i dedicaci\u00f3. Tamb\u00e9 vam comptar amb una parada amb productes solidaris d\u2019ACNUR, per seguir sumant granets de sorra a aquest projecte global.<\/p>\n<p style=\"text-align: left;\" data-start=\"879\" data-end=\"1287\">Durant la festa, tothom va poder gaudir d\u2019un ambient alegre i participatiu. Vam muntar un photocall, vam oferir tallers de pintacares i globofl\u00e8xia i vam celebrar un sorteig d\u2019una panera plena de productes cedits molt generosament pels comer\u00e7os del municipi. Moltes gr\u00e0cies per la vostra col\u00b7laboraci\u00f3!<\/p>\n<p style=\"text-align: left;\" data-start=\"1289\" data-end=\"1476\">La m\u00fasica tamb\u00e9 va tenir el seu espai en aquest dia tan especial: alguns alumnes de 3r i 4t ens van oferir un petit concert, carregat d\u2019energia i talent, que va emocionar a tothom.<\/p>\n<p data-start=\"1289\" data-end=\"1476\">A la tarda, tot l&#8217;alumnat de prim\u00e0ria va gaudir una xerrada sobre la feina dels cooperants en ONG. Concretament, la Saray va venir a explicar la seva experi\u00e8ncia i sensacions durant la seva estada a una escola al Marroc.<\/p>\n<p style=\"text-align: left;\" data-start=\"1478\" data-end=\"1691\">El Loco Festival no nom\u00e9s ha estat una oportunitat per recaptar fons per a una causa noble, sin\u00f3 tamb\u00e9 una mostra del comprom\u00eds, la creativitat i la solidaritat del nostre alumnat i de tota la comunitat educativa.<\/p>\n<p style=\"text-align: left;\" data-start=\"1478\" data-end=\"1691\">En total hem aconseguit recaptar <strong>338,80 \u20ac<\/strong>, diners que seran de molta ajuda i gran necessitat per a totes i tots els refugiats d&#8217;ACNUR.<\/p>\n<p style=\"text-align: left;\" data-start=\"1478\" data-end=\"1691\">Gr\u00e0cies a tothom qui ho ha fet possible!<\/p>\n<p style=\"text-align: left;\" data-start=\"1478\" data-end=\"1691\">A continuaci\u00f3 us deixem un <a href=\"https:\/\/drive.google.com\/file\/d\/1dmdrFtsfOfL6xUxBUIrtNBd2amFNJaql\/view?usp=drivesdk\" target=\"_blank\" rel=\"noopener\">V\u00cdDEO<\/a> resumint aquest dia. Tamb\u00e9 les <a href=\"https:\/\/photos.app.goo.gl\/B4jMtK5n4K4jZ8hq9\" target=\"_blank\" rel=\"noopener\">IMATGES<\/a> de les diferents activitats fetes durant aquest dia tan especial i diferent. l<\/p>\n","protected":false},"excerpt":{"rendered":"<p>El passat divendres, dia 6 de juny, vam viure una jornada molt especial a la pla\u00e7a de l&#8217;esgl\u00e9sia amb la celebraci\u00f3 del Loco Festival d&#8217;ACNUR, una iniciativa solid\u00e0ria que ens ha perm\u00e8s contribuir a una causa molt important: ajudar les persones refugiades. Tota la comunitat educativa s\u2019hi ha implicat amb il\u00b7lusi\u00f3, esfor\u00e7 i molta creativitat! [&hellip;]<\/p>\n","protected":false},"author":33,"featured_media":5646,"comment_status":"open","ping_status":"open","sticky":false,"template":"","format":"standard","meta":{"_bbp_topic_count":0,"_bbp_reply_count":0,"_bbp_total_topic_count":0,"_bbp_total_reply_count":0,"_bbp_voice_count":0,"_bbp_anonymous_reply_count":0,"_bbp_topic_count_hidden":0,"_bbp_reply_count_hidden":0,"_bbp_forum_subforum_count":0,"site-sidebar-layout":"default","site-content-layout":"","ast-site-content-layout":"","site-content-style":"default","site-sidebar-style":"default","ast-global-header-display":"","ast-banner-title-visibility":"","ast-main-header-display":"","ast-hfb-above-header-display":"","ast-hfb-below-header-display":"","ast-hfb-mobile-header-display":"","site-post-title":"","ast-breadcrumbs-content":"","ast-featured-img":"","footer-sml-layout":"","theme-transparent-header-meta":"","adv-header-id-meta":"","stick-header-meta":"","header-above-stick-meta":"","header-main-stick-meta":"","header-below-stick-meta":"","astra-migrate-meta-layouts":"default","ast-page-background-enabled":"default","ast-page-background-meta":{"desktop":{"background-color":"var(--ast-global-color-4)","background-image":"","background-repeat":"repeat","background-position":"center center","background-size":"auto","background-attachment":"scroll","background-type":"","background-media":"","overlay-type":"","overlay-color":"","overlay-opacity":"","overlay-gradient":""},"tablet":{"background-color":"","background-image":"","background-repeat":"repeat","background-position":"center center","background-size":"auto","background-attachment":"scroll","background-type":"","background-media":"","overlay-type":"","overlay-color":"","overlay-opacity":"","overlay-gradient":""},"mobile":{"background-color":"","background-image":"","background-repeat":"repeat","background-position":"center center","background-size":"auto","background-attachment":"scroll","background-type":"","background-media":"","overlay-type":"","overlay-color":"","overlay-opacity":"","overlay-gradient":""}},"ast-content-background-meta":{"desktop":{"background-color":"var(--ast-global-color-5)","background-image":"","background-repeat":"repeat","background-position":"center center","background-size":"auto","background-attachment":"scroll","background-type":"","background-media":"","overlay-type":"","overlay-color":"","overlay-opacity":"","overlay-gradient":""},"tablet":{"background-color":"var(--ast-global-color-5)","background-image":"","background-repeat":"repeat","background-position":"center center","background-size":"auto","background-attachment":"scroll","background-type":"","background-media":"","overlay-type":"","overlay-color":"","overlay-opacity":"","overlay-gradient":""},"mobile":{"background-color":"var(--ast-global-color-5)","background-image":"","background-repeat":"repeat","background-position":"center center","background-size":"auto","background-attachment":"scroll","background-type":"","background-media":"","overlay-type":"","overlay-color":"","overlay-opacity":"","overlay-gradient":""}},"footnotes":""},"categories":[63,98,4],"tags":[174,101,140,173],"class_list":["post-5610","post","type-post","status-publish","format-standard","has-post-thumbnail","hentry","category-activescola","category-cg","category-portada","tag-acnur","tag-comunitat-de-grans","tag-escola","tag-grans"],"post_mailing_queue_ids":[],"_links":{"self":[{"href":"https:\/\/agora.xtec.cat\/ceip-joma\/wp-json\/wp\/v2\/posts\/5610","targetHints":{"allow":["GET"]}}],"collection":[{"href":"https:\/\/agora.xtec.cat\/ceip-joma\/wp-json\/wp\/v2\/posts"}],"about":[{"href":"https:\/\/agora.xtec.cat\/ceip-joma\/wp-json\/wp\/v2\/types\/post"}],"author":[{"embeddable":true,"href":"https:\/\/agora.xtec.cat\/ceip-joma\/wp-json\/wp\/v2\/users\/33"}],"replies":[{"embeddable":true,"href":"https:\/\/agora.xtec.cat\/ceip-joma\/wp-json\/wp\/v2\/comments?post=5610"}],"version-history":[{"count":6,"href":"https:\/\/agora.xtec.cat\/ceip-joma\/wp-json\/wp\/v2\/posts\/5610\/revisions"}],"predecessor-version":[{"id":5697,"href":"https:\/\/agora.xtec.cat\/ceip-joma\/wp-json\/wp\/v2\/posts\/5610\/revisions\/5697"}],"wp:featuredmedia":[{"embeddable":true,"href":"https:\/\/agora.xtec.cat\/ceip-joma\/wp-json\/wp\/v2\/media\/5646"}],"wp:attachment":[{"href":"https:\/\/agora.xtec.cat\/ceip-joma\/wp-json\/wp\/v2\/media?parent=5610"}],"wp:term":[{"taxonomy":"category","embeddable":true,"href":"https:\/\/agora.xtec.cat\/ceip-joma\/wp-json\/wp\/v2\/categories?post=5610"},{"taxonomy":"post_tag","embeddable":true,"href":"https:\/\/agora.xtec.cat\/ceip-joma\/wp-json\/wp\/v2\/tags?post=5610"}],"curies":[{"name":"wp","href":"https:\/\/api.w.org\/{rel}","templated":true}]}}