{"id":5593,"date":"2025-06-05T08:59:25","date_gmt":"2025-06-05T06:59:25","guid":{"rendered":"https:\/\/agora.xtec.cat\/ceip-joma\/?p=5593"},"modified":"2025-06-05T11:32:45","modified_gmt":"2025-06-05T09:32:45","slug":"sortida-a-lentorn-amb-families-a-la-comunitat-de-petits","status":"publish","type":"post","link":"https:\/\/agora.xtec.cat\/ceip-joma\/antiga-general\/sortida-a-lentorn-amb-families-a-la-comunitat-de-petits\/","title":{"rendered":"SORTIDA A L&#8217;ENTORN AMB FAM\u00cdLIES A LA COMUNITAT DE PETITS"},"content":{"rendered":"<p data-start=\"163\" data-end=\"309\"><a href=\"https:\/\/agora.xtec.cat\/ceip-joma\/wp-content\/uploads\/usu1530\/2025\/06\/IMG_0897-2-scaled.jpg\"><img loading=\"lazy\" decoding=\"async\" class=\"wp-image-5600 aligncenter\" src=\"https:\/\/agora.xtec.cat\/ceip-joma\/wp-content\/uploads\/usu1530\/2025\/06\/IMG_0897-2-1024x768.jpg\" alt=\"\" width=\"284\" height=\"213\" srcset=\"https:\/\/agora.xtec.cat\/ceip-joma\/wp-content\/uploads\/usu1530\/2025\/06\/IMG_0897-2-1024x768.jpg 1024w, https:\/\/agora.xtec.cat\/ceip-joma\/wp-content\/uploads\/usu1530\/2025\/06\/IMG_0897-2-300x225.jpg 300w, https:\/\/agora.xtec.cat\/ceip-joma\/wp-content\/uploads\/usu1530\/2025\/06\/IMG_0897-2-768x576.jpg 768w, https:\/\/agora.xtec.cat\/ceip-joma\/wp-content\/uploads\/usu1530\/2025\/06\/IMG_0897-2-1536x1152.jpg 1536w, https:\/\/agora.xtec.cat\/ceip-joma\/wp-content\/uploads\/usu1530\/2025\/06\/IMG_0897-2-2048x1536.jpg 2048w, https:\/\/agora.xtec.cat\/ceip-joma\/wp-content\/uploads\/usu1530\/2025\/06\/IMG_0897-2-200x150.jpg 200w\" sizes=\"auto, (max-width: 284px) 100vw, 284px\" \/><\/a><\/p>\n<p data-start=\"163\" data-end=\"309\">Aquest dimecres, els nens i nenes de la Comunitat de Petites i Petits vam compartir amb les fam\u00edlies una sortida molt especial per tancar el curs.<\/p>\n<p data-start=\"163\" data-end=\"309\"><!--more--><\/p>\n<p data-start=\"583\" data-end=\"792\">Vam anar a un petit bosquet que hi ha a prop de l\u2019escola. All\u00e0 ens vam organitzar en grups cooperatius i, amb unes oueres, vam sortir a buscar elements de la natura de diferents colors. Cada grup havia de trobar objectes que coincidissin amb els colors de la seva ouera.<\/p>\n<p data-start=\"583\" data-end=\"792\">Despr\u00e9s d\u2019aquesta cerca tan divertida, ens vam reunir tots junts i vam inventar un conte a partir d\u2019un dels elements que hav\u00edem recollit. Amb les idees de tothom, vam una hist\u00f2ria ben original i creativa, la qual vam recollir i compartim amb vosaltres!<\/p>\n<p data-start=\"583\" data-end=\"792\"><a href=\"https:\/\/agora.xtec.cat\/ceip-joma\/wp-content\/uploads\/usu1530\/2025\/06\/Preposition-of-Place-English-Worksheet-in-Beige-1.jpg\"><img loading=\"lazy\" decoding=\"async\" class=\"wp-image-5604 aligncenter\" src=\"https:\/\/agora.xtec.cat\/ceip-joma\/wp-content\/uploads\/usu1530\/2025\/06\/Preposition-of-Place-English-Worksheet-in-Beige-1-724x1024.jpg\" alt=\"\" width=\"292\" height=\"413\" srcset=\"https:\/\/agora.xtec.cat\/ceip-joma\/wp-content\/uploads\/usu1530\/2025\/06\/Preposition-of-Place-English-Worksheet-in-Beige-1-724x1024.jpg 724w, https:\/\/agora.xtec.cat\/ceip-joma\/wp-content\/uploads\/usu1530\/2025\/06\/Preposition-of-Place-English-Worksheet-in-Beige-1-212x300.jpg 212w, https:\/\/agora.xtec.cat\/ceip-joma\/wp-content\/uploads\/usu1530\/2025\/06\/Preposition-of-Place-English-Worksheet-in-Beige-1-768x1086.jpg 768w, https:\/\/agora.xtec.cat\/ceip-joma\/wp-content\/uploads\/usu1530\/2025\/06\/Preposition-of-Place-English-Worksheet-in-Beige-1-1086x1536.jpg 1086w, https:\/\/agora.xtec.cat\/ceip-joma\/wp-content\/uploads\/usu1530\/2025\/06\/Preposition-of-Place-English-Worksheet-in-Beige-1.jpg 1414w\" sizes=\"auto, (max-width: 292px) 100vw, 292px\" \/><\/a><\/p>\n<p data-start=\"794\" data-end=\"885\">Va ser una experi\u00e8ncia plena de natura, cooperaci\u00f3 i imaginaci\u00f3. Ens ho vam passar molt b\u00e9!<\/p>\n<p data-start=\"887\" data-end=\"952\">Moltes gr\u00e0cies, fam\u00edlies, per acompanyar-nos en aquesta aventura!<\/p>\n<p data-start=\"954\" data-end=\"1017\">Aqu\u00ed us deixem algunes <a href=\"https:\/\/photos.app.goo.gl\/uCXni86po3rXRf6j9\">fotos<\/a> per recordar aquest dia tan bonic.<\/p>\n<p data-start=\"954\" data-end=\"1017\">\n","protected":false},"excerpt":{"rendered":"<p>Aquest dimecres, els nens i nenes de la Comunitat de Petites i Petits vam compartir amb les fam\u00edlies una sortida molt especial per tancar el curs.<\/p>\n","protected":false},"author":38,"featured_media":5597,"comment_status":"open","ping_status":"open","sticky":false,"template":"","format":"standard","meta":{"_bbp_topic_count":0,"_bbp_reply_count":0,"_bbp_total_topic_count":0,"_bbp_total_reply_count":0,"_bbp_voice_count":0,"_bbp_anonymous_reply_count":0,"_bbp_topic_count_hidden":0,"_bbp_reply_count_hidden":0,"_bbp_forum_subforum_count":0,"site-sidebar-layout":"default","site-content-layout":"","ast-site-content-layout":"","site-content-style":"default","site-sidebar-style":"default","ast-global-header-display":"","ast-banner-title-visibility":"","ast-main-header-display":"","ast-hfb-above-header-display":"","ast-hfb-below-header-display":"","ast-hfb-mobile-header-display":"","site-post-title":"","ast-breadcrumbs-content":"","ast-featured-img":"","footer-sml-layout":"","theme-transparent-header-meta":"","adv-header-id-meta":"","stick-header-meta":"","header-above-stick-meta":"","header-main-stick-meta":"","header-below-stick-meta":"","astra-migrate-meta-layouts":"default","ast-page-background-enabled":"default","ast-page-background-meta":{"desktop":{"background-color":"var(--ast-global-color-4)","background-image":"","background-repeat":"repeat","background-position":"center center","background-size":"auto","background-attachment":"scroll","background-type":"","background-media":"","overlay-type":"","overlay-color":"","overlay-opacity":"","overlay-gradient":""},"tablet":{"background-color":"","background-image":"","background-repeat":"repeat","background-position":"center center","background-size":"auto","background-attachment":"scroll","background-type":"","background-media":"","overlay-type":"","overlay-color":"","overlay-opacity":"","overlay-gradient":""},"mobile":{"background-color":"","background-image":"","background-repeat":"repeat","background-position":"center center","background-size":"auto","background-attachment":"scroll","background-type":"","background-media":"","overlay-type":"","overlay-color":"","overlay-opacity":"","overlay-gradient":""}},"ast-content-background-meta":{"desktop":{"background-color":"var(--ast-global-color-5)","background-image":"","background-repeat":"repeat","background-position":"center center","background-size":"auto","background-attachment":"scroll","background-type":"","background-media":"","overlay-type":"","overlay-color":"","overlay-opacity":"","overlay-gradient":""},"tablet":{"background-color":"var(--ast-global-color-5)","background-image":"","background-repeat":"repeat","background-position":"center center","background-size":"auto","background-attachment":"scroll","background-type":"","background-media":"","overlay-type":"","overlay-color":"","overlay-opacity":"","overlay-gradient":""},"mobile":{"background-color":"var(--ast-global-color-5)","background-image":"","background-repeat":"repeat","background-position":"center center","background-size":"auto","background-attachment":"scroll","background-type":"","background-media":"","overlay-type":"","overlay-color":"","overlay-opacity":"","overlay-gradient":""}},"footnotes":""},"categories":[1,4],"tags":[],"class_list":["post-5593","post","type-post","status-publish","format-standard","has-post-thumbnail","hentry","category-antiga-general","category-portada"],"post_mailing_queue_ids":[],"_links":{"self":[{"href":"https:\/\/agora.xtec.cat\/ceip-joma\/wp-json\/wp\/v2\/posts\/5593","targetHints":{"allow":["GET"]}}],"collection":[{"href":"https:\/\/agora.xtec.cat\/ceip-joma\/wp-json\/wp\/v2\/posts"}],"about":[{"href":"https:\/\/agora.xtec.cat\/ceip-joma\/wp-json\/wp\/v2\/types\/post"}],"author":[{"embeddable":true,"href":"https:\/\/agora.xtec.cat\/ceip-joma\/wp-json\/wp\/v2\/users\/38"}],"replies":[{"embeddable":true,"href":"https:\/\/agora.xtec.cat\/ceip-joma\/wp-json\/wp\/v2\/comments?post=5593"}],"version-history":[{"count":6,"href":"https:\/\/agora.xtec.cat\/ceip-joma\/wp-json\/wp\/v2\/posts\/5593\/revisions"}],"predecessor-version":[{"id":5606,"href":"https:\/\/agora.xtec.cat\/ceip-joma\/wp-json\/wp\/v2\/posts\/5593\/revisions\/5606"}],"wp:featuredmedia":[{"embeddable":true,"href":"https:\/\/agora.xtec.cat\/ceip-joma\/wp-json\/wp\/v2\/media\/5597"}],"wp:attachment":[{"href":"https:\/\/agora.xtec.cat\/ceip-joma\/wp-json\/wp\/v2\/media?parent=5593"}],"wp:term":[{"taxonomy":"category","embeddable":true,"href":"https:\/\/agora.xtec.cat\/ceip-joma\/wp-json\/wp\/v2\/categories?post=5593"},{"taxonomy":"post_tag","embeddable":true,"href":"https:\/\/agora.xtec.cat\/ceip-joma\/wp-json\/wp\/v2\/tags?post=5593"}],"curies":[{"name":"wp","href":"https:\/\/api.w.org\/{rel}","templated":true}]}}