{"id":5569,"date":"2025-05-19T12:36:38","date_gmt":"2025-05-19T10:36:38","guid":{"rendered":"https:\/\/agora.xtec.cat\/ceip-joma\/?p=5569"},"modified":"2025-05-19T12:36:38","modified_gmt":"2025-05-19T10:36:38","slug":"tallers-educacio-sexual","status":"publish","type":"post","link":"https:\/\/agora.xtec.cat\/ceip-joma\/portada\/tallers-educacio-sexual\/","title":{"rendered":"TALLERS EDUCACI\u00d3 SEXUAL"},"content":{"rendered":"<p data-start=\"75\" data-end=\"155\"><strong data-start=\"75\" data-end=\"155\">Educar per cuidar-se: Taller sobre salut sexual i reproductiva amb Ana Ramos<\/strong><\/p>\n<p data-start=\"157\" data-end=\"501\">La setmana passada vam tenir el privilegi de rebre a la nostra escola l\u2019Ana Ramos, especialista en salut sexual i reproductiva, que va oferir una s\u00e8rie de tallers a tot l\u2019alumnat, des dels cursos m\u00e9s petits fins als m\u00e9s grans. Cada sessi\u00f3 va ser acuradament adaptada a l\u2019edat dels participants, amb un enfocament proper, respectu\u00f3s i pedag\u00f2gic.<\/p>\n<p data-start=\"503\" data-end=\"827\">L\u2019experi\u00e8ncia va ser molt enriquidora per a tothom. L\u2019alumnat va poder expressar dubtes, trencar tab\u00fas i aprendre a parlar de manera oberta i responsable sobre aspectes fonamentals com el coneixement del propi cos, les relacions afectives, el consentiment, la prevenci\u00f3 i el respecte per un mateix i per les altres persones.<\/p>\n<p data-start=\"829\" data-end=\"1149\">Des de l\u2019escola considerem essencial oferir aquest tipus de formaci\u00f3, perqu\u00e8 l\u2019educaci\u00f3 sexual no nom\u00e9s tracta de prevenci\u00f3, sin\u00f3 tamb\u00e9 d\u2019empoderament, autoestima i valors. \u00c9s una eina clau per construir relacions sanes i per promoure una visi\u00f3 positiva, segura i lliure de prejudicis sobre la sexualitat i la identitat.<\/p>\n<p data-start=\"1151\" data-end=\"1341\">Agra\u00efm molt a l\u2019Ana la seva professionalitat i sensibilitat, i estem conven\u00e7uts que tallers com aquests contribueixen a fer de l\u2019escola un espai m\u00e9s segur, conscient i inclusiu per a tothom.<\/p>\n<p data-start=\"1151\" data-end=\"1341\">Aqu\u00ed us en deixem algunes\u00a0<a href=\"https:\/\/photos.app.goo.gl\/BC8hAV2ySxn4EcUGA\">FOTOGRAFIES<\/a><\/p>\n","protected":false},"excerpt":{"rendered":"<p>Educar per cuidar-se: Taller sobre salut sexual i reproductiva amb Ana Ramos La setmana passada vam tenir el privilegi de rebre a la nostra escola l\u2019Ana Ramos, especialista en salut sexual i reproductiva, que va oferir una s\u00e8rie de tallers a tot l\u2019alumnat, des dels cursos m\u00e9s petits fins als m\u00e9s grans. Cada sessi\u00f3 va [&hellip;]<\/p>\n","protected":false},"author":8,"featured_media":5573,"comment_status":"open","ping_status":"closed","sticky":false,"template":"","format":"standard","meta":{"_bbp_topic_count":0,"_bbp_reply_count":0,"_bbp_total_topic_count":0,"_bbp_total_reply_count":0,"_bbp_voice_count":0,"_bbp_anonymous_reply_count":0,"_bbp_topic_count_hidden":0,"_bbp_reply_count_hidden":0,"_bbp_forum_subforum_count":0,"site-sidebar-layout":"default","site-content-layout":"","ast-site-content-layout":"","site-content-style":"default","site-sidebar-style":"default","ast-global-header-display":"","ast-banner-title-visibility":"","ast-main-header-display":"","ast-hfb-above-header-display":"","ast-hfb-below-header-display":"","ast-hfb-mobile-header-display":"","site-post-title":"","ast-breadcrumbs-content":"","ast-featured-img":"","footer-sml-layout":"","theme-transparent-header-meta":"","adv-header-id-meta":"","stick-header-meta":"","header-above-stick-meta":"","header-main-stick-meta":"","header-below-stick-meta":"","astra-migrate-meta-layouts":"default","ast-page-background-enabled":"default","ast-page-background-meta":{"desktop":{"background-color":"var(--ast-global-color-4)","background-image":"","background-repeat":"repeat","background-position":"center center","background-size":"auto","background-attachment":"scroll","background-type":"","background-media":"","overlay-type":"","overlay-color":"","overlay-opacity":"","overlay-gradient":""},"tablet":{"background-color":"","background-image":"","background-repeat":"repeat","background-position":"center center","background-size":"auto","background-attachment":"scroll","background-type":"","background-media":"","overlay-type":"","overlay-color":"","overlay-opacity":"","overlay-gradient":""},"mobile":{"background-color":"","background-image":"","background-repeat":"repeat","background-position":"center center","background-size":"auto","background-attachment":"scroll","background-type":"","background-media":"","overlay-type":"","overlay-color":"","overlay-opacity":"","overlay-gradient":""}},"ast-content-background-meta":{"desktop":{"background-color":"var(--ast-global-color-5)","background-image":"","background-repeat":"repeat","background-position":"center center","background-size":"auto","background-attachment":"scroll","background-type":"","background-media":"","overlay-type":"","overlay-color":"","overlay-opacity":"","overlay-gradient":""},"tablet":{"background-color":"var(--ast-global-color-5)","background-image":"","background-repeat":"repeat","background-position":"center center","background-size":"auto","background-attachment":"scroll","background-type":"","background-media":"","overlay-type":"","overlay-color":"","overlay-opacity":"","overlay-gradient":""},"mobile":{"background-color":"var(--ast-global-color-5)","background-image":"","background-repeat":"repeat","background-position":"center center","background-size":"auto","background-attachment":"scroll","background-type":"","background-media":"","overlay-type":"","overlay-color":"","overlay-opacity":"","overlay-gradient":""}},"footnotes":""},"categories":[63,98,97,4],"tags":[],"class_list":["post-5569","post","type-post","status-publish","format-standard","has-post-thumbnail","hentry","category-activescola","category-cg","category-cm-portada","category-portada"],"post_mailing_queue_ids":[],"_links":{"self":[{"href":"https:\/\/agora.xtec.cat\/ceip-joma\/wp-json\/wp\/v2\/posts\/5569","targetHints":{"allow":["GET"]}}],"collection":[{"href":"https:\/\/agora.xtec.cat\/ceip-joma\/wp-json\/wp\/v2\/posts"}],"about":[{"href":"https:\/\/agora.xtec.cat\/ceip-joma\/wp-json\/wp\/v2\/types\/post"}],"author":[{"embeddable":true,"href":"https:\/\/agora.xtec.cat\/ceip-joma\/wp-json\/wp\/v2\/users\/8"}],"replies":[{"embeddable":true,"href":"https:\/\/agora.xtec.cat\/ceip-joma\/wp-json\/wp\/v2\/comments?post=5569"}],"version-history":[{"count":1,"href":"https:\/\/agora.xtec.cat\/ceip-joma\/wp-json\/wp\/v2\/posts\/5569\/revisions"}],"predecessor-version":[{"id":5572,"href":"https:\/\/agora.xtec.cat\/ceip-joma\/wp-json\/wp\/v2\/posts\/5569\/revisions\/5572"}],"wp:featuredmedia":[{"embeddable":true,"href":"https:\/\/agora.xtec.cat\/ceip-joma\/wp-json\/wp\/v2\/media\/5573"}],"wp:attachment":[{"href":"https:\/\/agora.xtec.cat\/ceip-joma\/wp-json\/wp\/v2\/media?parent=5569"}],"wp:term":[{"taxonomy":"category","embeddable":true,"href":"https:\/\/agora.xtec.cat\/ceip-joma\/wp-json\/wp\/v2\/categories?post=5569"},{"taxonomy":"post_tag","embeddable":true,"href":"https:\/\/agora.xtec.cat\/ceip-joma\/wp-json\/wp\/v2\/tags?post=5569"}],"curies":[{"name":"wp","href":"https:\/\/api.w.org\/{rel}","templated":true}]}}