{"id":5531,"date":"2025-04-28T09:27:23","date_gmt":"2025-04-28T07:27:23","guid":{"rendered":"https:\/\/agora.xtec.cat\/ceip-joma\/?p=5531"},"modified":"2025-04-28T09:27:42","modified_gmt":"2025-04-28T07:27:42","slug":"setmana-cultural-2025","status":"publish","type":"post","link":"https:\/\/agora.xtec.cat\/ceip-joma\/portada\/setmana-cultural-2025\/","title":{"rendered":"SETMANA CULTURAL 2025"},"content":{"rendered":"<p>Despr\u00e9s de les vacances de Setmana Santa, hem tornat a l&#8217;escola amb molta energia i ganes de compartir moments especials. Aquesta Setmana Cultural ha estat plena d&#8217;activitats diverses i enriquidores, que ens han fet aprendre, gaudir i conviure d&#8217;una manera diferent i molt divertida tot seguint l\u2019eix d\u2019aquest curs \u00abMobilitza\u2019t per la selva\u00bb.<\/p>\n<p><!--more--><br \/>\n<strong>Dimarts: immersi\u00f3 en angl\u00e8s!<\/strong><br \/>\nAl mat\u00ed, tot l&#8217;alumnat ha assistit a una obra de teatre en angl\u00e8s que ens ha fet riure, pensar i practicar la llengua d&#8217;una manera amena i original. La comunitat de petits i mitjans ha vist l\u2019obra \u00abThe Wolf and the seven little goats\u00bb i la comunitat de grans ha vist \u00abAround the world in 80 days\u00bb. A la tarda, hem continuat amb els jocs en angl\u00e8s, on hem jugat i hem posat en pr\u00e0ctica tot el que sabem de manera l\u00fadica i participativa.<br \/>\n<strong>Dimecres: celebrem Sant Jordi<\/strong><br \/>\nUn dels dies m\u00e9s estimats de l\u2019any! Al mat\u00ed hem visitat les parades de llibres i roses, on hem pogut remenar, triar i, si vol\u00edem, hem reservat uns llibres. Els alumnes de cinqu\u00e8 i sis\u00e8 han estat els protagonistes d\u2019aquesta activitat, ja que han preparat i gestionat la seva pr\u00f2pia venda de roses i llibres amb molt d\u2019esfor\u00e7 i il\u00b7lusi\u00f3. A la tarda hem continuat celebrant la diada amb tallers de punts de llibre, on tothom ha pogut fer volar la imaginaci\u00f3 i endur-se a casa una mica d\u2019art fet amb les seves pr\u00f2pies mans. La comunitat de Grans a, a m\u00e9s a m\u00e9s, ha fet uns dracs molt originals.<br \/>\n<strong>Dijous: esport i companyonia.<\/strong><br \/>\nEns hem despla\u00e7at al pavell\u00f3 per gaudir d\u2019un mat\u00ed, la comunitat de petits i mitjans, i d\u2019una tarda, la comunitat de grans, ple de moviment i diversi\u00f3. Hem participat en diferents jocs esportius organitzats per estacions, que ens han perm\u00e8s practicar diverses habilitats f\u00edsiques. Els alumnes de sis\u00e8 han assumit el rol de monitors, ajudant i guiant els m\u00e9s petits amb responsabilitat i entusiasme.<br \/>\nLes comunitats de petits i mitjans han gaudit d\u2019una pe\u00e7a teatral on les mestres han estat les actrius. I la comuniat de grans a m\u00e9s a m\u00e9s han gaudit d\u2019un joc de pistes per l\u2019escola.<br \/>\n<strong>Divendres: Jocs florals i cultura musical.<\/strong><br \/>\nAl mat\u00ed, hem celebrat els esperats Jocs Florals. Trobareu un article espec\u00edfic d\u2019aquests. A la tarda, hem gaudit d\u2019una activitat molt especial dins del marc de Cultura Musical. Diversos companys<br \/>\ni companyes de l\u2019escola han preparat audicions en directe, interpretant peces amb diferents instruments davant dels seus companys i mestres. Ha estat una estona m\u00e0gica, on la m\u00fasica ha omplert el gimn\u00e0s de l\u2019escola i ens ha perm\u00e8s descobrir talents amagats, compartir emocions i, sobretot, gaudir plegats de la bellesa del so i l\u2019esfor\u00e7 darrere de cada nota.<br \/>\nHa estat una setmana plena d\u2019aprenentatges vivencials, de conviv\u00e8ncia i d\u2019alegria. Gr\u00e0cies a tots i totes\u00a0 per fer-la possible!<\/p>\n<p>Aqu\u00ed podeu veure les\u00a0<a href=\"https:\/\/photos.app.goo.gl\/givNuV7sWXP4oono6\">FOTOGRAFIES<\/a> d&#8217;aquesta jornada!<\/p>\n","protected":false},"excerpt":{"rendered":"<p>Despr\u00e9s de les vacances de Setmana Santa, hem tornat a l&#8217;escola amb molta energia i ganes de compartir moments especials. Aquesta Setmana Cultural ha estat plena d&#8217;activitats diverses i enriquidores, que ens han fet aprendre, gaudir i conviure d&#8217;una manera diferent i molt divertida tot seguint l\u2019eix d\u2019aquest curs \u00abMobilitza\u2019t per la selva\u00bb.<\/p>\n","protected":false},"author":38,"featured_media":5536,"comment_status":"open","ping_status":"closed","sticky":false,"template":"","format":"standard","meta":{"_bbp_topic_count":0,"_bbp_reply_count":0,"_bbp_total_topic_count":0,"_bbp_total_reply_count":0,"_bbp_voice_count":0,"_bbp_anonymous_reply_count":0,"_bbp_topic_count_hidden":0,"_bbp_reply_count_hidden":0,"_bbp_forum_subforum_count":0,"site-sidebar-layout":"default","site-content-layout":"","ast-site-content-layout":"","site-content-style":"default","site-sidebar-style":"default","ast-global-header-display":"","ast-banner-title-visibility":"","ast-main-header-display":"","ast-hfb-above-header-display":"","ast-hfb-below-header-display":"","ast-hfb-mobile-header-display":"","site-post-title":"","ast-breadcrumbs-content":"","ast-featured-img":"","footer-sml-layout":"","theme-transparent-header-meta":"","adv-header-id-meta":"","stick-header-meta":"","header-above-stick-meta":"","header-main-stick-meta":"","header-below-stick-meta":"","astra-migrate-meta-layouts":"default","ast-page-background-enabled":"default","ast-page-background-meta":{"desktop":{"background-color":"var(--ast-global-color-4)","background-image":"","background-repeat":"repeat","background-position":"center center","background-size":"auto","background-attachment":"scroll","background-type":"","background-media":"","overlay-type":"","overlay-color":"","overlay-opacity":"","overlay-gradient":""},"tablet":{"background-color":"","background-image":"","background-repeat":"repeat","background-position":"center center","background-size":"auto","background-attachment":"scroll","background-type":"","background-media":"","overlay-type":"","overlay-color":"","overlay-opacity":"","overlay-gradient":""},"mobile":{"background-color":"","background-image":"","background-repeat":"repeat","background-position":"center center","background-size":"auto","background-attachment":"scroll","background-type":"","background-media":"","overlay-type":"","overlay-color":"","overlay-opacity":"","overlay-gradient":""}},"ast-content-background-meta":{"desktop":{"background-color":"var(--ast-global-color-5)","background-image":"","background-repeat":"repeat","background-position":"center center","background-size":"auto","background-attachment":"scroll","background-type":"","background-media":"","overlay-type":"","overlay-color":"","overlay-opacity":"","overlay-gradient":""},"tablet":{"background-color":"var(--ast-global-color-5)","background-image":"","background-repeat":"repeat","background-position":"center center","background-size":"auto","background-attachment":"scroll","background-type":"","background-media":"","overlay-type":"","overlay-color":"","overlay-opacity":"","overlay-gradient":""},"mobile":{"background-color":"var(--ast-global-color-5)","background-image":"","background-repeat":"repeat","background-position":"center center","background-size":"auto","background-attachment":"scroll","background-type":"","background-media":"","overlay-type":"","overlay-color":"","overlay-opacity":"","overlay-gradient":""}},"footnotes":""},"categories":[63,98,97,145,99,4],"tags":[101,157,120],"class_list":["post-5531","post","type-post","status-publish","format-standard","has-post-thumbnail","hentry","category-activescola","category-cg","category-cm-portada","category-educacio-fisica","category-musica","category-portada","tag-comunitat-de-grans","tag-comunitat-de-petits","tag-comunitat-mitjans"],"post_mailing_queue_ids":[],"_links":{"self":[{"href":"https:\/\/agora.xtec.cat\/ceip-joma\/wp-json\/wp\/v2\/posts\/5531","targetHints":{"allow":["GET"]}}],"collection":[{"href":"https:\/\/agora.xtec.cat\/ceip-joma\/wp-json\/wp\/v2\/posts"}],"about":[{"href":"https:\/\/agora.xtec.cat\/ceip-joma\/wp-json\/wp\/v2\/types\/post"}],"author":[{"embeddable":true,"href":"https:\/\/agora.xtec.cat\/ceip-joma\/wp-json\/wp\/v2\/users\/38"}],"replies":[{"embeddable":true,"href":"https:\/\/agora.xtec.cat\/ceip-joma\/wp-json\/wp\/v2\/comments?post=5531"}],"version-history":[{"count":4,"href":"https:\/\/agora.xtec.cat\/ceip-joma\/wp-json\/wp\/v2\/posts\/5531\/revisions"}],"predecessor-version":[{"id":5537,"href":"https:\/\/agora.xtec.cat\/ceip-joma\/wp-json\/wp\/v2\/posts\/5531\/revisions\/5537"}],"wp:featuredmedia":[{"embeddable":true,"href":"https:\/\/agora.xtec.cat\/ceip-joma\/wp-json\/wp\/v2\/media\/5536"}],"wp:attachment":[{"href":"https:\/\/agora.xtec.cat\/ceip-joma\/wp-json\/wp\/v2\/media?parent=5531"}],"wp:term":[{"taxonomy":"category","embeddable":true,"href":"https:\/\/agora.xtec.cat\/ceip-joma\/wp-json\/wp\/v2\/categories?post=5531"},{"taxonomy":"post_tag","embeddable":true,"href":"https:\/\/agora.xtec.cat\/ceip-joma\/wp-json\/wp\/v2\/tags?post=5531"}],"curies":[{"name":"wp","href":"https:\/\/api.w.org\/{rel}","templated":true}]}}