{"id":5523,"date":"2025-04-11T18:57:03","date_gmt":"2025-04-11T16:57:03","guid":{"rendered":"https:\/\/agora.xtec.cat\/ceip-joma\/?p=5523"},"modified":"2025-04-11T18:57:03","modified_gmt":"2025-04-11T16:57:03","slug":"velocitat-suor-i-un-final-de-trimestre-a-tot-gas","status":"publish","type":"post","link":"https:\/\/agora.xtec.cat\/ceip-joma\/portada\/velocitat-suor-i-un-final-de-trimestre-a-tot-gas\/","title":{"rendered":"VELOCITAT, SUOR I UN FINAL DE TRIMESTRE A TOT GAS&#8230;"},"content":{"rendered":"<p>La darrera tarda del trimestre no podia tenir millor escenari: sol, m\u00fasica, emoci\u00f3 i&#8230; molta calor! El camp de futbol de Vallbona d\u2019Anoia ha acollit la\u00a0<strong>3a Cursa de l\u2019Escola Josep Masclans<\/strong>, una cita que ja s\u2019ha convertit en un cl\u00e0ssic del nostre calendari i que aquest any ha tornat amb m\u00e9s energia que mai.<\/p>\n<p>Cada curs ha tingut la seva cursa, i cada curs ha deixat el llist\u00f3 ben alt. Tots eben equipats amb les seves samarretes verdes i dorsals. Hem vist sortides el\u00e8ctriques, esprints finals de pel\u00b7l\u00edcula, caigudes amb estil (i rialles), suors compartides i un p\u00fablic entregat animant des de la l\u00ednia de banda a la grada. L\u2019arc de meta, el podi, l&#8217;avituallament, l&#8217;ambul\u00e0ncia i la m\u00fasica ambient ens han fet sentir com en una gran cita esportiva. I no exagerem!<\/p>\n<p>Per si no n\u2019hi havia prou, una vintena de pares i mares valents (alguns diuen que gaireb\u00e9 arrossegats pels fills&#8230;) tamb\u00e9 han participat a la\u00a0<strong>cursa d\u2019adults<\/strong>, demostrant el seu esperit esportiu. Alguns fins i tot han acabat la cursa amb somriure i tot, d\u2019altres amb la llengua fora,<\/p>\n<p>En definitiva, una tarda plena de moviment, companyonia i molta empenta per tancar el trimestre com cal: amb l\u2019alegria de compartir i l\u2019esfor\u00e7 de donar el millor de nosaltres, sense importar qui arriba primer.<\/p>\n<p>Ara s\u00ed: toca aturar-nos una mica i agafar aire. Des de l\u2019escola, us desitgem a totes les fam\u00edlies unes\u00a0<strong>molt bones vacances de Pasqua<\/strong>. Ens retrobem a la tornada&#8230; potser amb alguna agulleta per\u00f2 amb el cor ben content!<\/p>\n<p>Aqu\u00ed podeu veure les\u00a0<a href=\"https:\/\/photos.app.goo.gl\/CFMu3dedDdhqby7R9\">FOTOGRAFIES<\/a> d&#8217;aquesta jornada!<\/p>\n","protected":false},"excerpt":{"rendered":"<p>La darrera tarda del trimestre no podia tenir millor escenari: sol, m\u00fasica, emoci\u00f3 i&#8230; molta calor! El camp de futbol de Vallbona d\u2019Anoia ha acollit la\u00a03a Cursa de l\u2019Escola Josep Masclans, una cita que ja s\u2019ha convertit en un cl\u00e0ssic del nostre calendari i que aquest any ha tornat amb m\u00e9s energia que mai. Cada [&hellip;]<\/p>\n","protected":false},"author":8,"featured_media":5524,"comment_status":"open","ping_status":"closed","sticky":false,"template":"","format":"standard","meta":{"_bbp_topic_count":0,"_bbp_reply_count":0,"_bbp_total_topic_count":0,"_bbp_total_reply_count":0,"_bbp_voice_count":0,"_bbp_anonymous_reply_count":0,"_bbp_topic_count_hidden":0,"_bbp_reply_count_hidden":0,"_bbp_forum_subforum_count":0,"site-sidebar-layout":"default","site-content-layout":"","ast-site-content-layout":"","site-content-style":"default","site-sidebar-style":"default","ast-global-header-display":"","ast-banner-title-visibility":"","ast-main-header-display":"","ast-hfb-above-header-display":"","ast-hfb-below-header-display":"","ast-hfb-mobile-header-display":"","site-post-title":"","ast-breadcrumbs-content":"","ast-featured-img":"","footer-sml-layout":"","theme-transparent-header-meta":"","adv-header-id-meta":"","stick-header-meta":"","header-above-stick-meta":"","header-main-stick-meta":"","header-below-stick-meta":"","astra-migrate-meta-layouts":"default","ast-page-background-enabled":"default","ast-page-background-meta":{"desktop":{"background-color":"var(--ast-global-color-4)","background-image":"","background-repeat":"repeat","background-position":"center center","background-size":"auto","background-attachment":"scroll","background-type":"","background-media":"","overlay-type":"","overlay-color":"","overlay-opacity":"","overlay-gradient":""},"tablet":{"background-color":"","background-image":"","background-repeat":"repeat","background-position":"center center","background-size":"auto","background-attachment":"scroll","background-type":"","background-media":"","overlay-type":"","overlay-color":"","overlay-opacity":"","overlay-gradient":""},"mobile":{"background-color":"","background-image":"","background-repeat":"repeat","background-position":"center center","background-size":"auto","background-attachment":"scroll","background-type":"","background-media":"","overlay-type":"","overlay-color":"","overlay-opacity":"","overlay-gradient":""}},"ast-content-background-meta":{"desktop":{"background-color":"var(--ast-global-color-5)","background-image":"","background-repeat":"repeat","background-position":"center center","background-size":"auto","background-attachment":"scroll","background-type":"","background-media":"","overlay-type":"","overlay-color":"","overlay-opacity":"","overlay-gradient":""},"tablet":{"background-color":"var(--ast-global-color-5)","background-image":"","background-repeat":"repeat","background-position":"center center","background-size":"auto","background-attachment":"scroll","background-type":"","background-media":"","overlay-type":"","overlay-color":"","overlay-opacity":"","overlay-gradient":""},"mobile":{"background-color":"var(--ast-global-color-5)","background-image":"","background-repeat":"repeat","background-position":"center center","background-size":"auto","background-attachment":"scroll","background-type":"","background-media":"","overlay-type":"","overlay-color":"","overlay-opacity":"","overlay-gradient":""}},"footnotes":""},"categories":[63,98,97,145,4],"tags":[],"class_list":["post-5523","post","type-post","status-publish","format-standard","has-post-thumbnail","hentry","category-activescola","category-cg","category-cm-portada","category-educacio-fisica","category-portada"],"post_mailing_queue_ids":[],"_links":{"self":[{"href":"https:\/\/agora.xtec.cat\/ceip-joma\/wp-json\/wp\/v2\/posts\/5523","targetHints":{"allow":["GET"]}}],"collection":[{"href":"https:\/\/agora.xtec.cat\/ceip-joma\/wp-json\/wp\/v2\/posts"}],"about":[{"href":"https:\/\/agora.xtec.cat\/ceip-joma\/wp-json\/wp\/v2\/types\/post"}],"author":[{"embeddable":true,"href":"https:\/\/agora.xtec.cat\/ceip-joma\/wp-json\/wp\/v2\/users\/8"}],"replies":[{"embeddable":true,"href":"https:\/\/agora.xtec.cat\/ceip-joma\/wp-json\/wp\/v2\/comments?post=5523"}],"version-history":[{"count":1,"href":"https:\/\/agora.xtec.cat\/ceip-joma\/wp-json\/wp\/v2\/posts\/5523\/revisions"}],"predecessor-version":[{"id":5525,"href":"https:\/\/agora.xtec.cat\/ceip-joma\/wp-json\/wp\/v2\/posts\/5523\/revisions\/5525"}],"wp:featuredmedia":[{"embeddable":true,"href":"https:\/\/agora.xtec.cat\/ceip-joma\/wp-json\/wp\/v2\/media\/5524"}],"wp:attachment":[{"href":"https:\/\/agora.xtec.cat\/ceip-joma\/wp-json\/wp\/v2\/media?parent=5523"}],"wp:term":[{"taxonomy":"category","embeddable":true,"href":"https:\/\/agora.xtec.cat\/ceip-joma\/wp-json\/wp\/v2\/categories?post=5523"},{"taxonomy":"post_tag","embeddable":true,"href":"https:\/\/agora.xtec.cat\/ceip-joma\/wp-json\/wp\/v2\/tags?post=5523"}],"curies":[{"name":"wp","href":"https:\/\/api.w.org\/{rel}","templated":true}]}}