{"id":5512,"date":"2025-04-11T11:57:03","date_gmt":"2025-04-11T09:57:03","guid":{"rendered":"https:\/\/agora.xtec.cat\/ceip-joma\/?p=5512"},"modified":"2025-04-11T11:59:56","modified_gmt":"2025-04-11T09:59:56","slug":"especial-pasqua-a-la-comunitat-de-petits-i-petites","status":"publish","type":"post","link":"https:\/\/agora.xtec.cat\/ceip-joma\/antiga-general\/especial-pasqua-a-la-comunitat-de-petits-i-petites\/","title":{"rendered":"ESPECIAL PASQUA I PRIMAVERA A LA COMUNITAT DE PETITS I PETITES"},"content":{"rendered":"<p><a href=\"https:\/\/agora.xtec.cat\/ceip-joma\/wp-content\/uploads\/usu1530\/2025\/04\/ESPECIAL-PARQUA-1.jpg\"><img loading=\"lazy\" decoding=\"async\" class=\"alignnone  wp-image-5518\" src=\"https:\/\/agora.xtec.cat\/ceip-joma\/wp-content\/uploads\/usu1530\/2025\/04\/ESPECIAL-PARQUA-1-1024x724.jpg\" alt=\"\" width=\"293\" height=\"207\" srcset=\"https:\/\/agora.xtec.cat\/ceip-joma\/wp-content\/uploads\/usu1530\/2025\/04\/ESPECIAL-PARQUA-1-1024x724.jpg 1024w, https:\/\/agora.xtec.cat\/ceip-joma\/wp-content\/uploads\/usu1530\/2025\/04\/ESPECIAL-PARQUA-1-300x212.jpg 300w, https:\/\/agora.xtec.cat\/ceip-joma\/wp-content\/uploads\/usu1530\/2025\/04\/ESPECIAL-PARQUA-1-768x543.jpg 768w, https:\/\/agora.xtec.cat\/ceip-joma\/wp-content\/uploads\/usu1530\/2025\/04\/ESPECIAL-PARQUA-1-1536x1086.jpg 1536w, https:\/\/agora.xtec.cat\/ceip-joma\/wp-content\/uploads\/usu1530\/2025\/04\/ESPECIAL-PARQUA-1.jpg 2000w\" sizes=\"auto, (max-width: 293px) 100vw, 293px\" \/><\/a><\/p>\n<p>Dimarts 8 d&#8217;abril, els nens i nenes d&#8217;infantil vam gaudir d&#8217;un dia especial. Va ser una sorpresa per tots els infants en arribar a l&#8217;escola, ja que no s&#8217;ho esperaven.<\/p>\n<p><!--more--><\/p>\n<p>Durant tot el dia vam rotar amb el nostre grup classe per tres tallers:<\/p>\n<ol>\n<li>Un d&#8217;ells consistia a fer una gimcana pel pati de l&#8217;escola buscant ous de pasqua. A continuaci\u00f3 hav\u00edem de formar paraules amb les lletres que tenien escrits els ous.<\/li>\n<li>Un altre taller era de llums. Ens vam endinsar amb una aula tota fosca on nom\u00e9s ens il\u00b7lumin\u00e0vem amb la llum negra. Tots els elements que hi havia brillaven a la foscor i cada un servia per fer les nostres pr\u00f2pies creacions.<\/li>\n<li>Finalment, el tercer taller estava format per diferents racons. A cada rac\u00f3 es treballava un aspecte (matem\u00e0tic, com el comptatge, seguir patrons, seriacions; motricitat fina fent la pin\u00e7a amb pollets i plomes de pasqua, etc.).<\/li>\n<\/ol>\n<p>Va ser un dia molt especial!<\/p>\n<p>Aqu\u00ed us deixem unes <a href=\"https:\/\/photos.app.goo.gl\/5TPPGRKP9BAGdigt9\">fotografies<\/a> d\u2019aquest dia tan especial!<\/p>\n<p>&nbsp;<\/p>\n","protected":false},"excerpt":{"rendered":"<p>Dimarts 8 d&#8217;abril, els nens i nenes d&#8217;infantil vam gaudir d&#8217;un dia especial. Va ser una sorpresa per tots els infants en arribar a l&#8217;escola, ja que no s&#8217;ho esperaven.<\/p>\n","protected":false},"author":38,"featured_media":0,"comment_status":"open","ping_status":"closed","sticky":false,"template":"","format":"standard","meta":{"_bbp_topic_count":0,"_bbp_reply_count":0,"_bbp_total_topic_count":0,"_bbp_total_reply_count":0,"_bbp_voice_count":0,"_bbp_anonymous_reply_count":0,"_bbp_topic_count_hidden":0,"_bbp_reply_count_hidden":0,"_bbp_forum_subforum_count":0,"site-sidebar-layout":"default","site-content-layout":"","ast-site-content-layout":"","site-content-style":"default","site-sidebar-style":"default","ast-global-header-display":"","ast-banner-title-visibility":"","ast-main-header-display":"","ast-hfb-above-header-display":"","ast-hfb-below-header-display":"","ast-hfb-mobile-header-display":"","site-post-title":"","ast-breadcrumbs-content":"","ast-featured-img":"","footer-sml-layout":"","theme-transparent-header-meta":"","adv-header-id-meta":"","stick-header-meta":"","header-above-stick-meta":"","header-main-stick-meta":"","header-below-stick-meta":"","astra-migrate-meta-layouts":"default","ast-page-background-enabled":"default","ast-page-background-meta":{"desktop":{"background-color":"var(--ast-global-color-4)","background-image":"","background-repeat":"repeat","background-position":"center center","background-size":"auto","background-attachment":"scroll","background-type":"","background-media":"","overlay-type":"","overlay-color":"","overlay-opacity":"","overlay-gradient":""},"tablet":{"background-color":"","background-image":"","background-repeat":"repeat","background-position":"center center","background-size":"auto","background-attachment":"scroll","background-type":"","background-media":"","overlay-type":"","overlay-color":"","overlay-opacity":"","overlay-gradient":""},"mobile":{"background-color":"","background-image":"","background-repeat":"repeat","background-position":"center center","background-size":"auto","background-attachment":"scroll","background-type":"","background-media":"","overlay-type":"","overlay-color":"","overlay-opacity":"","overlay-gradient":""}},"ast-content-background-meta":{"desktop":{"background-color":"var(--ast-global-color-5)","background-image":"","background-repeat":"repeat","background-position":"center center","background-size":"auto","background-attachment":"scroll","background-type":"","background-media":"","overlay-type":"","overlay-color":"","overlay-opacity":"","overlay-gradient":""},"tablet":{"background-color":"var(--ast-global-color-5)","background-image":"","background-repeat":"repeat","background-position":"center center","background-size":"auto","background-attachment":"scroll","background-type":"","background-media":"","overlay-type":"","overlay-color":"","overlay-opacity":"","overlay-gradient":""},"mobile":{"background-color":"var(--ast-global-color-5)","background-image":"","background-repeat":"repeat","background-position":"center center","background-size":"auto","background-attachment":"scroll","background-type":"","background-media":"","overlay-type":"","overlay-color":"","overlay-opacity":"","overlay-gradient":""}},"footnotes":""},"categories":[1],"tags":[],"class_list":["post-5512","post","type-post","status-publish","format-standard","hentry","category-antiga-general"],"post_mailing_queue_ids":[],"_links":{"self":[{"href":"https:\/\/agora.xtec.cat\/ceip-joma\/wp-json\/wp\/v2\/posts\/5512","targetHints":{"allow":["GET"]}}],"collection":[{"href":"https:\/\/agora.xtec.cat\/ceip-joma\/wp-json\/wp\/v2\/posts"}],"about":[{"href":"https:\/\/agora.xtec.cat\/ceip-joma\/wp-json\/wp\/v2\/types\/post"}],"author":[{"embeddable":true,"href":"https:\/\/agora.xtec.cat\/ceip-joma\/wp-json\/wp\/v2\/users\/38"}],"replies":[{"embeddable":true,"href":"https:\/\/agora.xtec.cat\/ceip-joma\/wp-json\/wp\/v2\/comments?post=5512"}],"version-history":[{"count":4,"href":"https:\/\/agora.xtec.cat\/ceip-joma\/wp-json\/wp\/v2\/posts\/5512\/revisions"}],"predecessor-version":[{"id":5519,"href":"https:\/\/agora.xtec.cat\/ceip-joma\/wp-json\/wp\/v2\/posts\/5512\/revisions\/5519"}],"wp:attachment":[{"href":"https:\/\/agora.xtec.cat\/ceip-joma\/wp-json\/wp\/v2\/media?parent=5512"}],"wp:term":[{"taxonomy":"category","embeddable":true,"href":"https:\/\/agora.xtec.cat\/ceip-joma\/wp-json\/wp\/v2\/categories?post=5512"},{"taxonomy":"post_tag","embeddable":true,"href":"https:\/\/agora.xtec.cat\/ceip-joma\/wp-json\/wp\/v2\/tags?post=5512"}],"curies":[{"name":"wp","href":"https:\/\/api.w.org\/{rel}","templated":true}]}}