{"id":5495,"date":"2025-04-07T13:26:50","date_gmt":"2025-04-07T11:26:50","guid":{"rendered":"https:\/\/agora.xtec.cat\/ceip-joma\/?p=5495"},"modified":"2025-04-07T13:28:42","modified_gmt":"2025-04-07T11:28:42","slug":"la-comunitat-de-petites-i-petites-anem-a-wild-forest","status":"publish","type":"post","link":"https:\/\/agora.xtec.cat\/ceip-joma\/antiga-general\/la-comunitat-de-petites-i-petites-anem-a-wild-forest\/","title":{"rendered":"LA COMUNITAT DE PETITES I PETITES ANEM A WILD FOREST"},"content":{"rendered":"<p><a href=\"https:\/\/agora.xtec.cat\/ceip-joma\/wp-content\/uploads\/usu1530\/2025\/04\/wid-1.jpg\"><img loading=\"lazy\" decoding=\"async\" class=\"wp-image-5499 aligncenter\" src=\"https:\/\/agora.xtec.cat\/ceip-joma\/wp-content\/uploads\/usu1530\/2025\/04\/wid-1.jpg\" alt=\"\" width=\"236\" height=\"291\" srcset=\"https:\/\/agora.xtec.cat\/ceip-joma\/wp-content\/uploads\/usu1530\/2025\/04\/wid-1.jpg 615w, https:\/\/agora.xtec.cat\/ceip-joma\/wp-content\/uploads\/usu1530\/2025\/04\/wid-1-243x300.jpg 243w\" sizes=\"auto, (max-width: 236px) 100vw, 236px\" \/><\/a><\/p>\n<p data-pm-slice=\"1 1 []\">Divendres, 4 d\u2019abril, aprofitant el tancament del projecte \u201cmobilitza&#8217;t per la Selva\u201d, la Comunitat de Petites i Petits vam fer la nostra primera sortida de tot el dia. Vam anar a la reserva Wild Forest per tal de con\u00e8ixer com \u00e9s una reserva, com treballen i els animals que hi viuen.<\/p>\n<p><!--more--><\/p>\n<p>All\u00e0 vam poder observar diferents animals de la nostra fauna salvatge que han estat rescatats, ferits o b\u00e9 abandonats.<\/p>\n<p>Vam poder veure guineus, porcs senglars, rucs, cabres&#8230; I tamb\u00e9 ens van explicar com els cuiden i els alimenten. Fent-nos part\u00edcips de la import\u00e0ncia que t\u00e9 la cura i responsabilitat dels animals.<\/p>\n<p>A m\u00e9s a m\u00e9s, ens vam convertir en exploradors i exploradores tot buscant rastres i ossos pel bosc. Aquests ossos els vam poder observar i ens van explicar de quin animal eren. Aix\u00ed com veure les difer\u00e8ncies de porc de granja i porc senglar.<\/p>\n<p>Per acabar les activitats, vam fer el nostre pal de poder amb tot d\u2019elements naturals.<\/p>\n<p>Finalment, vam acompanyar a pasturar les cabres i ovelles!<\/p>\n<p>Va ser una experi\u00e8ncia molt enriquidora i divertida.<\/p>\n<p>Aqu\u00ed us deixem unes <a href=\"https:\/\/photos.app.goo.gl\/2B75BDzVruPG2esy7\">fotografies<\/a> d\u2019aquest dia tan especial!<\/p>\n","protected":false},"excerpt":{"rendered":"<p>Divendres, 4 d\u2019abril, aprofitant el tancament del projecte \u201cmobilitza&#8217;t per la Selva\u201d, la Comunitat de Petites i Petits vam fer la nostra primera sortida de tot el dia. Vam anar a la reserva Wild Forest per tal de con\u00e8ixer com \u00e9s una reserva, com treballen i els animals que hi viuen.<\/p>\n","protected":false},"author":38,"featured_media":5496,"comment_status":"open","ping_status":"closed","sticky":false,"template":"","format":"standard","meta":{"_bbp_topic_count":0,"_bbp_reply_count":0,"_bbp_total_topic_count":0,"_bbp_total_reply_count":0,"_bbp_voice_count":0,"_bbp_anonymous_reply_count":0,"_bbp_topic_count_hidden":0,"_bbp_reply_count_hidden":0,"_bbp_forum_subforum_count":0,"site-sidebar-layout":"default","site-content-layout":"","ast-site-content-layout":"","site-content-style":"default","site-sidebar-style":"default","ast-global-header-display":"","ast-banner-title-visibility":"","ast-main-header-display":"","ast-hfb-above-header-display":"","ast-hfb-below-header-display":"","ast-hfb-mobile-header-display":"","site-post-title":"","ast-breadcrumbs-content":"","ast-featured-img":"","footer-sml-layout":"","theme-transparent-header-meta":"","adv-header-id-meta":"","stick-header-meta":"","header-above-stick-meta":"","header-main-stick-meta":"","header-below-stick-meta":"","astra-migrate-meta-layouts":"default","ast-page-background-enabled":"default","ast-page-background-meta":{"desktop":{"background-color":"var(--ast-global-color-4)","background-image":"","background-repeat":"repeat","background-position":"center center","background-size":"auto","background-attachment":"scroll","background-type":"","background-media":"","overlay-type":"","overlay-color":"","overlay-opacity":"","overlay-gradient":""},"tablet":{"background-color":"","background-image":"","background-repeat":"repeat","background-position":"center center","background-size":"auto","background-attachment":"scroll","background-type":"","background-media":"","overlay-type":"","overlay-color":"","overlay-opacity":"","overlay-gradient":""},"mobile":{"background-color":"","background-image":"","background-repeat":"repeat","background-position":"center center","background-size":"auto","background-attachment":"scroll","background-type":"","background-media":"","overlay-type":"","overlay-color":"","overlay-opacity":"","overlay-gradient":""}},"ast-content-background-meta":{"desktop":{"background-color":"var(--ast-global-color-5)","background-image":"","background-repeat":"repeat","background-position":"center center","background-size":"auto","background-attachment":"scroll","background-type":"","background-media":"","overlay-type":"","overlay-color":"","overlay-opacity":"","overlay-gradient":""},"tablet":{"background-color":"var(--ast-global-color-5)","background-image":"","background-repeat":"repeat","background-position":"center center","background-size":"auto","background-attachment":"scroll","background-type":"","background-media":"","overlay-type":"","overlay-color":"","overlay-opacity":"","overlay-gradient":""},"mobile":{"background-color":"var(--ast-global-color-5)","background-image":"","background-repeat":"repeat","background-position":"center center","background-size":"auto","background-attachment":"scroll","background-type":"","background-media":"","overlay-type":"","overlay-color":"","overlay-opacity":"","overlay-gradient":""}},"footnotes":""},"categories":[1],"tags":[157],"class_list":["post-5495","post","type-post","status-publish","format-standard","has-post-thumbnail","hentry","category-antiga-general","tag-comunitat-de-petits"],"post_mailing_queue_ids":[],"_links":{"self":[{"href":"https:\/\/agora.xtec.cat\/ceip-joma\/wp-json\/wp\/v2\/posts\/5495","targetHints":{"allow":["GET"]}}],"collection":[{"href":"https:\/\/agora.xtec.cat\/ceip-joma\/wp-json\/wp\/v2\/posts"}],"about":[{"href":"https:\/\/agora.xtec.cat\/ceip-joma\/wp-json\/wp\/v2\/types\/post"}],"author":[{"embeddable":true,"href":"https:\/\/agora.xtec.cat\/ceip-joma\/wp-json\/wp\/v2\/users\/38"}],"replies":[{"embeddable":true,"href":"https:\/\/agora.xtec.cat\/ceip-joma\/wp-json\/wp\/v2\/comments?post=5495"}],"version-history":[{"count":6,"href":"https:\/\/agora.xtec.cat\/ceip-joma\/wp-json\/wp\/v2\/posts\/5495\/revisions"}],"predecessor-version":[{"id":5503,"href":"https:\/\/agora.xtec.cat\/ceip-joma\/wp-json\/wp\/v2\/posts\/5495\/revisions\/5503"}],"wp:featuredmedia":[{"embeddable":true,"href":"https:\/\/agora.xtec.cat\/ceip-joma\/wp-json\/wp\/v2\/media\/5496"}],"wp:attachment":[{"href":"https:\/\/agora.xtec.cat\/ceip-joma\/wp-json\/wp\/v2\/media?parent=5495"}],"wp:term":[{"taxonomy":"category","embeddable":true,"href":"https:\/\/agora.xtec.cat\/ceip-joma\/wp-json\/wp\/v2\/categories?post=5495"},{"taxonomy":"post_tag","embeddable":true,"href":"https:\/\/agora.xtec.cat\/ceip-joma\/wp-json\/wp\/v2\/tags?post=5495"}],"curies":[{"name":"wp","href":"https:\/\/api.w.org\/{rel}","templated":true}]}}