{"id":5491,"date":"2025-04-01T11:29:55","date_gmt":"2025-04-01T09:29:55","guid":{"rendered":"https:\/\/agora.xtec.cat\/ceip-joma\/?p=5491"},"modified":"2025-06-16T19:17:36","modified_gmt":"2025-06-16T17:17:36","slug":"sortida-a-la-fundacio-cram-1r-i-2n","status":"publish","type":"post","link":"https:\/\/agora.xtec.cat\/ceip-joma\/antiga-general\/sortida-a-la-fundacio-cram-1r-i-2n\/","title":{"rendered":"SORTIDA A LA FUNDACI\u00d3 CRAM 1R I 2N"},"content":{"rendered":"<p data-start=\"0\" data-end=\"319\"><img loading=\"lazy\" decoding=\"async\" class=\"\" src=\"https:\/\/agora.xtec.cat\/ceip-joma\/wp-content\/uploads\/usu1530\/2025\/04\/IMG_3048-scaled-e1743499646242.jpg\" width=\"301\" height=\"269\" \/><img loading=\"lazy\" decoding=\"async\" class=\"\" src=\"https:\/\/agora.xtec.cat\/ceip-joma\/wp-content\/uploads\/usu1530\/2025\/04\/IMG_3043-scaled-e1743499684706.jpg\" width=\"238\" height=\"270\" \/><\/p>\n<p class=\"\" data-start=\"0\" data-end=\"319\">El passat divendres 28 de mar\u00e7, l&#8217;alumnat de 1r i 2n vam fer una sortida molt especial a la Fundaci\u00f3 CRAM (Centre de Recuperaci\u00f3 d&#8217;Animals Marins) per continuar treballant el nostre projecte sobre el fons mar\u00ed.<\/p>\n<p data-start=\"0\" data-end=\"319\"><!--more--><\/p>\n<p class=\"\" data-start=\"0\" data-end=\"319\">Vam comen\u00e7ar el dia amb un esmorzar tranquil i una estona de relax a la platja, on vam poder gaudir de la calma i del benestar que ens transmetia l&#8217;entorn.<\/p>\n<p class=\"\" data-start=\"321\" data-end=\"751\">Despr\u00e9s, ens vam dirigir al CRAM, on vam participar en un taller molt interessant. Ens van ensenyar com ajudar un animal mar\u00ed que trobem a la platja, i vam aprendre els passos a seguir per rescatar-lo de manera correcta. En aquesta ocasi\u00f3, el taller va centrar-se en com actuar si ens trob\u00e9ssim amb un dof\u00ed, una experi\u00e8ncia que ens va convertir en veterinaris i veterin\u00e0ries i ens va ensenyar molt sobre la responsabilitat que tenim envers la fauna marina.<\/p>\n<p class=\"\" data-start=\"753\" data-end=\"1058\">A continuaci\u00f3, vam aprendre coses fascinants sobre els taurons i les tortugues marines. Fins i tot vam poder observar unes quantes tortugues marines rescatades de ben a prop. Va ser una experi\u00e8ncia educativa i emocionant que ens va permetre aprofundir molt m\u00e9s en el coneixement de la vida marina i la import\u00e0ncia de protegir-la.<\/p>\n<p class=\"\" data-start=\"1060\" data-end=\"1269\">Finalment, vam dinar en una bonica pineda, envoltats de natura, i despr\u00e9s vam comen\u00e7ar el nostre cam\u00ed de tornada a l&#8217;escola. Va ser un dia inoblidable, ple d&#8217;aprenentatge i moments especials. Ens va encantar! Podeu veure les<a href=\"https:\/\/photos.app.goo.gl\/YZZJkwudTsZ1dyem8\"> fotografies<\/a> de la sortida.<\/p>\n","protected":false},"excerpt":{"rendered":"<p>El passat divendres 28 de mar\u00e7, l&#8217;alumnat de 1r i 2n vam fer una sortida molt especial a la Fundaci\u00f3 CRAM (Centre de Recuperaci\u00f3 d&#8217;Animals Marins) per continuar treballant el nostre projecte sobre el fons mar\u00ed.<\/p>\n","protected":false},"author":34,"featured_media":5492,"comment_status":"open","ping_status":"closed","sticky":false,"template":"","format":"standard","meta":{"_bbp_topic_count":0,"_bbp_reply_count":0,"_bbp_total_topic_count":0,"_bbp_total_reply_count":0,"_bbp_voice_count":0,"_bbp_anonymous_reply_count":0,"_bbp_topic_count_hidden":0,"_bbp_reply_count_hidden":0,"_bbp_forum_subforum_count":0,"site-sidebar-layout":"default","site-content-layout":"","ast-site-content-layout":"","site-content-style":"default","site-sidebar-style":"default","ast-global-header-display":"","ast-banner-title-visibility":"","ast-main-header-display":"","ast-hfb-above-header-display":"","ast-hfb-below-header-display":"","ast-hfb-mobile-header-display":"","site-post-title":"","ast-breadcrumbs-content":"","ast-featured-img":"","footer-sml-layout":"","theme-transparent-header-meta":"","adv-header-id-meta":"","stick-header-meta":"","header-above-stick-meta":"","header-main-stick-meta":"","header-below-stick-meta":"","astra-migrate-meta-layouts":"default","ast-page-background-enabled":"default","ast-page-background-meta":{"desktop":{"background-color":"var(--ast-global-color-4)","background-image":"","background-repeat":"repeat","background-position":"center center","background-size":"auto","background-attachment":"scroll","background-type":"","background-media":"","overlay-type":"","overlay-color":"","overlay-opacity":"","overlay-gradient":""},"tablet":{"background-color":"","background-image":"","background-repeat":"repeat","background-position":"center center","background-size":"auto","background-attachment":"scroll","background-type":"","background-media":"","overlay-type":"","overlay-color":"","overlay-opacity":"","overlay-gradient":""},"mobile":{"background-color":"","background-image":"","background-repeat":"repeat","background-position":"center center","background-size":"auto","background-attachment":"scroll","background-type":"","background-media":"","overlay-type":"","overlay-color":"","overlay-opacity":"","overlay-gradient":""}},"ast-content-background-meta":{"desktop":{"background-color":"var(--ast-global-color-5)","background-image":"","background-repeat":"repeat","background-position":"center center","background-size":"auto","background-attachment":"scroll","background-type":"","background-media":"","overlay-type":"","overlay-color":"","overlay-opacity":"","overlay-gradient":""},"tablet":{"background-color":"var(--ast-global-color-5)","background-image":"","background-repeat":"repeat","background-position":"center center","background-size":"auto","background-attachment":"scroll","background-type":"","background-media":"","overlay-type":"","overlay-color":"","overlay-opacity":"","overlay-gradient":""},"mobile":{"background-color":"var(--ast-global-color-5)","background-image":"","background-repeat":"repeat","background-position":"center center","background-size":"auto","background-attachment":"scroll","background-type":"","background-media":"","overlay-type":"","overlay-color":"","overlay-opacity":"","overlay-gradient":""}},"footnotes":""},"categories":[63,1,97,4],"tags":[120,167,168],"class_list":["post-5491","post","type-post","status-publish","format-standard","has-post-thumbnail","hentry","category-activescola","category-antiga-general","category-cm-portada","category-portada","tag-comunitat-mitjans","tag-cram","tag-excursio"],"post_mailing_queue_ids":[],"_links":{"self":[{"href":"https:\/\/agora.xtec.cat\/ceip-joma\/wp-json\/wp\/v2\/posts\/5491","targetHints":{"allow":["GET"]}}],"collection":[{"href":"https:\/\/agora.xtec.cat\/ceip-joma\/wp-json\/wp\/v2\/posts"}],"about":[{"href":"https:\/\/agora.xtec.cat\/ceip-joma\/wp-json\/wp\/v2\/types\/post"}],"author":[{"embeddable":true,"href":"https:\/\/agora.xtec.cat\/ceip-joma\/wp-json\/wp\/v2\/users\/34"}],"replies":[{"embeddable":true,"href":"https:\/\/agora.xtec.cat\/ceip-joma\/wp-json\/wp\/v2\/comments?post=5491"}],"version-history":[{"count":1,"href":"https:\/\/agora.xtec.cat\/ceip-joma\/wp-json\/wp\/v2\/posts\/5491\/revisions"}],"predecessor-version":[{"id":5494,"href":"https:\/\/agora.xtec.cat\/ceip-joma\/wp-json\/wp\/v2\/posts\/5491\/revisions\/5494"}],"wp:featuredmedia":[{"embeddable":true,"href":"https:\/\/agora.xtec.cat\/ceip-joma\/wp-json\/wp\/v2\/media\/5492"}],"wp:attachment":[{"href":"https:\/\/agora.xtec.cat\/ceip-joma\/wp-json\/wp\/v2\/media?parent=5491"}],"wp:term":[{"taxonomy":"category","embeddable":true,"href":"https:\/\/agora.xtec.cat\/ceip-joma\/wp-json\/wp\/v2\/categories?post=5491"},{"taxonomy":"post_tag","embeddable":true,"href":"https:\/\/agora.xtec.cat\/ceip-joma\/wp-json\/wp\/v2\/tags?post=5491"}],"curies":[{"name":"wp","href":"https:\/\/api.w.org\/{rel}","templated":true}]}}