{"id":5473,"date":"2025-03-24T12:54:51","date_gmt":"2025-03-24T11:54:51","guid":{"rendered":"https:\/\/agora.xtec.cat\/ceip-joma\/?p=5473"},"modified":"2025-03-24T12:54:51","modified_gmt":"2025-03-24T11:54:51","slug":"projecte-florin","status":"publish","type":"post","link":"https:\/\/agora.xtec.cat\/ceip-joma\/portada\/projecte-florin\/","title":{"rendered":"PROJECTE FLOR\u00cdN"},"content":{"rendered":"<p align=\"justify\"><strong><span style=\"font-family: Arial, sans-serif;\">Projecte Flor\u00edn: Aprenentatge de l\u2019Educaci\u00f3 Financera a l\u2019Escola<\/span><\/strong><\/p>\n<p align=\"justify\"><span style=\"font-family: Arial, sans-serif;\">A l&#8217;Escola Josep Masclans de Vallbona d&#8217;Anoia, com tamb\u00e9 en altres escoles de Barcelona, Cadis, A Coru\u00f1a, \u00c0vila i Madrid, participem del Projecte Flor\u00edn, una iniciativa educativa de la Fundaci\u00f3n Ico i de la Facultat d\u2019Economia i Empresa de la Universitat de Barcelona que t\u00e9 com a objectiu fomentar l\u2019educaci\u00f3 financera entre els nens i nenes de prim\u00e0ria. Aquest projecte s&#8217;ha materialitzat a trav\u00e9s de <\/span><i><span style=\"font-family: Arial, sans-serif;\">La Maleta Viatgera<\/span><\/i><span style=\"font-family: Arial, sans-serif;\">, una proposta educativa innovadora que ha perm\u00e8s als alumnes con\u00e8ixer els conceptes b\u00e0sics de l\u2019economia de manera divertida i pr\u00e0ctica.<\/span><\/p>\n<h3 class=\"western\" align=\"justify\"><span style=\"font-family: Arial, sans-serif;\"><span style=\"font-size: medium;\">Qu\u00e8 \u00e9s La Maleta Viatgera?<\/span><\/span><\/h3>\n<p align=\"justify\"><span style=\"font-family: Arial, sans-serif;\">La Maleta Viatgera \u00e9s una maleta plena de material educatiu dissenyat per ensenyar a l\u2019alumnat els primers passos en l\u2019\u00e0mbit de les finances personals i econ\u00f2miques. Aquesta maleta viatja de classe en classe i cont\u00e9 llibres, exercicis, fitxes, monedes i bitllets que ajuden a entendre com funciona l\u2019economia d\u2019una manera senzilla i propera. Cada material est\u00e0 pensat perqu\u00e8 els alumnes puguin tocar, explorar i interactuar amb conceptes com el valor del diner, l\u2019estalvi, la compra i la venda, i fins i tot la creaci\u00f3 d\u2019un petit pressupost.<\/span><\/p>\n<h3 class=\"western\" align=\"justify\"><span style=\"font-family: Arial, sans-serif;\"><span style=\"font-size: medium;\">Un Aprenentatge Multidisciplinar<\/span><\/span><\/h3>\n<p align=\"justify\"><span style=\"font-family: Arial, sans-serif;\">A trav\u00e9s d\u2019aquest projecte, els nens i nenes de l\u2019Escola Josep Masclans, i de les altres escoles participants, han pogut descobrir conceptes econ\u00f2mics b\u00e0sics que desconeixien fins ara. Els alumnes de primer a sis\u00e8 han treballat conjuntament per resoldre exercicis que implicaven l\u2019\u00fas de monedes i bitllets, a m\u00e9s de practicar habilitats com el c\u00e0lcul de diners per realitzar petites compres, l\u2019ordenaci\u00f3 de les despeses familiars i la comprensi\u00f3 de l\u2019economia d\u2019una manera divertida i pr\u00e0ctica.<\/span><\/p>\n<h3 class=\"western\" align=\"justify\"><span style=\"font-family: Arial, sans-serif;\"><span style=\"font-size: medium;\">La Valoraci\u00f3 del Projecte<\/span><\/span><\/h3>\n<p align=\"justify\"><span style=\"font-family: Arial, sans-serif;\">Des del punt de vista pedag\u00f2gic, el Projecte Flor\u00edn ha estat tot un \u00e8xit. Els nens i nenes han gaudit molt\u00edssim de les activitats proposades i han apr\u00e8s conceptes econ\u00f2mics importants que, sovint, no es tracten fins a edats m\u00e9s avan\u00e7ades. A m\u00e9s, l\u2019educaci\u00f3 financera \u00e9s una habilitat fonamental per al futur, i el Projecte Flor\u00edn ha aconseguit transmetre-ho d\u2019una manera pr\u00e0ctica i entretinguda.<\/span><\/p>\n<p align=\"justify\"><span style=\"font-family: Arial, sans-serif;\">Els\/Les alumnes han valorat molt positivament la possibilitat d\u2019aprendre a trav\u00e9s del joc i la manipulaci\u00f3 dels materials. Aquest enfocament interactiu ha fet que els continguts quedessin millor consolidats i que l\u2019alumnat se sent\u00eds m\u00e9s implicats.<\/span><\/p>\n<p align=\"justify\"><span style=\"font-family: Arial, sans-serif;\">En definitiva el Projecte Flor\u00edn ha estat una experi\u00e8ncia enriquidora per a tots els participants. Ha ofert una oportunitat \u00fanica perqu\u00e8 els alumnes de prim\u00e0ria adquireixin coneixements financers que els ajudaran en la seva vida quotidiana. Per a l\u2019Escola Josep Masclans, aix\u00ed com per a les altres escoles participants, ha estat una manera innovadora de combinar l\u2019aprenentatge amb la diversi\u00f3, creant una base s\u00f2lida perqu\u00e8 els joves siguin m\u00e9s conscients i responsables en la gesti\u00f3 dels seus diners.<\/span><\/p>\n<p align=\"justify\"><span style=\"font-family: Arial, sans-serif;\">Aquest tipus de projectes obre la porta a noves maneres d\u2019aprendre i ens recorda la import\u00e0ncia de preparar als nostres nens i nenes per al futur de forma integral, amb coneixements pr\u00e0ctics que els ajudaran a ser adults m\u00e9s responsables i informats.<\/span><\/p>\n<p align=\"justify\">Aqu\u00ed trobareu les<a href=\"https:\/\/photos.app.goo.gl\/RD3PRPWZyXFy2Ffx9\"> FOTOGRAFIES<\/a> del Projecte.<\/p>\n","protected":false},"excerpt":{"rendered":"<p>Projecte Flor\u00edn: Aprenentatge de l\u2019Educaci\u00f3 Financera a l\u2019Escola A l&#8217;Escola Josep Masclans de Vallbona d&#8217;Anoia, com tamb\u00e9 en altres escoles de Barcelona, Cadis, A Coru\u00f1a, \u00c0vila i Madrid, participem del Projecte Flor\u00edn, una iniciativa educativa de la Fundaci\u00f3n Ico i de la Facultat d\u2019Economia i Empresa de la Universitat de Barcelona que t\u00e9 com a [&hellip;]<\/p>\n","protected":false},"author":26,"featured_media":5474,"comment_status":"open","ping_status":"closed","sticky":false,"template":"","format":"standard","meta":{"_bbp_topic_count":0,"_bbp_reply_count":0,"_bbp_total_topic_count":0,"_bbp_total_reply_count":0,"_bbp_voice_count":0,"_bbp_anonymous_reply_count":0,"_bbp_topic_count_hidden":0,"_bbp_reply_count_hidden":0,"_bbp_forum_subforum_count":0,"site-sidebar-layout":"default","site-content-layout":"","ast-site-content-layout":"","site-content-style":"default","site-sidebar-style":"default","ast-global-header-display":"","ast-banner-title-visibility":"","ast-main-header-display":"","ast-hfb-above-header-display":"","ast-hfb-below-header-display":"","ast-hfb-mobile-header-display":"","site-post-title":"","ast-breadcrumbs-content":"","ast-featured-img":"","footer-sml-layout":"","theme-transparent-header-meta":"","adv-header-id-meta":"","stick-header-meta":"","header-above-stick-meta":"","header-main-stick-meta":"","header-below-stick-meta":"","astra-migrate-meta-layouts":"default","ast-page-background-enabled":"default","ast-page-background-meta":{"desktop":{"background-color":"var(--ast-global-color-4)","background-image":"","background-repeat":"repeat","background-position":"center center","background-size":"auto","background-attachment":"scroll","background-type":"","background-media":"","overlay-type":"","overlay-color":"","overlay-opacity":"","overlay-gradient":""},"tablet":{"background-color":"","background-image":"","background-repeat":"repeat","background-position":"center center","background-size":"auto","background-attachment":"scroll","background-type":"","background-media":"","overlay-type":"","overlay-color":"","overlay-opacity":"","overlay-gradient":""},"mobile":{"background-color":"","background-image":"","background-repeat":"repeat","background-position":"center center","background-size":"auto","background-attachment":"scroll","background-type":"","background-media":"","overlay-type":"","overlay-color":"","overlay-opacity":"","overlay-gradient":""}},"ast-content-background-meta":{"desktop":{"background-color":"var(--ast-global-color-5)","background-image":"","background-repeat":"repeat","background-position":"center center","background-size":"auto","background-attachment":"scroll","background-type":"","background-media":"","overlay-type":"","overlay-color":"","overlay-opacity":"","overlay-gradient":""},"tablet":{"background-color":"var(--ast-global-color-5)","background-image":"","background-repeat":"repeat","background-position":"center center","background-size":"auto","background-attachment":"scroll","background-type":"","background-media":"","overlay-type":"","overlay-color":"","overlay-opacity":"","overlay-gradient":""},"mobile":{"background-color":"var(--ast-global-color-5)","background-image":"","background-repeat":"repeat","background-position":"center center","background-size":"auto","background-attachment":"scroll","background-type":"","background-media":"","overlay-type":"","overlay-color":"","overlay-opacity":"","overlay-gradient":""}},"footnotes":""},"categories":[98,97,4],"tags":[101,120,138,69],"class_list":["post-5473","post","type-post","status-publish","format-standard","has-post-thumbnail","hentry","category-cg","category-cm-portada","category-portada","tag-comunitat-de-grans","tag-comunitat-mitjans","tag-primaria","tag-projecte"],"post_mailing_queue_ids":[],"_links":{"self":[{"href":"https:\/\/agora.xtec.cat\/ceip-joma\/wp-json\/wp\/v2\/posts\/5473","targetHints":{"allow":["GET"]}}],"collection":[{"href":"https:\/\/agora.xtec.cat\/ceip-joma\/wp-json\/wp\/v2\/posts"}],"about":[{"href":"https:\/\/agora.xtec.cat\/ceip-joma\/wp-json\/wp\/v2\/types\/post"}],"author":[{"embeddable":true,"href":"https:\/\/agora.xtec.cat\/ceip-joma\/wp-json\/wp\/v2\/users\/26"}],"replies":[{"embeddable":true,"href":"https:\/\/agora.xtec.cat\/ceip-joma\/wp-json\/wp\/v2\/comments?post=5473"}],"version-history":[{"count":2,"href":"https:\/\/agora.xtec.cat\/ceip-joma\/wp-json\/wp\/v2\/posts\/5473\/revisions"}],"predecessor-version":[{"id":5476,"href":"https:\/\/agora.xtec.cat\/ceip-joma\/wp-json\/wp\/v2\/posts\/5473\/revisions\/5476"}],"wp:featuredmedia":[{"embeddable":true,"href":"https:\/\/agora.xtec.cat\/ceip-joma\/wp-json\/wp\/v2\/media\/5474"}],"wp:attachment":[{"href":"https:\/\/agora.xtec.cat\/ceip-joma\/wp-json\/wp\/v2\/media?parent=5473"}],"wp:term":[{"taxonomy":"category","embeddable":true,"href":"https:\/\/agora.xtec.cat\/ceip-joma\/wp-json\/wp\/v2\/categories?post=5473"},{"taxonomy":"post_tag","embeddable":true,"href":"https:\/\/agora.xtec.cat\/ceip-joma\/wp-json\/wp\/v2\/tags?post=5473"}],"curies":[{"name":"wp","href":"https:\/\/api.w.org\/{rel}","templated":true}]}}