{"id":5448,"date":"2025-02-27T17:03:53","date_gmt":"2025-02-27T16:03:53","guid":{"rendered":"https:\/\/agora.xtec.cat\/ceip-joma\/?p=5448"},"modified":"2025-06-16T19:17:59","modified_gmt":"2025-06-16T17:17:59","slug":"el-carnaval-arriba-a-la-classe-de-1r","status":"publish","type":"post","link":"https:\/\/agora.xtec.cat\/ceip-joma\/antiga-general\/el-carnaval-arriba-a-la-classe-de-1r\/","title":{"rendered":"EL CARNAVAL ARRIBA A LA CLASSE DE 1R"},"content":{"rendered":"<p data-pm-slice=\"1 1 []\"><img loading=\"lazy\" decoding=\"async\" class=\"\" src=\"https:\/\/agora.xtec.cat\/ceip-joma\/wp-content\/uploads\/usu1530\/2025\/02\/7A68D3A3-B76F-419F-80DA-65BA1007A972-1-scaled.jpg\" width=\"292\" height=\"390\" \/><\/p>\n<p>Aquesta setmana hem estat immersos en la m\u00e0gia del Carnaval amb un munt d\u2019activitats divertides i educatives. Hem treballat aquesta festa tan especial des de diferents \u00e0rees, combinant l\u2019aprenentatge amb la creativitat i la diversi\u00f3.<\/p>\n<p><!--more--><\/p>\n<p>Hem fet descripcions de disfresses, hem inventat hist\u00f2ries de Carnaval, apr\u00e8s rimes i rodolins, diferents passatemps, creaci\u00f3 de disfresses a trav\u00e9s del dibuix&#8230; Tamb\u00e9 hem gaudit d&#8217;un joc de pistes i de resoldre diverses missions per tal de recuperar les disfresses perdudes pel pati de l&#8217;escola. El \u00a0treball en equip i la diversi\u00f3 han estat protagonistes d\u2019aquesta activitat!<\/p>\n<p>I, per descomptat, no podien faltar les disfresses! Hem posat tota la nostra creativitat en la confecci\u00f3 de les nostres pr\u00f2pies disfresses, treballant amb diferents materials i t\u00e8cniques per aconseguir uns resultats espectaculars.<\/p>\n<p>El Carnaval ens ha perm\u00e8s aprendre de manera l\u00fadica i compartir moments especials junts. Ja esperem amb il\u00b7lusi\u00f3 el Carnaval de l\u2019any vinent! Us compartim diverses <a href=\"https:\/\/photos.app.goo.gl\/qFZi4ogFrcKbyZxv9\">fotografies<\/a> d&#8217;aquests dies.<\/p>\n<p>&nbsp;<\/p>\n","protected":false},"excerpt":{"rendered":"<p>Aquesta setmana hem estat immersos en la m\u00e0gia del Carnaval amb un munt d\u2019activitats divertides i educatives. Hem treballat aquesta festa tan especial des de diferents \u00e0rees, combinant l\u2019aprenentatge amb la creativitat i la diversi\u00f3.<\/p>\n","protected":false},"author":34,"featured_media":5449,"comment_status":"open","ping_status":"closed","sticky":false,"template":"","format":"standard","meta":{"_bbp_topic_count":0,"_bbp_reply_count":0,"_bbp_total_topic_count":0,"_bbp_total_reply_count":0,"_bbp_voice_count":0,"_bbp_anonymous_reply_count":0,"_bbp_topic_count_hidden":0,"_bbp_reply_count_hidden":0,"_bbp_forum_subforum_count":0,"site-sidebar-layout":"default","site-content-layout":"","ast-site-content-layout":"","site-content-style":"default","site-sidebar-style":"default","ast-global-header-display":"","ast-banner-title-visibility":"","ast-main-header-display":"","ast-hfb-above-header-display":"","ast-hfb-below-header-display":"","ast-hfb-mobile-header-display":"","site-post-title":"","ast-breadcrumbs-content":"","ast-featured-img":"","footer-sml-layout":"","theme-transparent-header-meta":"","adv-header-id-meta":"","stick-header-meta":"","header-above-stick-meta":"","header-main-stick-meta":"","header-below-stick-meta":"","astra-migrate-meta-layouts":"default","ast-page-background-enabled":"default","ast-page-background-meta":{"desktop":{"background-color":"var(--ast-global-color-4)","background-image":"","background-repeat":"repeat","background-position":"center center","background-size":"auto","background-attachment":"scroll","background-type":"","background-media":"","overlay-type":"","overlay-color":"","overlay-opacity":"","overlay-gradient":""},"tablet":{"background-color":"","background-image":"","background-repeat":"repeat","background-position":"center center","background-size":"auto","background-attachment":"scroll","background-type":"","background-media":"","overlay-type":"","overlay-color":"","overlay-opacity":"","overlay-gradient":""},"mobile":{"background-color":"","background-image":"","background-repeat":"repeat","background-position":"center center","background-size":"auto","background-attachment":"scroll","background-type":"","background-media":"","overlay-type":"","overlay-color":"","overlay-opacity":"","overlay-gradient":""}},"ast-content-background-meta":{"desktop":{"background-color":"var(--ast-global-color-5)","background-image":"","background-repeat":"repeat","background-position":"center center","background-size":"auto","background-attachment":"scroll","background-type":"","background-media":"","overlay-type":"","overlay-color":"","overlay-opacity":"","overlay-gradient":""},"tablet":{"background-color":"var(--ast-global-color-5)","background-image":"","background-repeat":"repeat","background-position":"center center","background-size":"auto","background-attachment":"scroll","background-type":"","background-media":"","overlay-type":"","overlay-color":"","overlay-opacity":"","overlay-gradient":""},"mobile":{"background-color":"var(--ast-global-color-5)","background-image":"","background-repeat":"repeat","background-position":"center center","background-size":"auto","background-attachment":"scroll","background-type":"","background-media":"","overlay-type":"","overlay-color":"","overlay-opacity":"","overlay-gradient":""}},"footnotes":""},"categories":[63,1,97,4],"tags":[165,120],"class_list":["post-5448","post","type-post","status-publish","format-standard","has-post-thumbnail","hentry","category-activescola","category-antiga-general","category-cm-portada","category-portada","tag-carnaval","tag-comunitat-mitjans"],"post_mailing_queue_ids":[],"_links":{"self":[{"href":"https:\/\/agora.xtec.cat\/ceip-joma\/wp-json\/wp\/v2\/posts\/5448","targetHints":{"allow":["GET"]}}],"collection":[{"href":"https:\/\/agora.xtec.cat\/ceip-joma\/wp-json\/wp\/v2\/posts"}],"about":[{"href":"https:\/\/agora.xtec.cat\/ceip-joma\/wp-json\/wp\/v2\/types\/post"}],"author":[{"embeddable":true,"href":"https:\/\/agora.xtec.cat\/ceip-joma\/wp-json\/wp\/v2\/users\/34"}],"replies":[{"embeddable":true,"href":"https:\/\/agora.xtec.cat\/ceip-joma\/wp-json\/wp\/v2\/comments?post=5448"}],"version-history":[{"count":2,"href":"https:\/\/agora.xtec.cat\/ceip-joma\/wp-json\/wp\/v2\/posts\/5448\/revisions"}],"predecessor-version":[{"id":5452,"href":"https:\/\/agora.xtec.cat\/ceip-joma\/wp-json\/wp\/v2\/posts\/5448\/revisions\/5452"}],"wp:featuredmedia":[{"embeddable":true,"href":"https:\/\/agora.xtec.cat\/ceip-joma\/wp-json\/wp\/v2\/media\/5449"}],"wp:attachment":[{"href":"https:\/\/agora.xtec.cat\/ceip-joma\/wp-json\/wp\/v2\/media?parent=5448"}],"wp:term":[{"taxonomy":"category","embeddable":true,"href":"https:\/\/agora.xtec.cat\/ceip-joma\/wp-json\/wp\/v2\/categories?post=5448"},{"taxonomy":"post_tag","embeddable":true,"href":"https:\/\/agora.xtec.cat\/ceip-joma\/wp-json\/wp\/v2\/tags?post=5448"}],"curies":[{"name":"wp","href":"https:\/\/api.w.org\/{rel}","templated":true}]}}