{"id":5442,"date":"2025-02-27T14:04:52","date_gmt":"2025-02-27T13:04:52","guid":{"rendered":"https:\/\/agora.xtec.cat\/ceip-joma\/?p=5442"},"modified":"2025-06-16T19:18:05","modified_gmt":"2025-06-16T17:18:05","slug":"dijous-llarder","status":"publish","type":"post","link":"https:\/\/agora.xtec.cat\/ceip-joma\/antiga-general\/dijous-llarder\/","title":{"rendered":"DIJOUS LLARDER"},"content":{"rendered":"<p data-start=\"29\" data-end=\"74\"><img loading=\"lazy\" decoding=\"async\" class=\"alignnone\" src=\"https:\/\/agora.xtec.cat\/ceip-joma\/wp-admin\/admin-ajax.php?action=imgedit-preview&amp;_ajax_nonce=8acb5213d3&amp;postid=5443&amp;rand=82794\" alt=\"\" width=\"444\" height=\"333\" \/><\/p>\n<p data-start=\"76\" data-end=\"280\">Aquest dijous hem celebrat una de les tradicions m\u00e9s esperades: El <strong data-start=\"162\" data-end=\"181\">Dijous Llarder!<\/strong><\/p>\n<p data-start=\"76\" data-end=\"280\"><!--more--><\/p>\n<p data-start=\"282\" data-end=\"608\">La comunitat dels petits han comen\u00e7ant amb una activitat molt especial: han fet una llista de la compra i han anat a buscar al supermercat els ingredients t\u00edpics de la diada: la botifarra d&#8217;ou amb pa, oli i tom\u00e0quet. Un cop a l\u2019escola, han compartit un esmorzar conjunt i han gaudit de jocs exteriors al pati.<\/p>\n<p data-start=\"610\" data-end=\"779\">Els alumnes de la comunitat de mitjans han celebrat dijous Llarder fent una passejada fins al Carol, on han pogut gaudir del tradicional esmorzar t\u00edpic plegats i jugar envoltats de la natura.<\/p>\n<p data-start=\"781\" data-end=\"976\">Finalment, els m\u00e9s grans de l\u2019escola, els alumnes de 3r, 4t, 5\u00e8 i 6\u00e8, han viscut la festa al parc del Patufet, on tamb\u00e9 han esmorzat i han gaudit d\u2019una bona estona de joc i companyia.<\/p>\n<p data-start=\"978\" data-end=\"1112\" data-is-only-node=\"\">Ha estat un Dijous Llarder fant\u00e0stic, on tots hem pogut compartir una jornada plena de tradici\u00f3, conviv\u00e8ncia, bon menjar i molta alegria! Us deixem unes <a href=\"https:\/\/photos.app.goo.gl\/tAmR6Q7V7APxYaue7\">fotografies<\/a> d&#8217;aquest dia.<\/p>\n","protected":false},"excerpt":{"rendered":"<p>Aquest dijous hem celebrat una de les tradicions m\u00e9s esperades: El Dijous Llarder!<\/p>\n","protected":false},"author":34,"featured_media":5443,"comment_status":"open","ping_status":"closed","sticky":false,"template":"","format":"standard","meta":{"_bbp_topic_count":0,"_bbp_reply_count":0,"_bbp_total_topic_count":0,"_bbp_total_reply_count":0,"_bbp_voice_count":0,"_bbp_anonymous_reply_count":0,"_bbp_topic_count_hidden":0,"_bbp_reply_count_hidden":0,"_bbp_forum_subforum_count":0,"site-sidebar-layout":"default","site-content-layout":"","ast-site-content-layout":"","site-content-style":"default","site-sidebar-style":"default","ast-global-header-display":"","ast-banner-title-visibility":"","ast-main-header-display":"","ast-hfb-above-header-display":"","ast-hfb-below-header-display":"","ast-hfb-mobile-header-display":"","site-post-title":"","ast-breadcrumbs-content":"","ast-featured-img":"","footer-sml-layout":"","theme-transparent-header-meta":"","adv-header-id-meta":"","stick-header-meta":"","header-above-stick-meta":"","header-main-stick-meta":"","header-below-stick-meta":"","astra-migrate-meta-layouts":"default","ast-page-background-enabled":"default","ast-page-background-meta":{"desktop":{"background-color":"var(--ast-global-color-4)","background-image":"","background-repeat":"repeat","background-position":"center center","background-size":"auto","background-attachment":"scroll","background-type":"","background-media":"","overlay-type":"","overlay-color":"","overlay-opacity":"","overlay-gradient":""},"tablet":{"background-color":"","background-image":"","background-repeat":"repeat","background-position":"center center","background-size":"auto","background-attachment":"scroll","background-type":"","background-media":"","overlay-type":"","overlay-color":"","overlay-opacity":"","overlay-gradient":""},"mobile":{"background-color":"","background-image":"","background-repeat":"repeat","background-position":"center center","background-size":"auto","background-attachment":"scroll","background-type":"","background-media":"","overlay-type":"","overlay-color":"","overlay-opacity":"","overlay-gradient":""}},"ast-content-background-meta":{"desktop":{"background-color":"var(--ast-global-color-5)","background-image":"","background-repeat":"repeat","background-position":"center center","background-size":"auto","background-attachment":"scroll","background-type":"","background-media":"","overlay-type":"","overlay-color":"","overlay-opacity":"","overlay-gradient":""},"tablet":{"background-color":"var(--ast-global-color-5)","background-image":"","background-repeat":"repeat","background-position":"center center","background-size":"auto","background-attachment":"scroll","background-type":"","background-media":"","overlay-type":"","overlay-color":"","overlay-opacity":"","overlay-gradient":""},"mobile":{"background-color":"var(--ast-global-color-5)","background-image":"","background-repeat":"repeat","background-position":"center center","background-size":"auto","background-attachment":"scroll","background-type":"","background-media":"","overlay-type":"","overlay-color":"","overlay-opacity":"","overlay-gradient":""}},"footnotes":""},"categories":[63,1,98,97,4],"tags":[165,164],"class_list":["post-5442","post","type-post","status-publish","format-standard","has-post-thumbnail","hentry","category-activescola","category-antiga-general","category-cg","category-cm-portada","category-portada","tag-carnaval","tag-dijousllarder"],"post_mailing_queue_ids":[],"_links":{"self":[{"href":"https:\/\/agora.xtec.cat\/ceip-joma\/wp-json\/wp\/v2\/posts\/5442","targetHints":{"allow":["GET"]}}],"collection":[{"href":"https:\/\/agora.xtec.cat\/ceip-joma\/wp-json\/wp\/v2\/posts"}],"about":[{"href":"https:\/\/agora.xtec.cat\/ceip-joma\/wp-json\/wp\/v2\/types\/post"}],"author":[{"embeddable":true,"href":"https:\/\/agora.xtec.cat\/ceip-joma\/wp-json\/wp\/v2\/users\/34"}],"replies":[{"embeddable":true,"href":"https:\/\/agora.xtec.cat\/ceip-joma\/wp-json\/wp\/v2\/comments?post=5442"}],"version-history":[{"count":5,"href":"https:\/\/agora.xtec.cat\/ceip-joma\/wp-json\/wp\/v2\/posts\/5442\/revisions"}],"predecessor-version":[{"id":5451,"href":"https:\/\/agora.xtec.cat\/ceip-joma\/wp-json\/wp\/v2\/posts\/5442\/revisions\/5451"}],"wp:featuredmedia":[{"embeddable":true,"href":"https:\/\/agora.xtec.cat\/ceip-joma\/wp-json\/wp\/v2\/media\/5443"}],"wp:attachment":[{"href":"https:\/\/agora.xtec.cat\/ceip-joma\/wp-json\/wp\/v2\/media?parent=5442"}],"wp:term":[{"taxonomy":"category","embeddable":true,"href":"https:\/\/agora.xtec.cat\/ceip-joma\/wp-json\/wp\/v2\/categories?post=5442"},{"taxonomy":"post_tag","embeddable":true,"href":"https:\/\/agora.xtec.cat\/ceip-joma\/wp-json\/wp\/v2\/tags?post=5442"}],"curies":[{"name":"wp","href":"https:\/\/api.w.org\/{rel}","templated":true}]}}