{"id":5377,"date":"2025-02-03T12:20:49","date_gmt":"2025-02-03T11:20:49","guid":{"rendered":"https:\/\/agora.xtec.cat\/ceip-joma\/?p=5377"},"modified":"2025-02-03T12:23:17","modified_gmt":"2025-02-03T11:23:17","slug":"projecte-del-cinema-de-la-comunitat-de-mitjans-i-mitjanes","status":"publish","type":"post","link":"https:\/\/agora.xtec.cat\/ceip-joma\/antiga-general\/projecte-del-cinema-de-la-comunitat-de-mitjans-i-mitjanes\/","title":{"rendered":"PROJECTE DEL CINEMA DE LA COMUNITAT DE MITJANS I MITJANES"},"content":{"rendered":"<p><img decoding=\"async\" src=\"https:\/\/agora.xtec.cat\/ceip-joma\/wp-content\/uploads\/usu1530\/2025\/02\/IMG_1446-scaled-e1738581567536.jpg\" \/><\/p>\n<p style=\"font-weight: 400;\">Durant els primers mesos de curs, l&#8217;alumnat de 1r i 2n hem participat en un projecte emocionant: el Projecte del Cinema. Aquesta experi\u00e8ncia ha estat una oportunitat per treballar diverses compet\u00e8ncies clau, tot fomentant la creativitat, la col\u00b7laboraci\u00f3, l&#8217;expressi\u00f3 oral i el pensament cr\u00edtic.<\/p>\n<p><!--more--><\/p>\n<p style=\"font-weight: 400;\">Han descobert la hist\u00f2ria del cinema i la figura de Charles Chaplin, referent de l&#8217;humor i l&#8217;expressi\u00f3 visual, reflexionant sobre la import\u00e0ncia de l\u2019expressi\u00f3 oral i no verbal per transmetre emocions.<\/p>\n<p style=\"font-weight: 400;\">Han explorat diversos g\u00e8neres cinematogr\u00e0fics: com\u00e8dia, acci\u00f3, aventura, ci\u00e8ncia-ficci\u00f3, entre d&#8217;altres. Han descobert i comparat les pel\u00b7l\u00edcules antigues amb les que podem veure a l&#8217;actualitat. Tamb\u00e9 han analitzat una cartellera, potenciant la comprensi\u00f3 lectora i l\u2019expressi\u00f3 escrita i han resolt problemes matem\u00e0tics reals, com el c\u00e0lcul d\u2019entrades venudes o d&#8217;organitzaci\u00f3 d\u2019horaris de projecci\u00f3.<\/p>\n<p style=\"font-weight: 400;\">El repte final ha estat crear una pel\u00b7l\u00edcula en grups cooperatius, on els alumnes han assumit rols diversos (guionistes, actors i actrius, responsables de vestuari i accessoris\u2026), fomentant el treball en equip i el llenguatge verbal i no verbal. Per acabar, vam fer una tarda de cinema tots junts per visualitzar les pel\u00b7l\u00edcules.<\/p>\n<p style=\"font-weight: 400;\">Ha estat una experi\u00e8ncia enriquidora que ha combinat aprenentatges acad\u00e8mics amb habilitats socials i creatives, presa de decisions i responsabilitats compartides.<\/p>\n<p style=\"font-weight: 400;\">Estem molt orgulloses del treball realitzat. Us compartim amb vosaltres el resultat final d&#8217;aquesta aventura cinematogr\u00e0fica, on es pot veure tot el seu esfor\u00e7 i entusiasme! Podeu veure les <a href=\"https:\/\/photos.app.goo.gl\/BLQ2TFrPDrLta1KN6\">fotografies<\/a> i els <a href=\"https:\/\/photos.app.goo.gl\/q2DigJpcPWB245QKA\">v\u00eddeos de les pel\u00b7l\u00edcules.<\/a><\/p>\n","protected":false},"excerpt":{"rendered":"<p>Durant els primers mesos de curs, l&#8217;alumnat de 1r i 2n hem participat en un projecte emocionant: el Projecte del Cinema. Aquesta experi\u00e8ncia ha estat una oportunitat per treballar diverses compet\u00e8ncies clau, tot fomentant la creativitat, la col\u00b7laboraci\u00f3, l&#8217;expressi\u00f3 oral i el pensament cr\u00edtic.<\/p>\n","protected":false},"author":34,"featured_media":5378,"comment_status":"open","ping_status":"closed","sticky":false,"template":"","format":"standard","meta":{"_bbp_topic_count":0,"_bbp_reply_count":0,"_bbp_total_topic_count":0,"_bbp_total_reply_count":0,"_bbp_voice_count":0,"_bbp_anonymous_reply_count":0,"_bbp_topic_count_hidden":0,"_bbp_reply_count_hidden":0,"_bbp_forum_subforum_count":0,"site-sidebar-layout":"default","site-content-layout":"","ast-site-content-layout":"","site-content-style":"default","site-sidebar-style":"default","ast-global-header-display":"","ast-banner-title-visibility":"","ast-main-header-display":"","ast-hfb-above-header-display":"","ast-hfb-below-header-display":"","ast-hfb-mobile-header-display":"","site-post-title":"","ast-breadcrumbs-content":"","ast-featured-img":"","footer-sml-layout":"","theme-transparent-header-meta":"","adv-header-id-meta":"","stick-header-meta":"","header-above-stick-meta":"","header-main-stick-meta":"","header-below-stick-meta":"","astra-migrate-meta-layouts":"default","ast-page-background-enabled":"default","ast-page-background-meta":{"desktop":{"background-color":"var(--ast-global-color-4)","background-image":"","background-repeat":"repeat","background-position":"center center","background-size":"auto","background-attachment":"scroll","background-type":"","background-media":"","overlay-type":"","overlay-color":"","overlay-opacity":"","overlay-gradient":""},"tablet":{"background-color":"","background-image":"","background-repeat":"repeat","background-position":"center center","background-size":"auto","background-attachment":"scroll","background-type":"","background-media":"","overlay-type":"","overlay-color":"","overlay-opacity":"","overlay-gradient":""},"mobile":{"background-color":"","background-image":"","background-repeat":"repeat","background-position":"center center","background-size":"auto","background-attachment":"scroll","background-type":"","background-media":"","overlay-type":"","overlay-color":"","overlay-opacity":"","overlay-gradient":""}},"ast-content-background-meta":{"desktop":{"background-color":"var(--ast-global-color-5)","background-image":"","background-repeat":"repeat","background-position":"center center","background-size":"auto","background-attachment":"scroll","background-type":"","background-media":"","overlay-type":"","overlay-color":"","overlay-opacity":"","overlay-gradient":""},"tablet":{"background-color":"var(--ast-global-color-5)","background-image":"","background-repeat":"repeat","background-position":"center center","background-size":"auto","background-attachment":"scroll","background-type":"","background-media":"","overlay-type":"","overlay-color":"","overlay-opacity":"","overlay-gradient":""},"mobile":{"background-color":"var(--ast-global-color-5)","background-image":"","background-repeat":"repeat","background-position":"center center","background-size":"auto","background-attachment":"scroll","background-type":"","background-media":"","overlay-type":"","overlay-color":"","overlay-opacity":"","overlay-gradient":""}},"footnotes":""},"categories":[1,97,4],"tags":[162,120,69],"class_list":["post-5377","post","type-post","status-publish","format-standard","has-post-thumbnail","hentry","category-antiga-general","category-cm-portada","category-portada","tag-cinema","tag-comunitat-mitjans","tag-projecte"],"post_mailing_queue_ids":[],"_links":{"self":[{"href":"https:\/\/agora.xtec.cat\/ceip-joma\/wp-json\/wp\/v2\/posts\/5377","targetHints":{"allow":["GET"]}}],"collection":[{"href":"https:\/\/agora.xtec.cat\/ceip-joma\/wp-json\/wp\/v2\/posts"}],"about":[{"href":"https:\/\/agora.xtec.cat\/ceip-joma\/wp-json\/wp\/v2\/types\/post"}],"author":[{"embeddable":true,"href":"https:\/\/agora.xtec.cat\/ceip-joma\/wp-json\/wp\/v2\/users\/34"}],"replies":[{"embeddable":true,"href":"https:\/\/agora.xtec.cat\/ceip-joma\/wp-json\/wp\/v2\/comments?post=5377"}],"version-history":[{"count":6,"href":"https:\/\/agora.xtec.cat\/ceip-joma\/wp-json\/wp\/v2\/posts\/5377\/revisions"}],"predecessor-version":[{"id":5384,"href":"https:\/\/agora.xtec.cat\/ceip-joma\/wp-json\/wp\/v2\/posts\/5377\/revisions\/5384"}],"wp:featuredmedia":[{"embeddable":true,"href":"https:\/\/agora.xtec.cat\/ceip-joma\/wp-json\/wp\/v2\/media\/5378"}],"wp:attachment":[{"href":"https:\/\/agora.xtec.cat\/ceip-joma\/wp-json\/wp\/v2\/media?parent=5377"}],"wp:term":[{"taxonomy":"category","embeddable":true,"href":"https:\/\/agora.xtec.cat\/ceip-joma\/wp-json\/wp\/v2\/categories?post=5377"},{"taxonomy":"post_tag","embeddable":true,"href":"https:\/\/agora.xtec.cat\/ceip-joma\/wp-json\/wp\/v2\/tags?post=5377"}],"curies":[{"name":"wp","href":"https:\/\/api.w.org\/{rel}","templated":true}]}}