{"id":5359,"date":"2025-01-21T12:07:21","date_gmt":"2025-01-21T11:07:21","guid":{"rendered":"https:\/\/agora.xtec.cat\/ceip-joma\/?p=5359"},"modified":"2025-01-21T12:07:21","modified_gmt":"2025-01-21T11:07:21","slug":"campanya-apilo-xii","status":"publish","type":"post","link":"https:\/\/agora.xtec.cat\/ceip-joma\/portada\/campanya-apilo-xii\/","title":{"rendered":"CAMPANYA APILO XII"},"content":{"rendered":"<p>Ens complau informar-vos que, un any m\u00e9s, la nostra escola participa en la campanya\u00a0<strong>Apilo XII<\/strong>, que promou la recollida selectiva de piles i bateries gastades per protegir el medi ambient i fomentar el reciclatge.<\/p>\n<p>La normativa europea i estatal estableix que cal recollir almenys un\u00a0<strong>50% de les piles port\u00e0tils<\/strong>\u00a0que es posen al mercat, i gr\u00e0cies a iniciatives com aquesta, a Catalunya s\u2019ha superat aquest objectiu amb escreix. Durant les 10 edicions del concurs Apilo, s\u2019ha passat de recollir\u00a0<strong>904 tones l\u2019any 2015<\/strong>\u00a0a\u00a0<strong>1.480 tones l\u2019any 2022<\/strong>, assolint un \u00edndex de recollida del\u00a0<strong>64%<\/strong>.<\/p>\n<p><strong>Com funciona al nostre centre?<\/strong><\/p>\n<ul>\n<li>Disposem d\u2019un\u00a0<strong>contenidor gran<\/strong> al vest\u00edbul per dipositar-hi les piles i bateries gastades.<\/li>\n<\/ul>\n<p><strong>Per qu\u00e8 \u00e9s important reciclar piles i bateries?<\/strong><\/p>\n<p>Estem envoltats d\u2019aparells que utilitzen piles, com rellotges, m\u00f2bils, comandaments a dist\u00e0ncia o joguines. Quan estan esgotades, aquestes piles contenen subst\u00e0ncies qu\u00edmiques que poden perjudicar el medi ambient si no es gestionen correctament. Reciclar-les no nom\u00e9s ajuda a protegir la natura, sin\u00f3 que tamb\u00e9 permet estalviar recursos valuosos.<\/p>\n<p><strong>Com podeu ajudar?<\/strong><\/p>\n<p>Us animem a recollir les piles gastades de casa i portar-les a l\u2019escola per dipositar-les als contenidors habilitats. Amb el vostre suport, podem contribuir a fer cr\u00e9ixer el\u00a0<strong>Planeta Reciclatge<\/strong>\u00a0i aconseguir un futur m\u00e9s sostenible per a tothom.<\/p>\n<p>Moltes gr\u00e0cies per la vostra col\u00b7laboraci\u00f3!<\/p>\n","protected":false},"excerpt":{"rendered":"<p>Ens complau informar-vos que, un any m\u00e9s, la nostra escola participa en la campanya\u00a0Apilo XII, que promou la recollida selectiva de piles i bateries gastades per protegir el medi ambient i fomentar el reciclatge. La normativa europea i estatal estableix que cal recollir almenys un\u00a050% de les piles port\u00e0tils\u00a0que es posen al mercat, i gr\u00e0cies [&hellip;]<\/p>\n","protected":false},"author":8,"featured_media":5360,"comment_status":"open","ping_status":"closed","sticky":false,"template":"","format":"standard","meta":{"_bbp_topic_count":0,"_bbp_reply_count":0,"_bbp_total_topic_count":0,"_bbp_total_reply_count":0,"_bbp_voice_count":0,"_bbp_anonymous_reply_count":0,"_bbp_topic_count_hidden":0,"_bbp_reply_count_hidden":0,"_bbp_forum_subforum_count":0,"site-sidebar-layout":"default","site-content-layout":"","ast-site-content-layout":"","site-content-style":"default","site-sidebar-style":"default","ast-global-header-display":"","ast-banner-title-visibility":"","ast-main-header-display":"","ast-hfb-above-header-display":"","ast-hfb-below-header-display":"","ast-hfb-mobile-header-display":"","site-post-title":"","ast-breadcrumbs-content":"","ast-featured-img":"","footer-sml-layout":"","theme-transparent-header-meta":"","adv-header-id-meta":"","stick-header-meta":"","header-above-stick-meta":"","header-main-stick-meta":"","header-below-stick-meta":"","astra-migrate-meta-layouts":"default","ast-page-background-enabled":"default","ast-page-background-meta":{"desktop":{"background-color":"var(--ast-global-color-4)","background-image":"","background-repeat":"repeat","background-position":"center center","background-size":"auto","background-attachment":"scroll","background-type":"","background-media":"","overlay-type":"","overlay-color":"","overlay-opacity":"","overlay-gradient":""},"tablet":{"background-color":"","background-image":"","background-repeat":"repeat","background-position":"center center","background-size":"auto","background-attachment":"scroll","background-type":"","background-media":"","overlay-type":"","overlay-color":"","overlay-opacity":"","overlay-gradient":""},"mobile":{"background-color":"","background-image":"","background-repeat":"repeat","background-position":"center center","background-size":"auto","background-attachment":"scroll","background-type":"","background-media":"","overlay-type":"","overlay-color":"","overlay-opacity":"","overlay-gradient":""}},"ast-content-background-meta":{"desktop":{"background-color":"var(--ast-global-color-5)","background-image":"","background-repeat":"repeat","background-position":"center center","background-size":"auto","background-attachment":"scroll","background-type":"","background-media":"","overlay-type":"","overlay-color":"","overlay-opacity":"","overlay-gradient":""},"tablet":{"background-color":"var(--ast-global-color-5)","background-image":"","background-repeat":"repeat","background-position":"center center","background-size":"auto","background-attachment":"scroll","background-type":"","background-media":"","overlay-type":"","overlay-color":"","overlay-opacity":"","overlay-gradient":""},"mobile":{"background-color":"var(--ast-global-color-5)","background-image":"","background-repeat":"repeat","background-position":"center center","background-size":"auto","background-attachment":"scroll","background-type":"","background-media":"","overlay-type":"","overlay-color":"","overlay-opacity":"","overlay-gradient":""}},"footnotes":""},"categories":[63,98,97,4],"tags":[],"class_list":["post-5359","post","type-post","status-publish","format-standard","has-post-thumbnail","hentry","category-activescola","category-cg","category-cm-portada","category-portada"],"post_mailing_queue_ids":[],"_links":{"self":[{"href":"https:\/\/agora.xtec.cat\/ceip-joma\/wp-json\/wp\/v2\/posts\/5359","targetHints":{"allow":["GET"]}}],"collection":[{"href":"https:\/\/agora.xtec.cat\/ceip-joma\/wp-json\/wp\/v2\/posts"}],"about":[{"href":"https:\/\/agora.xtec.cat\/ceip-joma\/wp-json\/wp\/v2\/types\/post"}],"author":[{"embeddable":true,"href":"https:\/\/agora.xtec.cat\/ceip-joma\/wp-json\/wp\/v2\/users\/8"}],"replies":[{"embeddable":true,"href":"https:\/\/agora.xtec.cat\/ceip-joma\/wp-json\/wp\/v2\/comments?post=5359"}],"version-history":[{"count":1,"href":"https:\/\/agora.xtec.cat\/ceip-joma\/wp-json\/wp\/v2\/posts\/5359\/revisions"}],"predecessor-version":[{"id":5361,"href":"https:\/\/agora.xtec.cat\/ceip-joma\/wp-json\/wp\/v2\/posts\/5359\/revisions\/5361"}],"wp:featuredmedia":[{"embeddable":true,"href":"https:\/\/agora.xtec.cat\/ceip-joma\/wp-json\/wp\/v2\/media\/5360"}],"wp:attachment":[{"href":"https:\/\/agora.xtec.cat\/ceip-joma\/wp-json\/wp\/v2\/media?parent=5359"}],"wp:term":[{"taxonomy":"category","embeddable":true,"href":"https:\/\/agora.xtec.cat\/ceip-joma\/wp-json\/wp\/v2\/categories?post=5359"},{"taxonomy":"post_tag","embeddable":true,"href":"https:\/\/agora.xtec.cat\/ceip-joma\/wp-json\/wp\/v2\/tags?post=5359"}],"curies":[{"name":"wp","href":"https:\/\/api.w.org\/{rel}","templated":true}]}}