{"id":5313,"date":"2024-12-21T13:45:27","date_gmt":"2024-12-21T12:45:27","guid":{"rendered":"https:\/\/agora.xtec.cat\/ceip-joma\/?p=5313"},"modified":"2024-12-21T13:46:13","modified_gmt":"2024-12-21T12:46:13","slug":"activitats-de-nadal-a-lescola","status":"publish","type":"post","link":"https:\/\/agora.xtec.cat\/ceip-joma\/portada\/activitats-de-nadal-a-lescola\/","title":{"rendered":"ACTIVITATS DE NADAL A L&#8217;ESCOLA"},"content":{"rendered":"<p><a href=\"https:\/\/agora.xtec.cat\/ceip-joma\/wp-content\/uploads\/usu1530\/2024\/12\/tio-de-nadal.jpeg\"><img loading=\"lazy\" decoding=\"async\" class=\"aligncenter size-full wp-image-5340\" src=\"https:\/\/agora.xtec.cat\/ceip-joma\/wp-content\/uploads\/usu1530\/2024\/12\/tio-de-nadal.jpeg\" alt=\"\" width=\"454\" height=\"302\" srcset=\"https:\/\/agora.xtec.cat\/ceip-joma\/wp-content\/uploads\/usu1530\/2024\/12\/tio-de-nadal.jpeg 454w, https:\/\/agora.xtec.cat\/ceip-joma\/wp-content\/uploads\/usu1530\/2024\/12\/tio-de-nadal-300x200.jpeg 300w\" sizes=\"auto, (max-width: 454px) 100vw, 454px\" \/><\/a><\/p>\n<p><span style=\"color: #000000;\">El dimecres 4 de desembre a la tarda, la Comunitat de Petits\/es i Mitjans\/es, vam realitzar una sortida per l\u2019entorn. Tot passejant vam arribar a un petit bosquet que tenim ben a prop de l\u2019escola i vam decidir buscar a veure, si ara que s\u2019apropaven les festes, trob\u00e0vem els tions. I&#8230; SOPRESA!!! Els vam trobar ben amagats entre les herbes. Aqu\u00ed us deixem unes <a href=\"https:\/\/photos.app.goo.gl\/YNWRtUpqf9xazZVA9\">fotografies<\/a>.<\/span><\/p>\n<p><span style=\"color: #000000;\">Al llarg de tots aquests dies els hem anat alimentant i cuidant esperant amb il\u00b7lusi\u00f3 que arrib\u00e9s el dia de fer cagar el Ti\u00f3.<\/span><\/p>\n<p><span style=\"color: #000000;\">A m\u00e9s de cagar-nos un detallet per cadasc\u00fa tamb\u00e9 ens van cagar torrons i neules amb les quals vam fer un pica-pica per acomiadar aquest primer trimestre.<\/span><\/p>\n<p>A la comunitat de grans, el dijous 19, per acomiadar el trimestre vam convertir la classe en una sala de cinema per a veure una pel\u00b7l\u00edcula de Nadal i&#8230; fins i tot vam menjar crispetes!!!<\/p>\n<p>Tamb\u00e9, vam celebrar l&#8217;amic invisible on cada nen\/a va elaborar una petita manualitat per a regalar al seu company\/a. Un cop intercanviats els regals, vam fer un pica-pica per gaudir d&#8217;una agradable estona plegats amb m\u00fasica i rialles.<\/p>\n<p>Aqu\u00ed us deixem unes <a href=\"https:\/\/photos.app.goo.gl\/yWfuCxh6zCVNidZD7\">fotografies<\/a>.<\/p>\n","protected":false},"excerpt":{"rendered":"<p>El dimecres 4 de desembre a la tarda, la Comunitat de Petits\/es i Mitjans\/es, vam realitzar una sortida per l\u2019entorn. Tot passejant vam arribar a un petit bosquet que tenim ben a prop de l\u2019escola i vam decidir buscar a veure, si ara que s\u2019apropaven les festes, trob\u00e0vem els tions. I&#8230; SOPRESA!!! Els vam trobar [&hellip;]<\/p>\n","protected":false},"author":33,"featured_media":5340,"comment_status":"open","ping_status":"closed","sticky":false,"template":"","format":"standard","meta":{"_bbp_topic_count":0,"_bbp_reply_count":0,"_bbp_total_topic_count":0,"_bbp_total_reply_count":0,"_bbp_voice_count":0,"_bbp_anonymous_reply_count":0,"_bbp_topic_count_hidden":0,"_bbp_reply_count_hidden":0,"_bbp_forum_subforum_count":0,"site-sidebar-layout":"default","site-content-layout":"","ast-site-content-layout":"","site-content-style":"default","site-sidebar-style":"default","ast-global-header-display":"","ast-banner-title-visibility":"","ast-main-header-display":"","ast-hfb-above-header-display":"","ast-hfb-below-header-display":"","ast-hfb-mobile-header-display":"","site-post-title":"","ast-breadcrumbs-content":"","ast-featured-img":"","footer-sml-layout":"","theme-transparent-header-meta":"","adv-header-id-meta":"","stick-header-meta":"","header-above-stick-meta":"","header-main-stick-meta":"","header-below-stick-meta":"","astra-migrate-meta-layouts":"default","ast-page-background-enabled":"default","ast-page-background-meta":{"desktop":{"background-color":"var(--ast-global-color-4)","background-image":"","background-repeat":"repeat","background-position":"center center","background-size":"auto","background-attachment":"scroll","background-type":"","background-media":"","overlay-type":"","overlay-color":"","overlay-opacity":"","overlay-gradient":""},"tablet":{"background-color":"","background-image":"","background-repeat":"repeat","background-position":"center center","background-size":"auto","background-attachment":"scroll","background-type":"","background-media":"","overlay-type":"","overlay-color":"","overlay-opacity":"","overlay-gradient":""},"mobile":{"background-color":"","background-image":"","background-repeat":"repeat","background-position":"center center","background-size":"auto","background-attachment":"scroll","background-type":"","background-media":"","overlay-type":"","overlay-color":"","overlay-opacity":"","overlay-gradient":""}},"ast-content-background-meta":{"desktop":{"background-color":"var(--ast-global-color-5)","background-image":"","background-repeat":"repeat","background-position":"center center","background-size":"auto","background-attachment":"scroll","background-type":"","background-media":"","overlay-type":"","overlay-color":"","overlay-opacity":"","overlay-gradient":""},"tablet":{"background-color":"var(--ast-global-color-5)","background-image":"","background-repeat":"repeat","background-position":"center center","background-size":"auto","background-attachment":"scroll","background-type":"","background-media":"","overlay-type":"","overlay-color":"","overlay-opacity":"","overlay-gradient":""},"mobile":{"background-color":"var(--ast-global-color-5)","background-image":"","background-repeat":"repeat","background-position":"center center","background-size":"auto","background-attachment":"scroll","background-type":"","background-media":"","overlay-type":"","overlay-color":"","overlay-opacity":"","overlay-gradient":""}},"footnotes":""},"categories":[63,98,97,4],"tags":[101,140,141,138],"class_list":["post-5313","post","type-post","status-publish","format-standard","has-post-thumbnail","hentry","category-activescola","category-cg","category-cm-portada","category-portada","tag-comunitat-de-grans","tag-escola","tag-festes","tag-primaria"],"post_mailing_queue_ids":[],"_links":{"self":[{"href":"https:\/\/agora.xtec.cat\/ceip-joma\/wp-json\/wp\/v2\/posts\/5313","targetHints":{"allow":["GET"]}}],"collection":[{"href":"https:\/\/agora.xtec.cat\/ceip-joma\/wp-json\/wp\/v2\/posts"}],"about":[{"href":"https:\/\/agora.xtec.cat\/ceip-joma\/wp-json\/wp\/v2\/types\/post"}],"author":[{"embeddable":true,"href":"https:\/\/agora.xtec.cat\/ceip-joma\/wp-json\/wp\/v2\/users\/33"}],"replies":[{"embeddable":true,"href":"https:\/\/agora.xtec.cat\/ceip-joma\/wp-json\/wp\/v2\/comments?post=5313"}],"version-history":[{"count":3,"href":"https:\/\/agora.xtec.cat\/ceip-joma\/wp-json\/wp\/v2\/posts\/5313\/revisions"}],"predecessor-version":[{"id":5341,"href":"https:\/\/agora.xtec.cat\/ceip-joma\/wp-json\/wp\/v2\/posts\/5313\/revisions\/5341"}],"wp:featuredmedia":[{"embeddable":true,"href":"https:\/\/agora.xtec.cat\/ceip-joma\/wp-json\/wp\/v2\/media\/5340"}],"wp:attachment":[{"href":"https:\/\/agora.xtec.cat\/ceip-joma\/wp-json\/wp\/v2\/media?parent=5313"}],"wp:term":[{"taxonomy":"category","embeddable":true,"href":"https:\/\/agora.xtec.cat\/ceip-joma\/wp-json\/wp\/v2\/categories?post=5313"},{"taxonomy":"post_tag","embeddable":true,"href":"https:\/\/agora.xtec.cat\/ceip-joma\/wp-json\/wp\/v2\/tags?post=5313"}],"curies":[{"name":"wp","href":"https:\/\/api.w.org\/{rel}","templated":true}]}}