{"id":5294,"date":"2024-11-29T11:14:20","date_gmt":"2024-11-29T10:14:20","guid":{"rendered":"https:\/\/agora.xtec.cat\/ceip-joma\/?p=5294"},"modified":"2024-11-29T11:18:39","modified_gmt":"2024-11-29T10:18:39","slug":"sortida-al-teatre-de-la-comunitat-de-petites-i-petits-2","status":"publish","type":"post","link":"https:\/\/agora.xtec.cat\/ceip-joma\/antiga-general\/sortida-al-teatre-de-la-comunitat-de-petites-i-petits-2\/","title":{"rendered":"SORTIDA AL TEATRE DE LA COMUNITAT DE PETITES I PETITS"},"content":{"rendered":"<p><a href=\"https:\/\/agora.xtec.cat\/ceip-joma\/wp-content\/uploads\/usu1530\/2024\/11\/teatre-scaled.jpg\"><img loading=\"lazy\" decoding=\"async\" class=\"alignnone size-large wp-image-5297\" src=\"https:\/\/agora.xtec.cat\/ceip-joma\/wp-content\/uploads\/usu1530\/2024\/11\/teatre-1024x648.jpg\" alt=\"\" width=\"1024\" height=\"648\" srcset=\"https:\/\/agora.xtec.cat\/ceip-joma\/wp-content\/uploads\/usu1530\/2024\/11\/teatre-1024x648.jpg 1024w, https:\/\/agora.xtec.cat\/ceip-joma\/wp-content\/uploads\/usu1530\/2024\/11\/teatre-300x190.jpg 300w, https:\/\/agora.xtec.cat\/ceip-joma\/wp-content\/uploads\/usu1530\/2024\/11\/teatre-768x486.jpg 768w, https:\/\/agora.xtec.cat\/ceip-joma\/wp-content\/uploads\/usu1530\/2024\/11\/teatre-1536x972.jpg 1536w, https:\/\/agora.xtec.cat\/ceip-joma\/wp-content\/uploads\/usu1530\/2024\/11\/teatre-2048x1297.jpg 2048w\" sizes=\"auto, (max-width: 1024px) 100vw, 1024px\" \/><span style=\"color: #000000\">Aquest dimecres, la Comunit<\/span><\/a><span style=\"color: #000000\">a<\/span>t de petites i petits, vam realitzar la nostra primera sortida fora de l&#8217;entorn escolar. Vam agafar el tren i vam anar cap a Vilanova del Cam\u00ed a veure una obra de teatre titulada &#8220;Sotabosc&#8221;.<!--more--><\/p>\n<p>Vam poder gaudir dels diferents sons del bosc i els elements que l&#8217;envolten mitjan\u00e7ant l&#8217;art i el ritme de la veu. Un espectacle sensorial que ens va deixar bocabadats.<\/p>\n<p>Ens ho vam passar d&#8217;all\u00f2 m\u00e9s b\u00e9! Aqu\u00ed us deixem unes <a href=\"https:\/\/photos.app.goo.gl\/tR8GAVpgknzjdyXLA\">fotografies<\/a>.<\/p>\n<p>&nbsp;<\/p>\n","protected":false},"excerpt":{"rendered":"<p>Aquest dimecres, la Comunitat de petites i petits, vam realitzar la nostra primera sortida fora de l&#8217;entorn escolar. Vam agafar el tren i vam anar cap a Vilanova del Cam\u00ed a veure una obra de teatre titulada &#8220;Sotabosc&#8221;.<\/p>\n","protected":false},"author":23,"featured_media":0,"comment_status":"open","ping_status":"closed","sticky":false,"template":"","format":"standard","meta":{"_bbp_topic_count":0,"_bbp_reply_count":0,"_bbp_total_topic_count":0,"_bbp_total_reply_count":0,"_bbp_voice_count":0,"_bbp_anonymous_reply_count":0,"_bbp_topic_count_hidden":0,"_bbp_reply_count_hidden":0,"_bbp_forum_subforum_count":0,"site-sidebar-layout":"default","site-content-layout":"","ast-site-content-layout":"","site-content-style":"default","site-sidebar-style":"default","ast-global-header-display":"","ast-banner-title-visibility":"","ast-main-header-display":"","ast-hfb-above-header-display":"","ast-hfb-below-header-display":"","ast-hfb-mobile-header-display":"","site-post-title":"","ast-breadcrumbs-content":"","ast-featured-img":"","footer-sml-layout":"","theme-transparent-header-meta":"","adv-header-id-meta":"","stick-header-meta":"","header-above-stick-meta":"","header-main-stick-meta":"","header-below-stick-meta":"","astra-migrate-meta-layouts":"default","ast-page-background-enabled":"default","ast-page-background-meta":{"desktop":{"background-color":"var(--ast-global-color-4)","background-image":"","background-repeat":"repeat","background-position":"center center","background-size":"auto","background-attachment":"scroll","background-type":"","background-media":"","overlay-type":"","overlay-color":"","overlay-opacity":"","overlay-gradient":""},"tablet":{"background-color":"","background-image":"","background-repeat":"repeat","background-position":"center center","background-size":"auto","background-attachment":"scroll","background-type":"","background-media":"","overlay-type":"","overlay-color":"","overlay-opacity":"","overlay-gradient":""},"mobile":{"background-color":"","background-image":"","background-repeat":"repeat","background-position":"center center","background-size":"auto","background-attachment":"scroll","background-type":"","background-media":"","overlay-type":"","overlay-color":"","overlay-opacity":"","overlay-gradient":""}},"ast-content-background-meta":{"desktop":{"background-color":"var(--ast-global-color-5)","background-image":"","background-repeat":"repeat","background-position":"center center","background-size":"auto","background-attachment":"scroll","background-type":"","background-media":"","overlay-type":"","overlay-color":"","overlay-opacity":"","overlay-gradient":""},"tablet":{"background-color":"var(--ast-global-color-5)","background-image":"","background-repeat":"repeat","background-position":"center center","background-size":"auto","background-attachment":"scroll","background-type":"","background-media":"","overlay-type":"","overlay-color":"","overlay-opacity":"","overlay-gradient":""},"mobile":{"background-color":"var(--ast-global-color-5)","background-image":"","background-repeat":"repeat","background-position":"center center","background-size":"auto","background-attachment":"scroll","background-type":"","background-media":"","overlay-type":"","overlay-color":"","overlay-opacity":"","overlay-gradient":""}},"footnotes":""},"categories":[1,4],"tags":[161],"class_list":["post-5294","post","type-post","status-publish","format-standard","hentry","category-antiga-general","category-portada","tag-teatre-infantil"],"post_mailing_queue_ids":[],"_links":{"self":[{"href":"https:\/\/agora.xtec.cat\/ceip-joma\/wp-json\/wp\/v2\/posts\/5294","targetHints":{"allow":["GET"]}}],"collection":[{"href":"https:\/\/agora.xtec.cat\/ceip-joma\/wp-json\/wp\/v2\/posts"}],"about":[{"href":"https:\/\/agora.xtec.cat\/ceip-joma\/wp-json\/wp\/v2\/types\/post"}],"author":[{"embeddable":true,"href":"https:\/\/agora.xtec.cat\/ceip-joma\/wp-json\/wp\/v2\/users\/23"}],"replies":[{"embeddable":true,"href":"https:\/\/agora.xtec.cat\/ceip-joma\/wp-json\/wp\/v2\/comments?post=5294"}],"version-history":[{"count":6,"href":"https:\/\/agora.xtec.cat\/ceip-joma\/wp-json\/wp\/v2\/posts\/5294\/revisions"}],"predecessor-version":[{"id":5352,"href":"https:\/\/agora.xtec.cat\/ceip-joma\/wp-json\/wp\/v2\/posts\/5294\/revisions\/5352"}],"wp:attachment":[{"href":"https:\/\/agora.xtec.cat\/ceip-joma\/wp-json\/wp\/v2\/media?parent=5294"}],"wp:term":[{"taxonomy":"category","embeddable":true,"href":"https:\/\/agora.xtec.cat\/ceip-joma\/wp-json\/wp\/v2\/categories?post=5294"},{"taxonomy":"post_tag","embeddable":true,"href":"https:\/\/agora.xtec.cat\/ceip-joma\/wp-json\/wp\/v2\/tags?post=5294"}],"curies":[{"name":"wp","href":"https:\/\/api.w.org\/{rel}","templated":true}]}}