{"id":5183,"date":"2024-10-15T19:46:48","date_gmt":"2024-10-15T17:46:48","guid":{"rendered":"https:\/\/agora.xtec.cat\/ceip-joma\/?p=5183"},"modified":"2024-10-15T19:46:48","modified_gmt":"2024-10-15T17:46:48","slug":"colonies-al-bergueda","status":"publish","type":"post","link":"https:\/\/agora.xtec.cat\/ceip-joma\/portada\/colonies-al-bergueda\/","title":{"rendered":"COL\u00d2NIES AL BERGUED\u00c0"},"content":{"rendered":"<p align=\"justify\">El 2 d&#8217;octubre va ser un dia molt especial per a l&#8217;escola Josep Masclans, i \u00e9s que era el dia que comen\u00e7aven les nostres col\u00f2nies!<\/p>\n<p align=\"justify\">Ens vam llevar ben nerviosos i amb la motxilla ben plena de roba i d&#8217;expectatives. Vam pujar a l&#8217;autocar davant l&#8217;atenta mirada de les fam\u00edlies que ens deien ad\u00e9u. Se&#8217;ls veia ben contents de perdre&#8217;ns de vista durant 3 dies i a nosaltres tamb\u00e9 ens agradava la idea.<\/p>\n<p align=\"justify\">Vam marxar 54 alumnes de tots els cursos de prim\u00e0ria de 1r a 6\u00e8 acompanyats per 5 mestres.<\/p>\n<p align=\"justify\">A dos quarts d&#8217;onze arrib\u00e0vem al Parc de l&#8217;Agulla de Manresa on vam esmorzar i tenir temps de jugar una estoneta. I despr\u00e9s de creuar part de la comarca de l&#8217;Anoia i del Bages arrib\u00e0vem finalment al Bergued\u00e0, concretament a la localitat de Vilada, a la casa de col\u00f2nies de Cal Candi, un restaurant molt conegut de la zona.<\/p>\n<p align=\"justify\">All\u00e0 ens esperaven amb els bra\u00e7os oberts, eren la primera escola que hi tenien aquests curs, i ens van presentar tots el monitors i monitores. Vam dinar, al ser un restaurant tots els \u00e0pats eren bon\u00edssims.<\/p>\n<p align=\"justify\">Vam procedir a desfer les nostres motxilles per tenir el sac de dormir, el pijama i el necesser ben a punt, repartits en les habitacions pr\u00e8viament dissenyades i sense perdre un minut vam anar a fer una activitat amb els monitors, aquella tarda, cap a les 7 va comen\u00e7ar a ploure i no ho va deixar de fer durant tota la nit, \u00e9s per aix\u00f2 que aquell vespre vam fer la disco que era a l&#8217;interior. I despr\u00e9s d&#8217;un bon sopar i unes ballaruques ens vam adormir de seguida i a dos quarts de dotze no se sentia ning\u00fa.<\/p>\n<p align=\"justify\">L&#8217;endem\u00e0 es vam llevar amb un sol que espetegava, un dia preci\u00f3s en un entorn preci\u00f3s, des de la balconada de la casa es podia gaudir d&#8217;un paisatge id\u00edl\u00b7lic al voltant del pant\u00e0 de la Baells, despr\u00e9s d&#8217;esmorzar vam fer dos torns d&#8217;activitats, separats per comunitats, les del mat\u00ed i les de la tarda. Ja ens moviem per l&#8217;entorn de la casa com peix a l&#8217;aigua, tot jugant a futbol, al parc, als camps&#8230;<\/p>\n<p align=\"justify\">Va arribar l&#8217;hora de sopar i despr\u00e9s, tots plegats, equipats amb els nostres lots vam fer un joc de nit, el del passaport, i a l&#8217;acabar, altra vegada est\u00e0vem tant fets pols que ens vam adormir nom\u00e9s caure al coix\u00ed.<\/p>\n<p align=\"justify\">Algunes de les activitats que vam fer son: H\u00edpica, Roc\u00f2drom, Tir amb arc, Passeig fluvial, Taller de bolets, Cursa d&#8217;Orientaci\u00f3, badminton&#8230;<\/p>\n<p align=\"justify\">L&#8217;endem\u00e0 va tocar muntar la maleta abans d&#8217;esmorzar i fer la darrera activitat, i el moment m\u00e9s trist va arribar a l&#8217;adonar-se que era l&#8217;\u00faltim dinar, acomiadar-se de la casa i dels monitors i monitores i cap a l&#8217;autocar amb la sensaci\u00f3 d&#8217;haver passat 3 dies fant\u00e0stics amb els companys de l&#8217;escola.<\/p>\n<p align=\"justify\">Una bona migdiada i ja erem altre cop a Vallbona d&#8217;Anoia, amb la maleta ben plena de bones records i exper\u00e8ncies.<\/p>\n<p align=\"justify\">Cal felicitar a tothom pel seu comportament i la seva actitud. Ja tenim ganes de que arribin les col\u00f2nies del curs que ve.<\/p>\n<p align=\"justify\">Aqu\u00ed teniu les\u00a0<a href=\"https:\/\/photos.app.goo.gl\/8aYqXmhouAZqy5fS9\">FOTOGRAFIES I V\u00cdDEOS<\/a><\/p>\n","protected":false},"excerpt":{"rendered":"<p>El 2 d&#8217;octubre va ser un dia molt especial per a l&#8217;escola Josep Masclans, i \u00e9s que era el dia que comen\u00e7aven les nostres col\u00f2nies! Ens vam llevar ben nerviosos i amb la motxilla ben plena de roba i d&#8217;expectatives. Vam pujar a l&#8217;autocar davant l&#8217;atenta mirada de les fam\u00edlies que ens deien ad\u00e9u. Se&#8217;ls [&hellip;]<\/p>\n","protected":false},"author":8,"featured_media":5199,"comment_status":"open","ping_status":"closed","sticky":false,"template":"","format":"standard","meta":{"_bbp_topic_count":0,"_bbp_reply_count":0,"_bbp_total_topic_count":0,"_bbp_total_reply_count":0,"_bbp_voice_count":0,"_bbp_anonymous_reply_count":0,"_bbp_topic_count_hidden":0,"_bbp_reply_count_hidden":0,"_bbp_forum_subforum_count":0,"site-sidebar-layout":"default","site-content-layout":"","ast-site-content-layout":"","site-content-style":"default","site-sidebar-style":"default","ast-global-header-display":"","ast-banner-title-visibility":"","ast-main-header-display":"","ast-hfb-above-header-display":"","ast-hfb-below-header-display":"","ast-hfb-mobile-header-display":"","site-post-title":"","ast-breadcrumbs-content":"","ast-featured-img":"","footer-sml-layout":"","theme-transparent-header-meta":"","adv-header-id-meta":"","stick-header-meta":"","header-above-stick-meta":"","header-main-stick-meta":"","header-below-stick-meta":"","astra-migrate-meta-layouts":"default","ast-page-background-enabled":"default","ast-page-background-meta":{"desktop":{"background-color":"var(--ast-global-color-4)","background-image":"","background-repeat":"repeat","background-position":"center center","background-size":"auto","background-attachment":"scroll","background-type":"","background-media":"","overlay-type":"","overlay-color":"","overlay-opacity":"","overlay-gradient":""},"tablet":{"background-color":"","background-image":"","background-repeat":"repeat","background-position":"center center","background-size":"auto","background-attachment":"scroll","background-type":"","background-media":"","overlay-type":"","overlay-color":"","overlay-opacity":"","overlay-gradient":""},"mobile":{"background-color":"","background-image":"","background-repeat":"repeat","background-position":"center center","background-size":"auto","background-attachment":"scroll","background-type":"","background-media":"","overlay-type":"","overlay-color":"","overlay-opacity":"","overlay-gradient":""}},"ast-content-background-meta":{"desktop":{"background-color":"var(--ast-global-color-5)","background-image":"","background-repeat":"repeat","background-position":"center center","background-size":"auto","background-attachment":"scroll","background-type":"","background-media":"","overlay-type":"","overlay-color":"","overlay-opacity":"","overlay-gradient":""},"tablet":{"background-color":"var(--ast-global-color-5)","background-image":"","background-repeat":"repeat","background-position":"center center","background-size":"auto","background-attachment":"scroll","background-type":"","background-media":"","overlay-type":"","overlay-color":"","overlay-opacity":"","overlay-gradient":""},"mobile":{"background-color":"var(--ast-global-color-5)","background-image":"","background-repeat":"repeat","background-position":"center center","background-size":"auto","background-attachment":"scroll","background-type":"","background-media":"","overlay-type":"","overlay-color":"","overlay-opacity":"","overlay-gradient":""}},"footnotes":""},"categories":[98,97,4],"tags":[],"class_list":["post-5183","post","type-post","status-publish","format-standard","has-post-thumbnail","hentry","category-cg","category-cm-portada","category-portada"],"post_mailing_queue_ids":[],"_links":{"self":[{"href":"https:\/\/agora.xtec.cat\/ceip-joma\/wp-json\/wp\/v2\/posts\/5183","targetHints":{"allow":["GET"]}}],"collection":[{"href":"https:\/\/agora.xtec.cat\/ceip-joma\/wp-json\/wp\/v2\/posts"}],"about":[{"href":"https:\/\/agora.xtec.cat\/ceip-joma\/wp-json\/wp\/v2\/types\/post"}],"author":[{"embeddable":true,"href":"https:\/\/agora.xtec.cat\/ceip-joma\/wp-json\/wp\/v2\/users\/8"}],"replies":[{"embeddable":true,"href":"https:\/\/agora.xtec.cat\/ceip-joma\/wp-json\/wp\/v2\/comments?post=5183"}],"version-history":[{"count":2,"href":"https:\/\/agora.xtec.cat\/ceip-joma\/wp-json\/wp\/v2\/posts\/5183\/revisions"}],"predecessor-version":[{"id":5200,"href":"https:\/\/agora.xtec.cat\/ceip-joma\/wp-json\/wp\/v2\/posts\/5183\/revisions\/5200"}],"wp:featuredmedia":[{"embeddable":true,"href":"https:\/\/agora.xtec.cat\/ceip-joma\/wp-json\/wp\/v2\/media\/5199"}],"wp:attachment":[{"href":"https:\/\/agora.xtec.cat\/ceip-joma\/wp-json\/wp\/v2\/media?parent=5183"}],"wp:term":[{"taxonomy":"category","embeddable":true,"href":"https:\/\/agora.xtec.cat\/ceip-joma\/wp-json\/wp\/v2\/categories?post=5183"},{"taxonomy":"post_tag","embeddable":true,"href":"https:\/\/agora.xtec.cat\/ceip-joma\/wp-json\/wp\/v2\/tags?post=5183"}],"curies":[{"name":"wp","href":"https:\/\/api.w.org\/{rel}","templated":true}]}}